{"id":5612,"date":"2025-06-10T19:46:05","date_gmt":"2025-06-10T17:46:05","guid":{"rendered":"https:\/\/bibliotheque-sfpe-at.com\/?p=5612"},"modified":"2025-06-11T11:43:50","modified_gmt":"2025-06-11T09:43:50","slug":"une-drole-dexpedition-historique-demarches","status":"publish","type":"post","link":"https:\/\/bibliotheque-sfpe-at.com\/index.php\/2025\/06\/10\/une-drole-dexpedition-historique-demarches\/","title":{"rendered":"Une dr\u00f4le d\u2019exp\u00e9dition. Historique, d\u00e9marches"},"content":{"rendered":"\n<div class=\"wp-block-columns is-layout-flex wp-container-core-columns-is-layout-28f84493 wp-block-columns-is-layout-flex\">\n<div class=\"wp-block-column is-layout-flow wp-block-column-is-layout-flow\" style=\"flex-basis:66.66%\">\n<p class=\"has-text-align-left\"><\/p>\n\n\n\n<p>Directeur d&rsquo;une Compagnie Th\u00e9\u00e2trale qui fut initiatrice, il y a 20 ans. de la d\u00e9centralisation th\u00e9\u00e2trale en p\u00e9riph\u00e9rie parisienne, directeur d&rsquo;un th\u00e9\u00e2tre dans une ville de la banlieue sud de Paris, j&rsquo;ai toujours \u0153uvr\u00e9 dans le sens de la recherche d&rsquo;un public qui soit le plus authentique possible. Apr\u00e8s m&rsquo;\u00eatre consacr\u00e9 particuli\u00e8rement au public populaire, j&rsquo;ai \u00e9t\u00e9 amen\u00e9 \u00e0 consid\u00e9rer que ce public \u00e9tait lui-m\u00eame trop impressionn\u00e9 par les ph\u00e9nom\u00e8nes de notre soci\u00e9t\u00e9 bourgeoise pour avoir une authenticit\u00e9 suffisante pour nous, gens de th\u00e9\u00e2tre. Partant de l\u00e0, je cherchai un public qui puisse mieux me satisfaire sans pour autant d\u00e9daigner l\u2019autre. Le public jeune me sembla plus vrai, ayant historiquement raison par rapport \u00e0 mon public habituel.<br>C&rsquo;est ainsi que depuis une dizaine d&rsquo;ann\u00e9es, en relation avec des enseignants, nous r\u00e9alisons des spectacles plus sp\u00e9cifiquement pour le public scolaire.<br>Je rencontrai dans cette nouvelle orientation un peu le m\u00eame inconv\u00e9nient que je rencontrais avec le public populaire adulte. Cette constatation m&rsquo;amena vers un public encore plus jeune, et ainsi je me trouvai dans les sph\u00e8res qui me permirent la r\u00e9alisation faisant l&rsquo;objet de ce propos.<br>Sur les plans artistique, culturel et je dirai m\u00eame esth\u00e9tique, dans la perp\u00e9tuelle recherche de l&rsquo;authenticit\u00e9 qui me semble \u00eatre une forme de v\u00e9rit\u00e9, j&rsquo;ai toujours travaill\u00e9 avec mes collaborateurs en rejetant tout conventionnalisme th\u00e9\u00e2tral.<\/p>\n\n\n\n<p class=\"has-text-align-left\"><\/p>\n\n\n\n<p class=\"has-text-align-left\"><\/p>\n\n\n\n<p class=\"has-text-color has-link-color wp-elements-0c5dd61414d2cb4c88e3596780dedeb0\" style=\"color:#2753a5\"><strong><em>Pour lire le texte complet <a href=\"\/index.php\/options-dinscription\/\"><mark style=\"background-color:rgba(0, 0, 0, 0)\" class=\"has-inline-color has-vivid-cyan-blue-color\">s&rsquo;inscrire<\/mark><\/a> ou <a href=\"\/index.php\/my-account\/edit-account\/\"><mark style=\"background-color:rgba(0, 0, 0, 0)\" class=\"has-inline-color has-vivid-cyan-blue-color\">se connecter<\/mark><\/a><\/em><\/strong><\/p>\n\n\n\n\n\n<div style=\"height:100px\" aria-hidden=\"true\" class=\"wp-block-spacer\"><\/div>\n\n\n\n<div class=\"wp-block-buttons is-content-justification-center is-layout-flex wp-container-core-buttons-is-layout-a89b3969 wp-block-buttons-is-layout-flex\">\n<div class=\"wp-block-button is-style-fill\"><a class=\"wp-block-button__link has-vivid-red-background-color has-background has-small-font-size has-custom-font-size wp-element-button\" href=\"\/index.php\/2025\/06\/10\/1973-expression-et-signe-no-2\/\">&lt;&#8211;retour<\/a><\/div>\n<\/div>\n<\/div>\n\n\n\n<div class=\"wp-block-column is-layout-flow wp-block-column-is-layout-flow\" style=\"flex-basis:33.33%\">\n<figure class=\"wp-block-table\"><table class=\"has-background\" style=\"background-color:#f8f2f2\"><thead><tr><th><mark class=\"has-inline-color has-vivid-red-color\" style=\"background-color: rgba(0, 0, 0, 0);\"><strong>Auteur<\/strong><\/mark><\/th><\/tr><\/thead><tbody><tr><td><strong>Sarthou Jacques<\/strong><\/td><\/tr><\/tbody><\/table><\/figure>\n\n\n\n<figure class=\"wp-block-table\"><table><thead><tr><th><mark class=\"has-inline-color has-vivid-red-color\" style=\"background-color: rgba(0, 0, 0, 0);\"><strong>R\u00e9f\u00e9rence<\/strong><\/mark><\/th><\/tr><\/thead><tbody><tr><td><strong>RR19732-04<\/strong><br>Expression et Signe, n\u00b02, 1973<\/td><\/tr><\/tbody><\/table><\/figure>\n\n\n\n<figure class=\"wp-block-table\"><table><thead><tr><th><mark class=\"has-inline-color has-vivid-red-color\" style=\"background-color: rgba(0, 0, 0, 0);\"><strong>Cat\u00e9gories<\/strong><\/mark><\/th><\/tr><\/thead><tbody><tr><td>Mus\u00e9es, expositions, spectacles<br>Th\u00e9\u00e2tre<br>Enfance<br>Dispositif de m\u00e9diation<br>\u00c9valuation<\/td><\/tr><\/tbody><\/table><\/figure>\n<\/div>\n<\/div>\n\n\n\n<p><\/p>\n","protected":false},"excerpt":{"rendered":"<p>Directeur d&rsquo;une Compagnie Th\u00e9\u00e2trale qui fut initiatrice, il y a 20 ans. de la d\u00e9centralisation th\u00e9\u00e2trale en p\u00e9riph\u00e9rie parisienne, directeur d&rsquo;un th\u00e9\u00e2tre dans une ville de la banlieue sud de Paris, j&rsquo;ai toujours \u0153uvr\u00e9 dans le sens de la recherche d&rsquo;un public qui soit le plus authentique possible. Apr\u00e8s m&rsquo;\u00eatre&hellip;<\/p>\n","protected":false},"author":2,"featured_media":0,"comment_status":"closed","ping_status":"open","sticky":false,"template":"","format":"standard","meta":{"pmpro_default_level":"","ngg_post_thumbnail":0,"footnotes":""},"categories":[1050],"tags":[505,549,561,1046,571,1067,504],"class_list":["post-5612","post","type-post","status-publish","format-standard","hentry","category-sarthou-jacques","tag-dispositif-de-mediation","tag-enfance","tag-evaluation","tag-expression-et-signe-1973-no2","tag-musees-expositions-spectacles","tag-rr19732-04","tag-theatre","pmpro-has-access"],"_links":{"self":[{"href":"https:\/\/bibliotheque-sfpe-at.com\/index.php\/wp-json\/wp\/v2\/posts\/5612","targetHints":{"allow":["GET"]}}],"collection":[{"href":"https:\/\/bibliotheque-sfpe-at.com\/index.php\/wp-json\/wp\/v2\/posts"}],"about":[{"href":"https:\/\/bibliotheque-sfpe-at.com\/index.php\/wp-json\/wp\/v2\/types\/post"}],"author":[{"embeddable":true,"href":"https:\/\/bibliotheque-sfpe-at.com\/index.php\/wp-json\/wp\/v2\/users\/2"}],"replies":[{"embeddable":true,"href":"https:\/\/bibliotheque-sfpe-at.com\/index.php\/wp-json\/wp\/v2\/comments?post=5612"}],"version-history":[{"count":1,"href":"https:\/\/bibliotheque-sfpe-at.com\/index.php\/wp-json\/wp\/v2\/posts\/5612\/revisions"}],"predecessor-version":[{"id":5617,"href":"https:\/\/bibliotheque-sfpe-at.com\/index.php\/wp-json\/wp\/v2\/posts\/5612\/revisions\/5617"}],"wp:attachment":[{"href":"https:\/\/bibliotheque-sfpe-at.com\/index.php\/wp-json\/wp\/v2\/media?parent=5612"}],"wp:term":[{"taxonomy":"category","embeddable":true,"href":"https:\/\/bibliotheque-sfpe-at.com\/index.php\/wp-json\/wp\/v2\/categories?post=5612"},{"taxonomy":"post_tag","embeddable":true,"href":"https:\/\/bibliotheque-sfpe-at.com\/index.php\/wp-json\/wp\/v2\/tags?post=5612"}],"curies":[{"name":"wp","href":"https:\/\/api.w.org\/{rel}","templated":true}]}}