{"id":5620,"date":"2025-06-10T19:58:43","date_gmt":"2025-06-10T17:58:43","guid":{"rendered":"https:\/\/bibliotheque-sfpe-at.com\/?p=5620"},"modified":"2025-06-24T22:29:09","modified_gmt":"2025-06-24T20:29:09","slug":"table-ronde-la-creativite-de-groupe-denfants","status":"publish","type":"post","link":"https:\/\/bibliotheque-sfpe-at.com\/index.php\/2025\/06\/10\/table-ronde-la-creativite-de-groupe-denfants\/","title":{"rendered":"Table ronde. La cr\u00e9ativit\u00e9 de groupe d&rsquo;enfants"},"content":{"rendered":"\n<p><strong>R\u00f4le \u00e9ducatif et th\u00e9rapeutique<\/strong><\/p>\n\n\n\n<div class=\"wp-block-columns is-layout-flex wp-container-core-columns-is-layout-28f84493 wp-block-columns-is-layout-flex\">\n<div class=\"wp-block-column is-layout-flow wp-block-column-is-layout-flow\" style=\"flex-basis:66.66%\">\n<p class=\"has-text-align-left\"><\/p>\n\n\n\n<p>J&rsquo;aurais voulu aller bien plus avant dans l&rsquo;\u00e9tude de l&rsquo;exp\u00e9rience de Monsieur Sarthou et de ses collaborateurs. Mais, auparavant, il faudrait pouvoir partager le v\u00e9cu qui a \u00e9t\u00e9 le leur dans l\u2019\u00e9volution des faits.<br>Je voudrais simplement, dans ces quelques lignes, faire part de certaines r\u00e9flexions.<br>Inviter des enfants \u00e0 exprimer leurs fantasmes est le r\u00f4le th\u00e9rapeutique des praticiens de la relation, de ceux dont le m\u00e9tier est de r\u00e9pondre \u00e0 une demande d&rsquo;aide.<br>La P\u00e9dagogie (au sens institutionnel du terme) s&rsquo;est souvent pench\u00e9e, et le fait encore, sur le droit qu&rsquo;elle a de laisser l&rsquo;enfant exprimer son message sans le frein rationnel de la pens\u00e9e adulte.<br>La probl\u00e9matique p\u00e9dagogique oscille ainsi entre un laisser-faire qui risque de devenir un laisser-aller, et une certaine rigueur qui peut devenir une certaine rigidit\u00e9.<br>La premi\u00e8re question est de se demander si l&rsquo;exp\u00e9rience de Monsieur Sarthou est une p\u00e9dagogie qui a su concilier le message fantasmatique de l&rsquo;enfant, ou s&rsquo;il s\u2019agit, hors les murs de l&rsquo;\u00e9cole, d&rsquo;une exp\u00e9rience o\u00f9 l&rsquo;orientation th\u00e9rapeutique est dominante, pour ne pas dire exclusive.<\/p>\n\n\n\n<p class=\"has-text-align-left\"><\/p>\n\n\n\n<p class=\"has-text-align-left\"><\/p>\n\n\n\n<p class=\"has-text-color has-link-color wp-elements-0c5dd61414d2cb4c88e3596780dedeb0\" style=\"color:#2753a5\"><strong><em>Pour lire le texte complet <a href=\"\/index.php\/options-dinscription\/\"><mark style=\"background-color:rgba(0, 0, 0, 0)\" class=\"has-inline-color has-vivid-cyan-blue-color\">s&rsquo;inscrire<\/mark><\/a> ou <a href=\"\/index.php\/my-account\/edit-account\/\"><mark style=\"background-color:rgba(0, 0, 0, 0)\" class=\"has-inline-color has-vivid-cyan-blue-color\">se connecter<\/mark><\/a><\/em><\/strong><\/p>\n\n\n\n\n\n<div style=\"height:100px\" aria-hidden=\"true\" class=\"wp-block-spacer\"><\/div>\n\n\n\n<div class=\"wp-block-buttons is-content-justification-center is-layout-flex wp-container-core-buttons-is-layout-a89b3969 wp-block-buttons-is-layout-flex\">\n<div class=\"wp-block-button is-style-fill\"><a class=\"wp-block-button__link has-vivid-red-background-color has-background has-small-font-size has-custom-font-size wp-element-button\" href=\"\/index.php\/2025\/06\/10\/1973-expression-et-signe-no-2\/\">&lt;&#8211;retour<\/a><\/div>\n<\/div>\n<\/div>\n\n\n\n<div class=\"wp-block-column is-layout-flow wp-block-column-is-layout-flow\" style=\"flex-basis:33.33%\">\n<figure class=\"wp-block-table\"><table class=\"has-background\" style=\"background-color:#f8f2f2\"><thead><tr><th><mark class=\"has-inline-color has-vivid-red-color\" style=\"background-color: rgba(0, 0, 0, 0);\"><strong>Auteur<\/strong><\/mark><\/th><\/tr><\/thead><tbody><tr><td><strong>Claude Chassagny<\/strong><br><strong>Rey Anne-Fran\u00e7oise <br>Rist Marie<\/strong><\/td><\/tr><\/tbody><\/table><\/figure>\n\n\n\n<figure class=\"wp-block-table\"><table><thead><tr><th><mark class=\"has-inline-color has-vivid-red-color\" style=\"background-color: rgba(0, 0, 0, 0);\"><strong>R\u00e9f\u00e9rence<\/strong><\/mark><\/th><\/tr><\/thead><tbody><tr><td><strong>RR19732-06<\/strong><br>Expression et Signe, n\u00b02, 1973<\/td><\/tr><\/tbody><\/table><\/figure>\n\n\n\n<figure class=\"wp-block-table\"><table><thead><tr><th><mark class=\"has-inline-color has-vivid-red-color\" style=\"background-color: rgba(0, 0, 0, 0);\"><strong>Cat\u00e9gories<\/strong><\/mark><\/th><\/tr><\/thead><tbody><tr><td>Th\u00e9\u00e2tre<br>Enfance<br>\u00c9ducation<br>Mus\u00e9es expositions spectacles<br>Jeu<\/td><\/tr><\/tbody><\/table><\/figure>\n<\/div>\n<\/div>\n\n\n\n<p><\/p>\n","protected":false},"excerpt":{"rendered":"<p>R\u00f4le \u00e9ducatif et th\u00e9rapeutique J&rsquo;aurais voulu aller bien plus avant dans l&rsquo;\u00e9tude de l&rsquo;exp\u00e9rience de Monsieur Sarthou et de ses collaborateurs. Mais, auparavant, il faudrait pouvoir partager le v\u00e9cu qui a \u00e9t\u00e9 le leur dans l\u2019\u00e9volution des faits.Je voudrais simplement, dans ces quelques lignes, faire part de certaines r\u00e9flexions.Inviter des&hellip;<\/p>\n","protected":false},"author":2,"featured_media":0,"comment_status":"closed","ping_status":"open","sticky":false,"template":"","format":"standard","meta":{"pmpro_default_level":"","ngg_post_thumbnail":0,"footnotes":""},"categories":[1056,1204,1205],"tags":[831,549,1046,526,571,1069,504],"class_list":["post-5620","post","type-post","status-publish","format-standard","hentry","category-claude-chassagny","category-rey-anne-francoise","category-rist-marie","tag-education","tag-enfance","tag-expression-et-signe-1973-no2","tag-jeu","tag-musees-expositions-spectacles","tag-rr19732-06","tag-theatre","pmpro-has-access"],"_links":{"self":[{"href":"https:\/\/bibliotheque-sfpe-at.com\/index.php\/wp-json\/wp\/v2\/posts\/5620","targetHints":{"allow":["GET"]}}],"collection":[{"href":"https:\/\/bibliotheque-sfpe-at.com\/index.php\/wp-json\/wp\/v2\/posts"}],"about":[{"href":"https:\/\/bibliotheque-sfpe-at.com\/index.php\/wp-json\/wp\/v2\/types\/post"}],"author":[{"embeddable":true,"href":"https:\/\/bibliotheque-sfpe-at.com\/index.php\/wp-json\/wp\/v2\/users\/2"}],"replies":[{"embeddable":true,"href":"https:\/\/bibliotheque-sfpe-at.com\/index.php\/wp-json\/wp\/v2\/comments?post=5620"}],"version-history":[{"count":3,"href":"https:\/\/bibliotheque-sfpe-at.com\/index.php\/wp-json\/wp\/v2\/posts\/5620\/revisions"}],"predecessor-version":[{"id":5822,"href":"https:\/\/bibliotheque-sfpe-at.com\/index.php\/wp-json\/wp\/v2\/posts\/5620\/revisions\/5822"}],"wp:attachment":[{"href":"https:\/\/bibliotheque-sfpe-at.com\/index.php\/wp-json\/wp\/v2\/media?parent=5620"}],"wp:term":[{"taxonomy":"category","embeddable":true,"href":"https:\/\/bibliotheque-sfpe-at.com\/index.php\/wp-json\/wp\/v2\/categories?post=5620"},{"taxonomy":"post_tag","embeddable":true,"href":"https:\/\/bibliotheque-sfpe-at.com\/index.php\/wp-json\/wp\/v2\/tags?post=5620"}],"curies":[{"name":"wp","href":"https:\/\/api.w.org\/{rel}","templated":true}]}}