{"id":5628,"date":"2025-06-11T11:17:04","date_gmt":"2025-06-11T09:17:04","guid":{"rendered":"https:\/\/bibliotheque-sfpe-at.com\/?p=5628"},"modified":"2025-06-11T11:44:24","modified_gmt":"2025-06-11T09:44:24","slug":"10-films-films-strip-et-montage-de-diapositives-presentes-par-leurs-auteurs","status":"publish","type":"post","link":"https:\/\/bibliotheque-sfpe-at.com\/index.php\/2025\/06\/11\/10-films-films-strip-et-montage-de-diapositives-presentes-par-leurs-auteurs\/","title":{"rendered":"10 Films, films strip et montage de diapositives pr\u00e9sent\u00e9s par leurs auteurs"},"content":{"rendered":"\n<div class=\"wp-block-columns is-layout-flex wp-container-core-columns-is-layout-28f84493 wp-block-columns-is-layout-flex\">\n<div class=\"wp-block-column is-layout-flow wp-block-column-is-layout-flow\" style=\"flex-basis:66.66%\">\n<p class=\"has-text-align-left\"><\/p>\n\n\n\n<p>A l&rsquo;heure o\u00f9 les lessives et autres d\u00e9odorants ne se consomment plus qu&rsquo;\u00e0 coups d&rsquo;impacts audiovisuels, l&rsquo;enseignement ne fait encore que se distiller goutte \u00e0 goutte par ces m\u00e9thodes. Il en est deux raisons principales; l\u2019une, intellectuelle : l&rsquo;audiovisuel ne rempla\u00e7ant pas l&rsquo;\u00e9crit ne permettrait que des \u00e9tudes superficielles; l&rsquo;autre, mat\u00e9rielle : l&rsquo;audiovisuel co\u00fbte cher. Le premier reproche ne peut s&rsquo;adresser \u00e0 la diffusion des \u00e9tudes sur I&rsquo; \u00ab Expression \u00bb. leur sp\u00e9cificit\u00e9 \u00e9tant justement de tenter de suppl\u00e9er au manque de communication par le langage en cr\u00e9ant des liens plastiques, gestuels, etc. : l&rsquo;image est, de toute \u00e9vidence, le propos de ces recherches. Le second existe magistralement, mais il est peut-\u00eatre aussi mal pos\u00e9 : on voit toujours le probl\u00e8me mon\u00e9taire sous l&rsquo;angle \u00ab o\u00f9 trouver les fonds? \u00bb et presque jamais sous celui de la rentabilit\u00e9 des fonds utilis\u00e9s.<br>En ce qui concerne les films 35 et 16 mm \u00e0 projection classique, les associ\u00e9s th\u00e9rapeutiques naturels du m\u00e9decin, les laboratoires, permettent, m\u00eame aux sp\u00e9cialistes de l&rsquo;Expression \u2014 qui ne sont pas uniquement chimio-th\u00e9rapeutes \u2014 la r\u00e9alisation de films d&rsquo;enseignement de leurs m\u00e9thodes de recherche ou de traitement, ce dans une notion de prestige. Mais l&rsquo;efficience n&rsquo;est pas suffisante: les films ne sont pas assez vus malgr\u00e9 les pr\u00e9sentations organis\u00e9es par les firmes et l&rsquo;aimable pr\u00eat fait \u00e0 ceux (trop peu nombreux parce que non assez tenus au courant) qui le demandent \u00e0 leurs \u00ab repr\u00e9sentants \u00bb. Un dispatching central ne pourrait-il pas \u00e9largir les possibilit\u00e9s de vision, donc l\u2019int\u00e9r\u00eat des \u00abm\u00e9c\u00e8nes\u00bb, sans aucune ing\u00e9rence dans leur propos?<\/p>\n\n\n\n<p class=\"has-text-align-left\"><\/p>\n\n\n\n<p class=\"has-text-align-left\"><\/p>\n\n\n\n<p class=\"has-text-color has-link-color wp-elements-0c5dd61414d2cb4c88e3596780dedeb0\" style=\"color:#2753a5\"><strong><em>Pour lire le texte complet <a href=\"\/index.php\/options-dinscription\/\"><mark style=\"background-color:rgba(0, 0, 0, 0)\" class=\"has-inline-color has-vivid-cyan-blue-color\">s&rsquo;inscrire<\/mark><\/a> ou <a href=\"\/index.php\/my-account\/edit-account\/\"><mark style=\"background-color:rgba(0, 0, 0, 0)\" class=\"has-inline-color has-vivid-cyan-blue-color\">se connecter<\/mark><\/a><\/em><\/strong><\/p>\n\n\n\n\n\n<div style=\"height:100px\" aria-hidden=\"true\" class=\"wp-block-spacer\"><\/div>\n\n\n\n<div class=\"wp-block-buttons is-content-justification-center is-layout-flex wp-container-core-buttons-is-layout-a89b3969 wp-block-buttons-is-layout-flex\">\n<div class=\"wp-block-button is-style-fill\"><a class=\"wp-block-button__link has-vivid-red-background-color has-background has-small-font-size has-custom-font-size wp-element-button\" href=\"\/index.php\/2025\/06\/11\/1973-expression-et-signe-no-3\/\">&lt;&#8211;retour<\/a><\/div>\n<\/div>\n<\/div>\n\n\n\n<div class=\"wp-block-column is-layout-flow wp-block-column-is-layout-flow\" style=\"flex-basis:33.33%\">\n<figure class=\"wp-block-table\"><table class=\"has-background\" style=\"background-color:#f8f2f2\"><thead><tr><th><mark class=\"has-inline-color has-vivid-red-color\" style=\"background-color: rgba(0, 0, 0, 0);\"><strong>Auteur<\/strong><\/mark><\/th><\/tr><\/thead><tbody><tr><td><strong>Bobon Jean<br>Brauner Fran\u00e7oise<br>Brauner Alfred<br>Debruille J.P.<br>Sizaret Pierre<br>Wiart Claude<\/strong><\/td><\/tr><\/tbody><\/table><\/figure>\n\n\n\n<figure class=\"wp-block-table\"><table><thead><tr><th><mark class=\"has-inline-color has-vivid-red-color\" style=\"background-color: rgba(0, 0, 0, 0);\"><strong>R\u00e9f\u00e9rence<\/strong><\/mark><\/th><\/tr><\/thead><tbody><tr><td><strong>RR19733-02<\/strong><br>Expression et Signe, n\u00b03, 1973<\/td><\/tr><\/tbody><\/table><\/figure>\n\n\n\n<figure class=\"wp-block-table\"><table><thead><tr><th><mark class=\"has-inline-color has-vivid-red-color\" style=\"background-color: rgba(0, 0, 0, 0);\"><strong>Cat\u00e9gories<\/strong><\/mark><\/th><\/tr><\/thead><tbody><tr><td>Cin\u00e9ma<br>Arts pluriels<br>Psychopathologie de l\u2019expression<\/td><\/tr><\/tbody><\/table><\/figure>\n<\/div>\n<\/div>\n\n\n\n<p><\/p>\n","protected":false},"excerpt":{"rendered":"<p>A l&rsquo;heure o\u00f9 les lessives et autres d\u00e9odorants ne se consomment plus qu&rsquo;\u00e0 coups d&rsquo;impacts audiovisuels, l&rsquo;enseignement ne fait encore que se distiller goutte \u00e0 goutte par ces m\u00e9thodes. Il en est deux raisons principales; l\u2019une, intellectuelle : l&rsquo;audiovisuel ne rempla\u00e7ant pas l&rsquo;\u00e9crit ne permettrait que des \u00e9tudes superficielles; l&rsquo;autre,&hellip;<\/p>\n","protected":false},"author":2,"featured_media":0,"comment_status":"closed","ping_status":"open","sticky":false,"template":"","format":"standard","meta":{"pmpro_default_level":"","ngg_post_thumbnail":0,"footnotes":""},"categories":[1063,839,838,1061,842],"tags":[569,510,1059,488,1071],"class_list":["post-5628","post","type-post","status-publish","format-standard","hentry","category-bobon-jean","category-brauner-alfred","category-brauner-francoise","category-sizaret-pierre","category-wiart-claude","tag-arts-pluriels","tag-cinema","tag-expression-et-signe-1973-no3","tag-psychopathologie-de-lexpression","tag-rr19733-02","pmpro-has-access"],"_links":{"self":[{"href":"https:\/\/bibliotheque-sfpe-at.com\/index.php\/wp-json\/wp\/v2\/posts\/5628","targetHints":{"allow":["GET"]}}],"collection":[{"href":"https:\/\/bibliotheque-sfpe-at.com\/index.php\/wp-json\/wp\/v2\/posts"}],"about":[{"href":"https:\/\/bibliotheque-sfpe-at.com\/index.php\/wp-json\/wp\/v2\/types\/post"}],"author":[{"embeddable":true,"href":"https:\/\/bibliotheque-sfpe-at.com\/index.php\/wp-json\/wp\/v2\/users\/2"}],"replies":[{"embeddable":true,"href":"https:\/\/bibliotheque-sfpe-at.com\/index.php\/wp-json\/wp\/v2\/comments?post=5628"}],"version-history":[{"count":1,"href":"https:\/\/bibliotheque-sfpe-at.com\/index.php\/wp-json\/wp\/v2\/posts\/5628\/revisions"}],"predecessor-version":[{"id":5629,"href":"https:\/\/bibliotheque-sfpe-at.com\/index.php\/wp-json\/wp\/v2\/posts\/5628\/revisions\/5629"}],"wp:attachment":[{"href":"https:\/\/bibliotheque-sfpe-at.com\/index.php\/wp-json\/wp\/v2\/media?parent=5628"}],"wp:term":[{"taxonomy":"category","embeddable":true,"href":"https:\/\/bibliotheque-sfpe-at.com\/index.php\/wp-json\/wp\/v2\/categories?post=5628"},{"taxonomy":"post_tag","embeddable":true,"href":"https:\/\/bibliotheque-sfpe-at.com\/index.php\/wp-json\/wp\/v2\/tags?post=5628"}],"curies":[{"name":"wp","href":"https:\/\/api.w.org\/{rel}","templated":true}]}}