{"id":5632,"date":"2025-06-11T11:39:41","date_gmt":"2025-06-11T09:39:41","guid":{"rendered":"https:\/\/bibliotheque-sfpe-at.com\/?p=5632"},"modified":"2025-06-11T11:44:30","modified_gmt":"2025-06-11T09:44:30","slug":"expression-orale-et-graphique-des-climats-parentaux","status":"publish","type":"post","link":"https:\/\/bibliotheque-sfpe-at.com\/index.php\/2025\/06\/11\/expression-orale-et-graphique-des-climats-parentaux\/","title":{"rendered":"Expression orale et graphique des climats parentaux"},"content":{"rendered":"\n<div class=\"wp-block-columns is-layout-flex wp-container-core-columns-is-layout-28f84493 wp-block-columns-is-layout-flex\">\n<div class=\"wp-block-column is-layout-flow wp-block-column-is-layout-flow\" style=\"flex-basis:66.66%\">\n<p class=\"has-text-align-left\"><\/p>\n\n\n\n<p>Si les traumatismes psychiques int\u00e9rioris\u00e9s et non exprim\u00e9s peuvent entra\u00eener dans l&rsquo;enfance des perturbations graves sous forme d&rsquo;inhibitions, de blocages, d&rsquo;angoisses latentes, d&rsquo;id\u00e9es obs\u00e9dantes, s&rsquo;actualiser pendant l&rsquo;adolescence et donner lieu alors \u00e0 des n\u00e9vroses, on con\u00e7oit que l&rsquo;expression par le jeune enfant des conflits parentaux soit n\u00e9cessaire non seulement sur le plan de l&rsquo;investigation mais surtout sur le plan cathartique.<br>Mais l&rsquo;enfant a besoin de \u00a0\u00bb dire \u00a0\u00bb son probl\u00e8me. Il le fera plus ou moins spontan\u00e9ment, suivant sa nature, la disponibilit\u00e9 profonde qu&rsquo;il sent chez l&rsquo;interlocuteur et enfin les \u00e9l\u00e9ments du conflit qu&rsquo;il est en train de vivre.<br>Nous allons vous donner tr\u00e8s rapidement et tr\u00e8s succinctement les images et les paroles de quelques enfants qui doivent affronter un conflit familial dans lequel le r\u00f4le du p\u00e8re se trouve fatalement d\u00e9vi\u00e9 ou emp\u00each\u00e9 par la dissociation du m\u00e9nage parental.<br>Ces dessins ont \u00e9t\u00e9 sp\u00e9cialement choisis parce que nous les avons tr\u00e8s fr\u00e9quemment retrouv\u00e9s dans des situations similaires au cours de l&rsquo;\u00e9tude de quelques 3 000 cas que nous d\u00e9pouillons pour notre livre du Test des 4 \u00e9l\u00e9ments. Le dessin comprenant 4 \u00e9l\u00e9ments obligatoires, un soleil, de l&rsquo;eau (sous quelque forme que ce soit), une maison, un serpent fait l\u2019objet de quelques notes d\u2019Arthus. dans la revue \u00a0\u00bb \u00c9ducateurs \u00a0\u00bb (n* 38. 39 et 42). Depuis, il n&rsquo;y a jamais eu \u00e0 notre connaissance de publication \u00e0 ce sujet.<br>Mme Mercier-Nast et moi-m\u00eame avons pens\u00e9 qu&rsquo;il pouvait \u00eatre riche d&rsquo;indications pr\u00e9cieuses concernant la mani\u00e8re dont chaque enfant ressent les influences parentales, familiales, qui tr\u00e8s souvent sont \u00e0 l&rsquo;origine d\u2019une difficult\u00e9 de structuration personnelle, scolaire ou sociale. C\u2019est dans cette optique que nous avons r\u00e9uni une tr\u00e8s grande quantit\u00e9 de documents, uniquement chez des enfants dont nous pouvions conna\u00eetre le contexte social et familial.<\/p>\n\n\n\n<p class=\"has-text-align-left\"><\/p>\n\n\n\n<p class=\"has-text-align-left\"><\/p>\n\n\n\n<p class=\"has-text-color has-link-color wp-elements-0c5dd61414d2cb4c88e3596780dedeb0\" style=\"color:#2753a5\"><strong><em>Pour lire le texte complet <a href=\"\/index.php\/options-dinscription\/\"><mark style=\"background-color:rgba(0, 0, 0, 0)\" class=\"has-inline-color has-vivid-cyan-blue-color\">s&rsquo;inscrire<\/mark><\/a> ou <a href=\"\/index.php\/my-account\/edit-account\/\"><mark style=\"background-color:rgba(0, 0, 0, 0)\" class=\"has-inline-color has-vivid-cyan-blue-color\">se connecter<\/mark><\/a><\/em><\/strong><\/p>\n\n\n\n\n\n<div style=\"height:100px\" aria-hidden=\"true\" class=\"wp-block-spacer\"><\/div>\n\n\n\n<div class=\"wp-block-buttons is-content-justification-center is-layout-flex wp-container-core-buttons-is-layout-a89b3969 wp-block-buttons-is-layout-flex\">\n<div class=\"wp-block-button is-style-fill\"><a class=\"wp-block-button__link has-vivid-red-background-color has-background has-small-font-size has-custom-font-size wp-element-button\" href=\"\/index.php\/2025\/06\/11\/1973-expression-et-signe-no-3\/\">&lt;&#8211;retour<\/a><\/div>\n<\/div>\n<\/div>\n\n\n\n<div class=\"wp-block-column is-layout-flow wp-block-column-is-layout-flow\" style=\"flex-basis:33.33%\">\n<figure class=\"wp-block-table\"><table class=\"has-background\" style=\"background-color:#f8f2f2\"><thead><tr><th><mark class=\"has-inline-color has-vivid-red-color\" style=\"background-color: rgba(0, 0, 0, 0);\"><strong>Auteur<\/strong><\/mark><\/th><\/tr><\/thead><tbody><tr><td><strong>Lef\u00e9bure Franchette<br>Mercier-Nast Colette<\/strong><\/td><\/tr><\/tbody><\/table><\/figure>\n\n\n\n<figure class=\"wp-block-table\"><table><thead><tr><th><mark class=\"has-inline-color has-vivid-red-color\" style=\"background-color: rgba(0, 0, 0, 0);\"><strong>R\u00e9f\u00e9rence<\/strong><\/mark><\/th><\/tr><\/thead><tbody><tr><td><strong>RR19733-03<\/strong><br>Expression et Signe, n\u00b03, 1973<\/td><\/tr><\/tbody><\/table><\/figure>\n\n\n\n<figure class=\"wp-block-table\"><table><thead><tr><th><mark class=\"has-inline-color has-vivid-red-color\" style=\"background-color: rgba(0, 0, 0, 0);\"><strong>Cat\u00e9gories<\/strong><\/mark><\/th><\/tr><\/thead><tbody><tr><td>\u00c9tude de cas<br>Enfance<br>Dessin<\/td><\/tr><\/tbody><\/table><\/figure>\n<\/div>\n<\/div>\n\n\n\n<p><\/p>\n","protected":false},"excerpt":{"rendered":"<p>Si les traumatismes psychiques int\u00e9rioris\u00e9s et non exprim\u00e9s peuvent entra\u00eener dans l&rsquo;enfance des perturbations graves sous forme d&rsquo;inhibitions, de blocages, d&rsquo;angoisses latentes, d&rsquo;id\u00e9es obs\u00e9dantes, s&rsquo;actualiser pendant l&rsquo;adolescence et donner lieu alors \u00e0 des n\u00e9vroses, on con\u00e7oit que l&rsquo;expression par le jeune enfant des conflits parentaux soit n\u00e9cessaire non seulement sur&hellip;<\/p>\n","protected":false},"author":2,"featured_media":0,"comment_status":"closed","ping_status":"open","sticky":false,"template":"","format":"standard","meta":{"pmpro_default_level":"","ngg_post_thumbnail":0,"footnotes":""},"categories":[927,836],"tags":[508,549,493,1059,1072],"class_list":["post-5632","post","type-post","status-publish","format-standard","hentry","category-lefebure-franchette","category-mercier-nast-colette","tag-dessin","tag-enfance","tag-cas-clinique","tag-expression-et-signe-1973-no3","tag-rr19733-03","pmpro-has-access"],"_links":{"self":[{"href":"https:\/\/bibliotheque-sfpe-at.com\/index.php\/wp-json\/wp\/v2\/posts\/5632","targetHints":{"allow":["GET"]}}],"collection":[{"href":"https:\/\/bibliotheque-sfpe-at.com\/index.php\/wp-json\/wp\/v2\/posts"}],"about":[{"href":"https:\/\/bibliotheque-sfpe-at.com\/index.php\/wp-json\/wp\/v2\/types\/post"}],"author":[{"embeddable":true,"href":"https:\/\/bibliotheque-sfpe-at.com\/index.php\/wp-json\/wp\/v2\/users\/2"}],"replies":[{"embeddable":true,"href":"https:\/\/bibliotheque-sfpe-at.com\/index.php\/wp-json\/wp\/v2\/comments?post=5632"}],"version-history":[{"count":1,"href":"https:\/\/bibliotheque-sfpe-at.com\/index.php\/wp-json\/wp\/v2\/posts\/5632\/revisions"}],"predecessor-version":[{"id":5633,"href":"https:\/\/bibliotheque-sfpe-at.com\/index.php\/wp-json\/wp\/v2\/posts\/5632\/revisions\/5633"}],"wp:attachment":[{"href":"https:\/\/bibliotheque-sfpe-at.com\/index.php\/wp-json\/wp\/v2\/media?parent=5632"}],"wp:term":[{"taxonomy":"category","embeddable":true,"href":"https:\/\/bibliotheque-sfpe-at.com\/index.php\/wp-json\/wp\/v2\/categories?post=5632"},{"taxonomy":"post_tag","embeddable":true,"href":"https:\/\/bibliotheque-sfpe-at.com\/index.php\/wp-json\/wp\/v2\/tags?post=5632"}],"curies":[{"name":"wp","href":"https:\/\/api.w.org\/{rel}","templated":true}]}}