{"id":5645,"date":"2025-06-11T12:27:16","date_gmt":"2025-06-11T10:27:16","guid":{"rendered":"https:\/\/bibliotheque-sfpe-at.com\/?p=5645"},"modified":"2025-06-11T12:31:42","modified_gmt":"2025-06-11T10:31:42","slug":"la-vision-du-monde-de-ladolescent","status":"publish","type":"post","link":"https:\/\/bibliotheque-sfpe-at.com\/index.php\/2025\/06\/11\/la-vision-du-monde-de-ladolescent\/","title":{"rendered":"La vision du monde de l\u2019adolescent"},"content":{"rendered":"\n<div class=\"wp-block-columns is-layout-flex wp-container-core-columns-is-layout-28f84493 wp-block-columns-is-layout-flex\">\n<div class=\"wp-block-column is-layout-flow wp-block-column-is-layout-flow\" style=\"flex-basis:66.66%\">\n<p class=\"has-text-align-left\"><\/p>\n\n\n\n<p>Comme les nuages sur le fond du ciel que chacun d&rsquo;entre nous se pla\u00eet \u00e0 interpr\u00e9ter librement, les dix planches de Rorschach avec leurs taches d&rsquo;encre, noires, noires et rouges ou color\u00e9es sur le fond blanc nous offrent une \u00ab r\u00e9alit\u00e9 pr\u00e9texte \u00bb sans contenu, mais les accueillant tous au travers de formes qui incitent naturellement \u00e0 la vision en images. C\u2019est \u00e0 chaud que nous les voyons appara\u00eetre, et avec elles le sujet nous d\u00e9voile l\u2019\u00e9laboration de son espace intime et de sa vision du monde. Le langage est m\u00e9diateur de cette vision qu&rsquo;il traduit imm\u00e9diatement, dans une authenticit\u00e9 pleine et enti\u00e8re gr\u00e2ce \u00e0 son double pouvoir, son double versant concret et m\u00e9taphorique. Dans cette spontan\u00e9it\u00e9, \u00e9mergent des possibilit\u00e9s latentes et cach\u00e9es que la vie quotidienne laisse peu affleurer Quand elle ne les brime pas. Seule, \/&rsquo;expression a pouvoir de mettre au jour cette part importante et secr\u00e8te de notre vie. ce virtuel auquel elle conf\u00e8re l\u2019existence.<br>La psychopathologie moderne devait reconna\u00eetre le r\u00f4le majeur de l&rsquo;expression et se frayer par elle une voie d&rsquo;orientation vers l&rsquo;\u00e9tude des structures mentales avec leurs formes particuli\u00e8res. Il revient \u00e0 E. Minkowski d&rsquo;avoir reli\u00e9 les ph\u00e9nom\u00e8nes de la vie mentale \u00e0 la structure personnelle du MOI qui s&rsquo;affirme par rapport \u00e0 l&rsquo;espace et au temps.<\/p>\n\n\n\n<p class=\"has-text-align-left\"><\/p>\n\n\n\n<p class=\"has-text-align-left\"><\/p>\n\n\n\n<p class=\"has-text-color has-link-color wp-elements-0c5dd61414d2cb4c88e3596780dedeb0\" style=\"color:#2753a5\"><strong><em>Pour lire le texte complet <a href=\"\/index.php\/options-dinscription\/\"><mark style=\"background-color:rgba(0, 0, 0, 0)\" class=\"has-inline-color has-vivid-cyan-blue-color\">s&rsquo;inscrire<\/mark><\/a> ou <a href=\"\/index.php\/my-account\/edit-account\/\"><mark style=\"background-color:rgba(0, 0, 0, 0)\" class=\"has-inline-color has-vivid-cyan-blue-color\">se connecter<\/mark><\/a><\/em><\/strong><\/p>\n\n\n\n\n\n<div style=\"height:100px\" aria-hidden=\"true\" class=\"wp-block-spacer\"><\/div>\n\n\n\n<div class=\"wp-block-buttons is-content-justification-center is-layout-flex wp-container-core-buttons-is-layout-a89b3969 wp-block-buttons-is-layout-flex\">\n<div class=\"wp-block-button is-style-fill\"><a class=\"wp-block-button__link has-vivid-red-background-color has-background has-small-font-size has-custom-font-size wp-element-button\" href=\"\/index.php\/2025\/06\/11\/1973-expression-et-signe-no-4\/\">&lt;&#8211;retour<\/a><\/div>\n<\/div>\n<\/div>\n\n\n\n<div class=\"wp-block-column is-layout-flow wp-block-column-is-layout-flow\" style=\"flex-basis:33.33%\">\n<figure class=\"wp-block-table\"><table class=\"has-background\" style=\"background-color:#f8f2f2\"><thead><tr><th><mark class=\"has-inline-color has-vivid-red-color\" style=\"background-color: rgba(0, 0, 0, 0);\"><strong>Auteur<\/strong><\/mark><\/th><\/tr><\/thead><tbody><tr><td><strong>Rispal Y.<\/strong><\/td><\/tr><\/tbody><\/table><\/figure>\n\n\n\n<figure class=\"wp-block-table\"><table><thead><tr><th><mark class=\"has-inline-color has-vivid-red-color\" style=\"background-color: rgba(0, 0, 0, 0);\"><strong>R\u00e9f\u00e9rence<\/strong><\/mark><\/th><\/tr><\/thead><tbody><tr><td><strong>RR19734-04<\/strong><br>Expression et Signe, n\u00b04, 1973<\/td><\/tr><\/tbody><\/table><\/figure>\n\n\n\n<figure class=\"wp-block-table\"><table><thead><tr><th><mark class=\"has-inline-color has-vivid-red-color\" style=\"background-color: rgba(0, 0, 0, 0);\"><strong>Cat\u00e9gories<\/strong><\/mark><\/th><\/tr><\/thead><tbody><tr><td>Ph\u00e9nom\u00e9nologie<br>Psychopathologie de l\u2019expression<br>Dessin<br>Dispositif de m\u00e9diation<br>Adolescence<\/td><\/tr><\/tbody><\/table><\/figure>\n<\/div>\n<\/div>\n\n\n\n<p><\/p>\n","protected":false},"excerpt":{"rendered":"<p>Comme les nuages sur le fond du ciel que chacun d&rsquo;entre nous se pla\u00eet \u00e0 interpr\u00e9ter librement, les dix planches de Rorschach avec leurs taches d&rsquo;encre, noires, noires et rouges ou color\u00e9es sur le fond blanc nous offrent une \u00ab r\u00e9alit\u00e9 pr\u00e9texte \u00bb sans contenu, mais les accueillant tous au&hellip;<\/p>\n","protected":false},"author":2,"featured_media":0,"comment_status":"closed","ping_status":"open","sticky":false,"template":"","format":"standard","meta":{"pmpro_default_level":"","ngg_post_thumbnail":0,"footnotes":""},"categories":[1083],"tags":[548,508,505,1079,486,488,1088],"class_list":["post-5645","post","type-post","status-publish","format-standard","hentry","category-rispal-y","tag-adolescence","tag-dessin","tag-dispositif-de-mediation","tag-expression-et-signe-1973-no4","tag-phenomenologie","tag-psychopathologie-de-lexpression","tag-rr19734-04","pmpro-has-access"],"_links":{"self":[{"href":"https:\/\/bibliotheque-sfpe-at.com\/index.php\/wp-json\/wp\/v2\/posts\/5645","targetHints":{"allow":["GET"]}}],"collection":[{"href":"https:\/\/bibliotheque-sfpe-at.com\/index.php\/wp-json\/wp\/v2\/posts"}],"about":[{"href":"https:\/\/bibliotheque-sfpe-at.com\/index.php\/wp-json\/wp\/v2\/types\/post"}],"author":[{"embeddable":true,"href":"https:\/\/bibliotheque-sfpe-at.com\/index.php\/wp-json\/wp\/v2\/users\/2"}],"replies":[{"embeddable":true,"href":"https:\/\/bibliotheque-sfpe-at.com\/index.php\/wp-json\/wp\/v2\/comments?post=5645"}],"version-history":[{"count":1,"href":"https:\/\/bibliotheque-sfpe-at.com\/index.php\/wp-json\/wp\/v2\/posts\/5645\/revisions"}],"predecessor-version":[{"id":5646,"href":"https:\/\/bibliotheque-sfpe-at.com\/index.php\/wp-json\/wp\/v2\/posts\/5645\/revisions\/5646"}],"wp:attachment":[{"href":"https:\/\/bibliotheque-sfpe-at.com\/index.php\/wp-json\/wp\/v2\/media?parent=5645"}],"wp:term":[{"taxonomy":"category","embeddable":true,"href":"https:\/\/bibliotheque-sfpe-at.com\/index.php\/wp-json\/wp\/v2\/categories?post=5645"},{"taxonomy":"post_tag","embeddable":true,"href":"https:\/\/bibliotheque-sfpe-at.com\/index.php\/wp-json\/wp\/v2\/tags?post=5645"}],"curies":[{"name":"wp","href":"https:\/\/api.w.org\/{rel}","templated":true}]}}