{"id":5647,"date":"2025-06-11T12:30:33","date_gmt":"2025-06-11T10:30:33","guid":{"rendered":"https:\/\/bibliotheque-sfpe-at.com\/?p=5647"},"modified":"2025-06-11T12:31:48","modified_gmt":"2025-06-11T10:31:48","slug":"la-fidelite-de-la-production-picturale-de-malades-mentaux","status":"publish","type":"post","link":"https:\/\/bibliotheque-sfpe-at.com\/index.php\/2025\/06\/11\/la-fidelite-de-la-production-picturale-de-malades-mentaux\/","title":{"rendered":"La fid\u00e9lit\u00e9 de la production picturale de malades mentaux"},"content":{"rendered":"\n<div class=\"wp-block-columns is-layout-flex wp-container-core-columns-is-layout-28f84493 wp-block-columns-is-layout-flex\">\n<div class=\"wp-block-column is-layout-flow wp-block-column-is-layout-flow\" style=\"flex-basis:66.66%\">\n<p class=\"has-text-align-left\"><\/p>\n\n\n\n<p>Si l&rsquo;on reprend certaines des conclusions auxquelles parviennent Volmat et Wiart (1970) quant \u00e0 l&rsquo;expression plastique, on constate que les probl\u00e8mes sont loin d\u2019\u00eatre r\u00e9solus. L&rsquo;expression plastique ne serait pas un test projectif; elle pourrait \u00eatre consid\u00e9r\u00e9e comme un t\u00e9moin \u00e9volutif, mais serait avant tout un m\u00e9dium psychoth\u00e9rapique et un mat\u00e9riel de recherche.<br>T\u00e9moin \u00e9volutif, l&rsquo;\u00e9tude de Ahtik (1971) le montre. La multiplication ou la disparition progressive de certaines caract\u00e9ristiques picturales au cours du traitement serait li\u00e9e \u00e0 l&rsquo;\u00e9volution clinique plus ou moins positive de la maladie des sujets. Pour chaque sujet sont \u00e9tudi\u00e9es 3 s\u00e9ries de dessins appartenant \u00e0 3 \u00e9tapes de son s\u00e9jour \u00e0 la clinique. La fr\u00e9quence d\u2019apparition de chaque caract\u00e9ristique formelle du dessin est enregistr\u00e9e dans chaque s\u00e9rie de 15 dessins. L&rsquo;auteur ne pr\u00e9cise pas le nombre de tableaux qui, dans chaque s\u00e9rie et pour chaque auteur, pr\u00e9sentent la m\u00eame caract\u00e9ristique, mais c&rsquo;est l&rsquo;\u00e9volution de cette fr\u00e9quence qui importe. Pourtant il faut poser le<br>probl\u00e8me de la constance des caract\u00e9ristiques dans une m\u00eame s\u00e9rie, car si les effectifs d&rsquo;une caract\u00e9ristique sont tr\u00e8s faibles, quelle confiance peut-on accorder aux donn\u00e9es des diff\u00e9rentes s\u00e9ries pour \u00e9tablir un indice d&rsquo;\u00e9volution? Il est difficile d&rsquo;obtenir 15 tableaux par p\u00e9riode ; que pourrait-on dire si l&rsquo;on avait moins de tableaux? Ne risquerait-on pas de voir dispara\u00eetre la caract\u00e9ristique ou de consid\u00e9rer comme telle ce qui n&rsquo;en serait pas une ?<br>Test projectif, l&rsquo;expression plastique ne peut \u00eatre consid\u00e9r\u00e9e comme tel, car aucun travail de constitution d\u2019une telle \u00e9preuve n&rsquo;a \u00e9t\u00e9 entrepris. Si on d\u00e9sirait le faire, ne faudrait-il pas d&rsquo;abord s&rsquo;assurer que le code d&rsquo;analyse des dessins utilis\u00e9 fournit des donn\u00e9es fid\u00e8les ?<\/p>\n\n\n\n<p class=\"has-text-align-left\"><\/p>\n\n\n\n<p class=\"has-text-align-left\"><\/p>\n\n\n\n<p class=\"has-text-color has-link-color wp-elements-0c5dd61414d2cb4c88e3596780dedeb0\" style=\"color:#2753a5\"><strong><em>Pour lire le texte complet <a href=\"\/index.php\/options-dinscription\/\"><mark style=\"background-color:rgba(0, 0, 0, 0)\" class=\"has-inline-color has-vivid-cyan-blue-color\">s&rsquo;inscrire<\/mark><\/a> ou <a href=\"\/index.php\/my-account\/edit-account\/\"><mark style=\"background-color:rgba(0, 0, 0, 0)\" class=\"has-inline-color has-vivid-cyan-blue-color\">se connecter<\/mark><\/a><\/em><\/strong><\/p>\n\n\n\n\n\n<div style=\"height:100px\" aria-hidden=\"true\" class=\"wp-block-spacer\"><\/div>\n\n\n\n<div class=\"wp-block-buttons is-content-justification-center is-layout-flex wp-container-core-buttons-is-layout-a89b3969 wp-block-buttons-is-layout-flex\">\n<div class=\"wp-block-button is-style-fill\"><a class=\"wp-block-button__link has-vivid-red-background-color has-background has-small-font-size has-custom-font-size wp-element-button\" href=\"\/index.php\/2025\/06\/11\/1973-expression-et-signe-no-4\/\">&lt;&#8211;retour<\/a><\/div>\n<\/div>\n<\/div>\n\n\n\n<div class=\"wp-block-column is-layout-flow wp-block-column-is-layout-flow\" style=\"flex-basis:33.33%\">\n<figure class=\"wp-block-table\"><table class=\"has-background\" style=\"background-color:#f8f2f2\"><thead><tr><th><mark class=\"has-inline-color has-vivid-red-color\" style=\"background-color: rgba(0, 0, 0, 0);\"><strong>Auteur<\/strong><\/mark><\/th><\/tr><\/thead><tbody><tr><td><strong>Gottesdiener A.<\/strong><\/td><\/tr><\/tbody><\/table><\/figure>\n\n\n\n<figure class=\"wp-block-table\"><table><thead><tr><th><mark class=\"has-inline-color has-vivid-red-color\" style=\"background-color: rgba(0, 0, 0, 0);\"><strong>R\u00e9f\u00e9rence<\/strong><\/mark><\/th><\/tr><\/thead><tbody><tr><td><strong>RR19734-05<\/strong><br>Expression et Signe, n\u00b04, 1973<\/td><\/tr><\/tbody><\/table><\/figure>\n\n\n\n<figure class=\"wp-block-table\"><table><thead><tr><th><mark class=\"has-inline-color has-vivid-red-color\" style=\"background-color: rgba(0, 0, 0, 0);\"><strong>Cat\u00e9gories<\/strong><\/mark><\/th><\/tr><\/thead><tbody><tr><td>Psychiatrie<br>M\u00e9thodologie<br>Arts Plastiques<br>Dessin<br>\u00c9valuation<\/td><\/tr><\/tbody><\/table><\/figure>\n<\/div>\n<\/div>\n\n\n\n<p><\/p>\n","protected":false},"excerpt":{"rendered":"<p>Si l&rsquo;on reprend certaines des conclusions auxquelles parviennent Volmat et Wiart (1970) quant \u00e0 l&rsquo;expression plastique, on constate que les probl\u00e8mes sont loin d\u2019\u00eatre r\u00e9solus. L&rsquo;expression plastique ne serait pas un test projectif; elle pourrait \u00eatre consid\u00e9r\u00e9e comme un t\u00e9moin \u00e9volutif, mais serait avant tout un m\u00e9dium psychoth\u00e9rapique et un&hellip;<\/p>\n","protected":false},"author":2,"featured_media":0,"comment_status":"closed","ping_status":"open","sticky":false,"template":"","format":"standard","meta":{"pmpro_default_level":"","ngg_post_thumbnail":0,"footnotes":""},"categories":[1084],"tags":[503,508,561,1079,574,1089],"class_list":["post-5647","post","type-post","status-publish","format-standard","hentry","category-gottesdiener-a","tag-arts-plastiques","tag-dessin","tag-evaluation","tag-expression-et-signe-1973-no4","tag-psychiatrie","tag-rr19734-05","pmpro-has-access"],"_links":{"self":[{"href":"https:\/\/bibliotheque-sfpe-at.com\/index.php\/wp-json\/wp\/v2\/posts\/5647","targetHints":{"allow":["GET"]}}],"collection":[{"href":"https:\/\/bibliotheque-sfpe-at.com\/index.php\/wp-json\/wp\/v2\/posts"}],"about":[{"href":"https:\/\/bibliotheque-sfpe-at.com\/index.php\/wp-json\/wp\/v2\/types\/post"}],"author":[{"embeddable":true,"href":"https:\/\/bibliotheque-sfpe-at.com\/index.php\/wp-json\/wp\/v2\/users\/2"}],"replies":[{"embeddable":true,"href":"https:\/\/bibliotheque-sfpe-at.com\/index.php\/wp-json\/wp\/v2\/comments?post=5647"}],"version-history":[{"count":1,"href":"https:\/\/bibliotheque-sfpe-at.com\/index.php\/wp-json\/wp\/v2\/posts\/5647\/revisions"}],"predecessor-version":[{"id":5648,"href":"https:\/\/bibliotheque-sfpe-at.com\/index.php\/wp-json\/wp\/v2\/posts\/5647\/revisions\/5648"}],"wp:attachment":[{"href":"https:\/\/bibliotheque-sfpe-at.com\/index.php\/wp-json\/wp\/v2\/media?parent=5647"}],"wp:term":[{"taxonomy":"category","embeddable":true,"href":"https:\/\/bibliotheque-sfpe-at.com\/index.php\/wp-json\/wp\/v2\/categories?post=5647"},{"taxonomy":"post_tag","embeddable":true,"href":"https:\/\/bibliotheque-sfpe-at.com\/index.php\/wp-json\/wp\/v2\/tags?post=5647"}],"curies":[{"name":"wp","href":"https:\/\/api.w.org\/{rel}","templated":true}]}}