{"id":5653,"date":"2025-06-13T16:26:19","date_gmt":"2025-06-13T14:26:19","guid":{"rendered":"https:\/\/bibliotheque-sfpe-at.com\/?p=5653"},"modified":"2025-06-14T16:02:35","modified_gmt":"2025-06-14T14:02:35","slug":"les-hallucinations-de-marguerite-burnat-provins-de-william-blake-dhelene-smith-et-de-c-g-jung","status":"publish","type":"post","link":"https:\/\/bibliotheque-sfpe-at.com\/index.php\/2025\/06\/13\/les-hallucinations-de-marguerite-burnat-provins-de-william-blake-dhelene-smith-et-de-c-g-jung\/","title":{"rendered":"Les hallucinations de Marguerite Burnat-Provins, de William Blake, d\u2019H\u00e9l\u00e8ne Smith, et de C.G.Jung"},"content":{"rendered":"\n<div class=\"wp-block-columns is-layout-flex wp-container-core-columns-is-layout-28f84493 wp-block-columns-is-layout-flex\">\n<div class=\"wp-block-column is-layout-flow wp-block-column-is-layout-flow\" style=\"flex-basis:66.66%\">\n<p class=\"has-text-align-left\"><\/p>\n\n\n\n<p>L\u2019histoire de Mme B.-P. me semble avoir un double int\u00e9r\u00eat. D&rsquo;une part, il s&rsquo;agit d&rsquo;une femme d&rsquo;intelligence sup\u00e9rieure qui, avant d&rsquo;halluciner, avait une activit\u00e9 artistique et litt\u00e9raire et jouissait d&rsquo;une certaine notori\u00e9t\u00e9. D&rsquo;autre part, l&rsquo;apparition vers la quarantaine d&rsquo;hallucinations tr\u00e8s nombreuses n&rsquo;a influenc\u00e9 en aucune fa\u00e7on son comportement qui est toujours rest\u00e9 enti\u00e8rement normal. Elle-m\u00eame s&rsquo;int\u00e9ressait vivement aux ph\u00e9nom\u00e8nes \u00e9tranges dont elle \u00e9tait l&rsquo;objet et demandait avec insistance que d&rsquo;autres s&rsquo;y int\u00e9ressent et fassent conna\u00eetre ses peintures dont le m\u00e9canisme et le contenu l&rsquo;intriguaient autant qu&rsquo;ils \u00e9tonnaient son entourage.<br>Marguerite Provins est n\u00e9e \u00e0 Douai en 1872. Son p\u00e8re a \u00e9t\u00e9 b\u00e2tonnier de l&rsquo;ordre des avocats au barreau d&rsquo;Arras. Sa m\u00e8re \u00e9tait d&rsquo;origine flamande. Son talent litt\u00e9raire et artistique s&rsquo;est d\u00e9velopp\u00e9 tr\u00e8s pr\u00e9cocement. A Paris, elle tra-\u00e9tudie l&rsquo;anatomie \u00e0 l&rsquo;\u00c9cole de M\u00e9decine. Apr\u00e8s son mariage avec Adolphe Burnat, architecte suisse distingu\u00e9, elle r\u00e9side \u00e0 Vevey et enseigne l&rsquo;histoire de l&rsquo;art \u00e0 Vevey et \u00e0 Gen\u00e8ve. Elle s&rsquo;enthousiasme pour la beaut\u00e9 du Valais et publie successivement : Petits tableaux valaisans (1903), Heures d&rsquo;automne (1904), Chansons rustiques (1905), Le Chant du verdier. Sous les noyers (1906.) La fen\u00eatre ouverte sur la vall\u00e9e. Le Livre pour Toi (1908), La Servante (1913). Curieuse de tout, elle a visit\u00e9 un grand nombre de pays : Angleterre, \u00c9gypte, Italie, France, Allemagne, Pays-Bas, Afrique du Nord, Am\u00e9rique du Sud, sans cesser d\u2019\u00e9crire ni de dessiner. C&rsquo;est en 1913 que s&rsquo;arr\u00eate sa production litt\u00e9raire et artistique avant la p\u00e9riode hallucinatoire.<br>Le 2 ao\u00fbt 1914, jour de la d\u00e9claration de guerre, elle se trouvait en vill\u00e9giature dans les Hautes-Pyr\u00e9n\u00e9es. C&rsquo;est \u00e0 ce moment que les hallucinations ont d\u00e9but\u00e9. Elle avait 42 ans.<br><\/p>\n\n\n\n<p class=\"has-text-align-left\"><\/p>\n\n\n\n<p class=\"has-text-align-left\"><\/p>\n\n\n\n<p class=\"has-text-color has-link-color wp-elements-0c5dd61414d2cb4c88e3596780dedeb0\" style=\"color:#2753a5\"><strong><em>Pour lire le texte complet <a href=\"\/index.php\/options-dinscription\/\"><mark style=\"background-color:rgba(0, 0, 0, 0)\" class=\"has-inline-color has-vivid-cyan-blue-color\">s&rsquo;inscrire<\/mark><\/a> ou <a href=\"\/index.php\/my-account\/edit-account\/\"><mark style=\"background-color:rgba(0, 0, 0, 0)\" class=\"has-inline-color has-vivid-cyan-blue-color\">se connecter<\/mark><\/a><\/em><\/strong><\/p>\n\n\n\n\n\n<div style=\"height:100px\" aria-hidden=\"true\" class=\"wp-block-spacer\"><\/div>\n\n\n\n<div class=\"wp-block-buttons is-content-justification-center is-layout-flex wp-container-core-buttons-is-layout-a89b3969 wp-block-buttons-is-layout-flex\">\n<div class=\"wp-block-button is-style-fill\"><a class=\"wp-block-button__link has-vivid-red-background-color has-background has-small-font-size has-custom-font-size wp-element-button\" href=\"\/index.php\/2025\/06\/13\/1974-expression-et-signe-no-1\/\">&lt;&#8211;retour<\/a><\/div>\n<\/div>\n<\/div>\n\n\n\n<div class=\"wp-block-column is-layout-flow wp-block-column-is-layout-flow\" style=\"flex-basis:33.33%\">\n<figure class=\"wp-block-table\"><table class=\"has-background\" style=\"background-color:#f8f2f2\"><thead><tr><th><mark class=\"has-inline-color has-vivid-red-color\" style=\"background-color: rgba(0, 0, 0, 0);\"><strong>Auteur<\/strong><\/mark><\/th><\/tr><\/thead><tbody><tr><td><strong>Morsier De G.<\/strong><\/td><\/tr><\/tbody><\/table><\/figure>\n\n\n\n<figure class=\"wp-block-table\"><table><thead><tr><th><mark class=\"has-inline-color has-vivid-red-color\" style=\"background-color: rgba(0, 0, 0, 0);\"><strong>R\u00e9f\u00e9rence<\/strong><\/mark><\/th><\/tr><\/thead><tbody><tr><td><strong>RR19741-01<\/strong><br>Expression et Signe, n\u00b01, 1974<\/td><\/tr><\/tbody><\/table><\/figure>\n\n\n\n<figure class=\"wp-block-table\"><table><thead><tr><th><mark class=\"has-inline-color has-vivid-red-color\" style=\"background-color: rgba(0, 0, 0, 0);\"><strong>Cat\u00e9gories<\/strong><\/mark><\/th><\/tr><\/thead><tbody><tr><td>Psychopathologie de l\u2019expression<br>Peinture<br>\u00c9criture<br>\u00c9tude de cas<\/td><\/tr><\/tbody><\/table><\/figure>\n<\/div>\n<\/div>\n\n\n\n<p><\/p>\n","protected":false},"excerpt":{"rendered":"<p>L\u2019histoire de Mme B.-P. me semble avoir un double int\u00e9r\u00eat. D&rsquo;une part, il s&rsquo;agit d&rsquo;une femme d&rsquo;intelligence sup\u00e9rieure qui, avant d&rsquo;halluciner, avait une activit\u00e9 artistique et litt\u00e9raire et jouissait d&rsquo;une certaine notori\u00e9t\u00e9. D&rsquo;autre part, l&rsquo;apparition vers la quarantaine d&rsquo;hallucinations tr\u00e8s nombreuses n&rsquo;a influenc\u00e9 en aucune fa\u00e7on son comportement qui est&hellip;<\/p>\n","protected":false},"author":2,"featured_media":0,"comment_status":"closed","ping_status":"open","sticky":false,"template":"","format":"standard","meta":{"pmpro_default_level":"","ngg_post_thumbnail":0,"footnotes":""},"categories":[1090],"tags":[497,493,1091,484,488,1104],"class_list":["post-5653","post","type-post","status-publish","format-standard","hentry","category-morsier-de-g","tag-ecriture","tag-cas-clinique","tag-expression-et-signe-1974-no1","tag-peinture","tag-psychopathologie-de-lexpression","tag-rr19741-01","pmpro-has-access"],"_links":{"self":[{"href":"https:\/\/bibliotheque-sfpe-at.com\/index.php\/wp-json\/wp\/v2\/posts\/5653","targetHints":{"allow":["GET"]}}],"collection":[{"href":"https:\/\/bibliotheque-sfpe-at.com\/index.php\/wp-json\/wp\/v2\/posts"}],"about":[{"href":"https:\/\/bibliotheque-sfpe-at.com\/index.php\/wp-json\/wp\/v2\/types\/post"}],"author":[{"embeddable":true,"href":"https:\/\/bibliotheque-sfpe-at.com\/index.php\/wp-json\/wp\/v2\/users\/2"}],"replies":[{"embeddable":true,"href":"https:\/\/bibliotheque-sfpe-at.com\/index.php\/wp-json\/wp\/v2\/comments?post=5653"}],"version-history":[{"count":1,"href":"https:\/\/bibliotheque-sfpe-at.com\/index.php\/wp-json\/wp\/v2\/posts\/5653\/revisions"}],"predecessor-version":[{"id":5654,"href":"https:\/\/bibliotheque-sfpe-at.com\/index.php\/wp-json\/wp\/v2\/posts\/5653\/revisions\/5654"}],"wp:attachment":[{"href":"https:\/\/bibliotheque-sfpe-at.com\/index.php\/wp-json\/wp\/v2\/media?parent=5653"}],"wp:term":[{"taxonomy":"category","embeddable":true,"href":"https:\/\/bibliotheque-sfpe-at.com\/index.php\/wp-json\/wp\/v2\/categories?post=5653"},{"taxonomy":"post_tag","embeddable":true,"href":"https:\/\/bibliotheque-sfpe-at.com\/index.php\/wp-json\/wp\/v2\/tags?post=5653"}],"curies":[{"name":"wp","href":"https:\/\/api.w.org\/{rel}","templated":true}]}}