{"id":5656,"date":"2025-06-13T16:42:09","date_gmt":"2025-06-13T14:42:09","guid":{"rendered":"https:\/\/bibliotheque-sfpe-at.com\/?p=5656"},"modified":"2025-06-14T16:02:42","modified_gmt":"2025-06-14T14:02:42","slug":"claustration-et-production-picturale-chez-un-schizophrene-paranoide","status":"publish","type":"post","link":"https:\/\/bibliotheque-sfpe-at.com\/index.php\/2025\/06\/13\/claustration-et-production-picturale-chez-un-schizophrene-paranoide\/","title":{"rendered":"Claustration et production picturale chez un schizophr\u00e8ne parano\u00efde"},"content":{"rendered":"\n<div class=\"wp-block-columns is-layout-flex wp-container-core-columns-is-layout-28f84493 wp-block-columns-is-layout-flex\">\n<div class=\"wp-block-column is-layout-flow wp-block-column-is-layout-flow\" style=\"flex-basis:66.66%\">\n<p class=\"has-text-align-left\"><\/p>\n\n\n\n<p>Ce ne fut qu&rsquo;au bout de deux ans de claustration volontaire que le comportement de Jos\u00e9 devint insupportable aux habitants de l&rsquo;immeuble v\u00e9tuste qui abritait sa famille, et que sa m\u00e8re accepta de faire appel \u00e0 un m\u00e9decin, pr\u00e9f\u00e9rant comme un moindre mal cette intervention \u00e0 celle de la police dont l&rsquo;avait menac\u00e9e l&rsquo;exasp\u00e9ration des co-locataires.<br>Car, une fois de plus, se v\u00e9rifie cette surprenante constatation qu&rsquo;une conduite aussi grossi\u00e8rement perturb\u00e9e que la claustration \u00e0 travers une disponibilit\u00e9 familiale inconditionnelle et permanente qui ne constitue pas forcement une vertu, b\u00e9n\u00e9ficie, plus que de l&rsquo;indiff\u00e9rence et de la tol\u00e9rance, d&rsquo;une complicit\u00e9 et d&rsquo;une complaisance suspectes de la part des parents, dans le cas particulier de la m\u00e8re, vestale silencieusement admirative envers un fils sur lequel elle veillait jalousement.<\/p>\n\n\n\n<p class=\"has-text-align-left\"><\/p>\n\n\n\n<p class=\"has-text-align-left\"><\/p>\n\n\n\n<p class=\"has-text-color has-link-color wp-elements-0c5dd61414d2cb4c88e3596780dedeb0\" style=\"color:#2753a5\"><strong><em>Pour lire le texte complet <a href=\"\/index.php\/options-dinscription\/\"><mark style=\"background-color:rgba(0, 0, 0, 0)\" class=\"has-inline-color has-vivid-cyan-blue-color\">s&rsquo;inscrire<\/mark><\/a> ou <a href=\"\/index.php\/my-account\/edit-account\/\"><mark style=\"background-color:rgba(0, 0, 0, 0)\" class=\"has-inline-color has-vivid-cyan-blue-color\">se connecter<\/mark><\/a><\/em><\/strong><\/p>\n\n\n\n\n\n<div style=\"height:100px\" aria-hidden=\"true\" class=\"wp-block-spacer\"><\/div>\n\n\n\n<div class=\"wp-block-buttons is-content-justification-center is-layout-flex wp-container-core-buttons-is-layout-a89b3969 wp-block-buttons-is-layout-flex\">\n<div class=\"wp-block-button is-style-fill\"><a class=\"wp-block-button__link has-vivid-red-background-color has-background has-small-font-size has-custom-font-size wp-element-button\" href=\"\/index.php\/2025\/06\/13\/1974-expression-et-signe-no-1\/\">&lt;&#8211;retour<\/a><\/div>\n<\/div>\n<\/div>\n\n\n\n<div class=\"wp-block-column is-layout-flow wp-block-column-is-layout-flow\" style=\"flex-basis:33.33%\">\n<figure class=\"wp-block-table\"><table class=\"has-background\" style=\"background-color:#f8f2f2\"><thead><tr><th><mark class=\"has-inline-color has-vivid-red-color\" style=\"background-color: rgba(0, 0, 0, 0);\"><strong>Auteur<\/strong><\/mark><\/th><\/tr><\/thead><tbody><tr><td><strong>Roux Guy<\/strong><\/td><\/tr><\/tbody><\/table><\/figure>\n\n\n\n<figure class=\"wp-block-table\"><table><thead><tr><th><mark class=\"has-inline-color has-vivid-red-color\" style=\"background-color: rgba(0, 0, 0, 0);\"><strong>R\u00e9f\u00e9rence<\/strong><\/mark><\/th><\/tr><\/thead><tbody><tr><td><strong>RR19741-02<\/strong><br>Expression et Signe, n\u00b01, 1974<\/td><\/tr><\/tbody><\/table><\/figure>\n\n\n\n<figure class=\"wp-block-table\"><table><thead><tr><th><mark class=\"has-inline-color has-vivid-red-color\" style=\"background-color: rgba(0, 0, 0, 0);\"><strong>Cat\u00e9gories<\/strong><\/mark><\/th><\/tr><\/thead><tbody><tr><td>Psychopathologie de l\u2019expression<br>Peinture<br>\u00c9tude de cas<\/td><\/tr><\/tbody><\/table><\/figure>\n<\/div>\n<\/div>\n\n\n\n<p><\/p>\n","protected":false},"excerpt":{"rendered":"<p>Ce ne fut qu&rsquo;au bout de deux ans de claustration volontaire que le comportement de Jos\u00e9 devint insupportable aux habitants de l&rsquo;immeuble v\u00e9tuste qui abritait sa famille, et que sa m\u00e8re accepta de faire appel \u00e0 un m\u00e9decin, pr\u00e9f\u00e9rant comme un moindre mal cette intervention \u00e0 celle de la police&hellip;<\/p>\n","protected":false},"author":2,"featured_media":0,"comment_status":"closed","ping_status":"open","sticky":false,"template":"","format":"standard","meta":{"pmpro_default_level":"","ngg_post_thumbnail":0,"footnotes":""},"categories":[941],"tags":[493,1091,484,488,1105],"class_list":["post-5656","post","type-post","status-publish","format-standard","hentry","category-roux-guy","tag-cas-clinique","tag-expression-et-signe-1974-no1","tag-peinture","tag-psychopathologie-de-lexpression","tag-rr19741-02","pmpro-has-access"],"_links":{"self":[{"href":"https:\/\/bibliotheque-sfpe-at.com\/index.php\/wp-json\/wp\/v2\/posts\/5656","targetHints":{"allow":["GET"]}}],"collection":[{"href":"https:\/\/bibliotheque-sfpe-at.com\/index.php\/wp-json\/wp\/v2\/posts"}],"about":[{"href":"https:\/\/bibliotheque-sfpe-at.com\/index.php\/wp-json\/wp\/v2\/types\/post"}],"author":[{"embeddable":true,"href":"https:\/\/bibliotheque-sfpe-at.com\/index.php\/wp-json\/wp\/v2\/users\/2"}],"replies":[{"embeddable":true,"href":"https:\/\/bibliotheque-sfpe-at.com\/index.php\/wp-json\/wp\/v2\/comments?post=5656"}],"version-history":[{"count":1,"href":"https:\/\/bibliotheque-sfpe-at.com\/index.php\/wp-json\/wp\/v2\/posts\/5656\/revisions"}],"predecessor-version":[{"id":5657,"href":"https:\/\/bibliotheque-sfpe-at.com\/index.php\/wp-json\/wp\/v2\/posts\/5656\/revisions\/5657"}],"wp:attachment":[{"href":"https:\/\/bibliotheque-sfpe-at.com\/index.php\/wp-json\/wp\/v2\/media?parent=5656"}],"wp:term":[{"taxonomy":"category","embeddable":true,"href":"https:\/\/bibliotheque-sfpe-at.com\/index.php\/wp-json\/wp\/v2\/categories?post=5656"},{"taxonomy":"post_tag","embeddable":true,"href":"https:\/\/bibliotheque-sfpe-at.com\/index.php\/wp-json\/wp\/v2\/tags?post=5656"}],"curies":[{"name":"wp","href":"https:\/\/api.w.org\/{rel}","templated":true}]}}