{"id":5658,"date":"2025-06-13T16:48:35","date_gmt":"2025-06-13T14:48:35","guid":{"rendered":"https:\/\/bibliotheque-sfpe-at.com\/?p=5658"},"modified":"2025-06-14T16:02:50","modified_gmt":"2025-06-14T14:02:50","slug":"utilisation-possible-de-signes-corporels-et-vocaux-pour-une-action-therapeutique","status":"publish","type":"post","link":"https:\/\/bibliotheque-sfpe-at.com\/index.php\/2025\/06\/13\/utilisation-possible-de-signes-corporels-et-vocaux-pour-une-action-therapeutique\/","title":{"rendered":"Utilisation possible de signes corporels et vocaux pour une action th\u00e9rapeutique"},"content":{"rendered":"\n<div class=\"wp-block-columns is-layout-flex wp-container-core-columns-is-layout-28f84493 wp-block-columns-is-layout-flex\">\n<div class=\"wp-block-column is-layout-flow wp-block-column-is-layout-flow\" style=\"flex-basis:66.66%\">\n<p class=\"has-text-align-left\"><\/p>\n\n\n\n<p>Les r\u00e9flexions qui vont \u00eatre propos\u00e9es d\u00e9coulent d&rsquo;une exp\u00e9rience faite depuis quatre ann\u00e9es d&rsquo;une part avec les malades adultes d&rsquo;un service du Centre Hospitalier Sainte-Anne travaillant une fois par semaine en groupe ouvert et sans discrimination pr\u00e9alable, d&rsquo;autre part avec des enfants du Centre de Sant\u00e9 Mentale du 13 &lsquo; arrondissement, pris individuellement ou par tr\u00e8s petits groupes. Bien que ces deux sources de r\u00e9f\u00e9rence impliquent \u2014 et par l&rsquo;\u00e2ge des individus et par les conditions dans lesquelles ils se trouvent, et par le tr\u00e8s large \u00e9ventail nosographique auquel ils appartiennent \u2014 des diff\u00e9rences consid\u00e9rables, nous nous attacherons aujourd&rsquo;hui \u00e0 d\u00e9gager les bases d&rsquo;une \u00e9ventuelle th\u00e9rapie telle qu&rsquo;elle nous appara\u00eet possible \u00e0 la lumi\u00e8re des r\u00e9sultats de ces deux exp\u00e9riences, et \u00e0 la suite du travail d&rsquo;\u00e9quipe dont elles ont \u00e9t\u00e9 l&rsquo;objet.<br>Dans l&rsquo;activit\u00e9 dont il va \u00eatre question, l\u2019utilisation des \u00e9l\u00e9ments emprunt\u00e9s au corps et \u00e0 la voix reste centr\u00e9e, dans toute la mesure du possible, sur une \u00ab action dramatique \u00bb qui la motive, et tend \u00e0 la cr\u00e9ation d&rsquo;un langage sp\u00e9cifiquement \u00ab dramatique \u00bb qui en est l&rsquo;ach\u00e8vement.<br>Par ailleurs, si cette activit\u00e9 nous semble comporter une possibilit\u00e9 d&rsquo;utilisation th\u00e9rapeutique, c&rsquo;est qu\u2019elle implique le passage de d\u00e9sirs inconscients dans une cr\u00e9ation consciente \u00e0 travers un langage. De plus, la relation du malade ou du groupe de malades au th\u00e9rapeute-animateur y joue un r\u00f4le n\u00e9cessaire, encore qu&rsquo;elle ne soit pas directement utilis\u00e9e.<\/p>\n\n\n\n<p class=\"has-text-align-left\"><\/p>\n\n\n\n<p class=\"has-text-align-left\"><\/p>\n\n\n\n<p class=\"has-text-color has-link-color wp-elements-0c5dd61414d2cb4c88e3596780dedeb0\" style=\"color:#2753a5\"><strong><em>Pour lire le texte complet <a href=\"\/index.php\/options-dinscription\/\"><mark style=\"background-color:rgba(0, 0, 0, 0)\" class=\"has-inline-color has-vivid-cyan-blue-color\">s&rsquo;inscrire<\/mark><\/a> ou <a href=\"\/index.php\/my-account\/edit-account\/\"><mark style=\"background-color:rgba(0, 0, 0, 0)\" class=\"has-inline-color has-vivid-cyan-blue-color\">se connecter<\/mark><\/a><\/em><\/strong><\/p>\n\n\n\n\n\n<div style=\"height:100px\" aria-hidden=\"true\" class=\"wp-block-spacer\"><\/div>\n\n\n\n<div class=\"wp-block-buttons is-content-justification-center is-layout-flex wp-container-core-buttons-is-layout-a89b3969 wp-block-buttons-is-layout-flex\">\n<div class=\"wp-block-button is-style-fill\"><a class=\"wp-block-button__link has-vivid-red-background-color has-background has-small-font-size has-custom-font-size wp-element-button\" href=\"\/index.php\/2025\/06\/13\/1974-expression-et-signe-no-1\/\">&lt;&#8211;retour<\/a><\/div>\n<\/div>\n<\/div>\n\n\n\n<div class=\"wp-block-column is-layout-flow wp-block-column-is-layout-flow\" style=\"flex-basis:33.33%\">\n<figure class=\"wp-block-table\"><table class=\"has-background\" style=\"background-color:#f8f2f2\"><thead><tr><th><mark class=\"has-inline-color has-vivid-red-color\" style=\"background-color: rgba(0, 0, 0, 0);\"><strong>Auteur<\/strong><\/mark><\/th><\/tr><\/thead><tbody><tr><td><strong>Dienesch Marie-\u00c9lisabeth<\/strong><\/td><\/tr><\/tbody><\/table><\/figure>\n\n\n\n<figure class=\"wp-block-table\"><table><thead><tr><th><mark class=\"has-inline-color has-vivid-red-color\" style=\"background-color: rgba(0, 0, 0, 0);\"><strong>R\u00e9f\u00e9rence<\/strong><\/mark><\/th><\/tr><\/thead><tbody><tr><td><strong>RR19741-03<\/strong><br>Expression et Signe, n\u00b01, 1974<\/td><\/tr><\/tbody><\/table><\/figure>\n\n\n\n<figure class=\"wp-block-table\"><table><thead><tr><th><mark class=\"has-inline-color has-vivid-red-color\" style=\"background-color: rgba(0, 0, 0, 0);\"><strong>Cat\u00e9gories<\/strong><\/mark><\/th><\/tr><\/thead><tbody><tr><td>Art-th\u00e9rapie<br>Th\u00e9\u00e2tre<br>Jeu<br>Voix<\/td><\/tr><\/tbody><\/table><\/figure>\n<\/div>\n<\/div>\n\n\n\n<p><\/p>\n","protected":false},"excerpt":{"rendered":"<p>Les r\u00e9flexions qui vont \u00eatre propos\u00e9es d\u00e9coulent d&rsquo;une exp\u00e9rience faite depuis quatre ann\u00e9es d&rsquo;une part avec les malades adultes d&rsquo;un service du Centre Hospitalier Sainte-Anne travaillant une fois par semaine en groupe ouvert et sans discrimination pr\u00e9alable, d&rsquo;autre part avec des enfants du Centre de Sant\u00e9 Mentale du 13 &lsquo;&hellip;<\/p>\n","protected":false},"author":2,"featured_media":0,"comment_status":"closed","ping_status":"open","sticky":false,"template":"","format":"standard","meta":{"pmpro_default_level":"","ngg_post_thumbnail":0,"footnotes":""},"categories":[1093],"tags":[492,1091,526,1106,504,608],"class_list":["post-5658","post","type-post","status-publish","format-standard","hentry","category-dienesch-marie-elisabeth","tag-art-therapie","tag-expression-et-signe-1974-no1","tag-jeu","tag-rr19741-03","tag-theatre","tag-voix","pmpro-has-access"],"_links":{"self":[{"href":"https:\/\/bibliotheque-sfpe-at.com\/index.php\/wp-json\/wp\/v2\/posts\/5658","targetHints":{"allow":["GET"]}}],"collection":[{"href":"https:\/\/bibliotheque-sfpe-at.com\/index.php\/wp-json\/wp\/v2\/posts"}],"about":[{"href":"https:\/\/bibliotheque-sfpe-at.com\/index.php\/wp-json\/wp\/v2\/types\/post"}],"author":[{"embeddable":true,"href":"https:\/\/bibliotheque-sfpe-at.com\/index.php\/wp-json\/wp\/v2\/users\/2"}],"replies":[{"embeddable":true,"href":"https:\/\/bibliotheque-sfpe-at.com\/index.php\/wp-json\/wp\/v2\/comments?post=5658"}],"version-history":[{"count":1,"href":"https:\/\/bibliotheque-sfpe-at.com\/index.php\/wp-json\/wp\/v2\/posts\/5658\/revisions"}],"predecessor-version":[{"id":5659,"href":"https:\/\/bibliotheque-sfpe-at.com\/index.php\/wp-json\/wp\/v2\/posts\/5658\/revisions\/5659"}],"wp:attachment":[{"href":"https:\/\/bibliotheque-sfpe-at.com\/index.php\/wp-json\/wp\/v2\/media?parent=5658"}],"wp:term":[{"taxonomy":"category","embeddable":true,"href":"https:\/\/bibliotheque-sfpe-at.com\/index.php\/wp-json\/wp\/v2\/categories?post=5658"},{"taxonomy":"post_tag","embeddable":true,"href":"https:\/\/bibliotheque-sfpe-at.com\/index.php\/wp-json\/wp\/v2\/tags?post=5658"}],"curies":[{"name":"wp","href":"https:\/\/api.w.org\/{rel}","templated":true}]}}