{"id":5662,"date":"2025-06-13T17:18:30","date_gmt":"2025-06-13T15:18:30","guid":{"rendered":"https:\/\/bibliotheque-sfpe-at.com\/?p=5662"},"modified":"2025-06-14T16:03:05","modified_gmt":"2025-06-14T14:03:05","slug":"deterioration-de-la-perception-musicale-et-de-lexpression-verbale","status":"publish","type":"post","link":"https:\/\/bibliotheque-sfpe-at.com\/index.php\/2025\/06\/13\/deterioration-de-la-perception-musicale-et-de-lexpression-verbale\/","title":{"rendered":"D\u00e9t\u00e9rioration de la perception musicale et de l\u2019expression verbale"},"content":{"rendered":"\n<div class=\"wp-block-columns is-layout-flex wp-container-core-columns-is-layout-28f84493 wp-block-columns-is-layout-flex\">\n<div class=\"wp-block-column is-layout-flow wp-block-column-is-layout-flow\" style=\"flex-basis:66.66%\">\n<p class=\"has-text-align-left\"><strong>L\u2019\u00e9tude du d\u00e9ficit musical des aphasiques<\/strong><\/p>\n\n\n\n<p class=\"has-text-align-left\"><\/p>\n\n\n\n<p>La pr\u00e9sente \u00e9tude se propose de d\u00e9finir un mode d&rsquo;appr\u00e9ciation du d\u00e9ficit musical chez les malades atteints de troubles du langage verbal. Plus pr\u00e9cis\u00e9ment, le but poursuivi est l&rsquo;\u00e9laboration d&rsquo;\u00e9preuves normalis\u00e9es qui tiennent compte de l\u2019\u00e9ventuel acquis musical ant\u00e9rieur \u00e0 la maladie, afin notamment de permettre le d\u00e9pistage de I&rsquo; \u00ab amusie \u00bb des aphasiques.<br>Les diff\u00e9rentes proc\u00e9dures d&rsquo;observation utilis\u00e9s jusqu&rsquo;en 1965 environ, pour tester des comportements de musiciens (compositeurs ou ex\u00e9cutants) ou de non-musiciens no sont pas satisfaisantes, car elles ne font pas de distinction entre deux caract\u00e9ristiques des formes m\u00e9lodiques, le rythme de la m\u00e9lodie et la courbe des hauteurs, alors que toutes les observations connues montrent que chez les aphasiques les troubles du rythme sont extr\u00eamement rares, et que la persistance de la perception rythmique soutient l&rsquo;identification des m\u00e9lodies.<br><\/p>\n\n\n\n<p><\/p>\n\n\n\n<p class=\"has-text-align-left\"><\/p>\n\n\n\n<p class=\"has-text-align-left\"><\/p>\n\n\n\n<p class=\"has-text-color has-link-color wp-elements-0c5dd61414d2cb4c88e3596780dedeb0\" style=\"color:#2753a5\"><strong><em>Pour lire le texte complet <a href=\"\/index.php\/options-dinscription\/\"><mark style=\"background-color:rgba(0, 0, 0, 0)\" class=\"has-inline-color has-vivid-cyan-blue-color\">s&rsquo;inscrire<\/mark><\/a> ou <a href=\"\/index.php\/my-account\/edit-account\/\"><mark style=\"background-color:rgba(0, 0, 0, 0)\" class=\"has-inline-color has-vivid-cyan-blue-color\">se connecter<\/mark><\/a><\/em><\/strong><\/p>\n\n\n\n\n\n<div style=\"height:100px\" aria-hidden=\"true\" class=\"wp-block-spacer\"><\/div>\n\n\n\n<div class=\"wp-block-buttons is-content-justification-center is-layout-flex wp-container-core-buttons-is-layout-a89b3969 wp-block-buttons-is-layout-flex\">\n<div class=\"wp-block-button is-style-fill\"><a class=\"wp-block-button__link has-vivid-red-background-color has-background has-small-font-size has-custom-font-size wp-element-button\" href=\"\/index.php\/2025\/06\/13\/1974-expression-et-signe-no-1\/\">&lt;&#8211;retour<\/a><\/div>\n<\/div>\n<\/div>\n\n\n\n<div class=\"wp-block-column is-layout-flow wp-block-column-is-layout-flow\" style=\"flex-basis:33.33%\">\n<figure class=\"wp-block-table\"><table class=\"has-background\" style=\"background-color:#f8f2f2\"><thead><tr><th><mark class=\"has-inline-color has-vivid-red-color\" style=\"background-color: rgba(0, 0, 0, 0);\"><strong>Auteur<\/strong><\/mark><\/th><\/tr><\/thead><tbody><tr><td><strong>Franc\u00e8s R<br>Lhermitte Fran\u00e7ois<br>Verdy M.F<\/strong><\/td><\/tr><\/tbody><\/table><\/figure>\n\n\n\n<figure class=\"wp-block-table\"><table><thead><tr><th><mark class=\"has-inline-color has-vivid-red-color\" style=\"background-color: rgba(0, 0, 0, 0);\"><strong>R\u00e9f\u00e9rence<\/strong><\/mark><\/th><\/tr><\/thead><tbody><tr><td><strong>RR19741-05<\/strong><br>Expression et Signe, n\u00b01, 1974<\/td><\/tr><\/tbody><\/table><\/figure>\n\n\n\n<figure class=\"wp-block-table\"><table><thead><tr><th><mark class=\"has-inline-color has-vivid-red-color\" style=\"background-color: rgba(0, 0, 0, 0);\"><strong>Cat\u00e9gories<\/strong><\/mark><\/th><\/tr><\/thead><tbody><tr><td>Neuropsychologie<br>Musique<br>\u00c9valuation<\/td><\/tr><\/tbody><\/table><\/figure>\n<\/div>\n<\/div>\n\n\n\n<p><\/p>\n","protected":false},"excerpt":{"rendered":"<p>L\u2019\u00e9tude du d\u00e9ficit musical des aphasiques La pr\u00e9sente \u00e9tude se propose de d\u00e9finir un mode d&rsquo;appr\u00e9ciation du d\u00e9ficit musical chez les malades atteints de troubles du langage verbal. Plus pr\u00e9cis\u00e9ment, le but poursuivi est l&rsquo;\u00e9laboration d&rsquo;\u00e9preuves normalis\u00e9es qui tiennent compte de l\u2019\u00e9ventuel acquis musical ant\u00e9rieur \u00e0 la maladie, afin notamment&hellip;<\/p>\n","protected":false},"author":2,"featured_media":0,"comment_status":"closed","ping_status":"open","sticky":false,"template":"","format":"standard","meta":{"pmpro_default_level":"","ngg_post_thumbnail":0,"footnotes":""},"categories":[1097,1096,1095],"tags":[561,1091,538,640,1108],"class_list":["post-5662","post","type-post","status-publish","format-standard","hentry","category-frances-r","category-lhermitte-francois","category-verdy-m-f","tag-evaluation","tag-expression-et-signe-1974-no1","tag-musique","tag-neuropsychologie","tag-rr19741-05","pmpro-has-access"],"_links":{"self":[{"href":"https:\/\/bibliotheque-sfpe-at.com\/index.php\/wp-json\/wp\/v2\/posts\/5662","targetHints":{"allow":["GET"]}}],"collection":[{"href":"https:\/\/bibliotheque-sfpe-at.com\/index.php\/wp-json\/wp\/v2\/posts"}],"about":[{"href":"https:\/\/bibliotheque-sfpe-at.com\/index.php\/wp-json\/wp\/v2\/types\/post"}],"author":[{"embeddable":true,"href":"https:\/\/bibliotheque-sfpe-at.com\/index.php\/wp-json\/wp\/v2\/users\/2"}],"replies":[{"embeddable":true,"href":"https:\/\/bibliotheque-sfpe-at.com\/index.php\/wp-json\/wp\/v2\/comments?post=5662"}],"version-history":[{"count":1,"href":"https:\/\/bibliotheque-sfpe-at.com\/index.php\/wp-json\/wp\/v2\/posts\/5662\/revisions"}],"predecessor-version":[{"id":5663,"href":"https:\/\/bibliotheque-sfpe-at.com\/index.php\/wp-json\/wp\/v2\/posts\/5662\/revisions\/5663"}],"wp:attachment":[{"href":"https:\/\/bibliotheque-sfpe-at.com\/index.php\/wp-json\/wp\/v2\/media?parent=5662"}],"wp:term":[{"taxonomy":"category","embeddable":true,"href":"https:\/\/bibliotheque-sfpe-at.com\/index.php\/wp-json\/wp\/v2\/categories?post=5662"},{"taxonomy":"post_tag","embeddable":true,"href":"https:\/\/bibliotheque-sfpe-at.com\/index.php\/wp-json\/wp\/v2\/tags?post=5662"}],"curies":[{"name":"wp","href":"https:\/\/api.w.org\/{rel}","templated":true}]}}