{"id":5693,"date":"2025-06-14T14:40:48","date_gmt":"2025-06-14T12:40:48","guid":{"rendered":"https:\/\/bibliotheque-sfpe-at.com\/?p=5693"},"modified":"2025-06-14T14:43:16","modified_gmt":"2025-06-14T12:43:16","slug":"1974-expression-et-signe-no-2","status":"publish","type":"post","link":"https:\/\/bibliotheque-sfpe-at.com\/index.php\/2025\/06\/14\/1974-expression-et-signe-no-2\/","title":{"rendered":"1974 expression et signe No 2"},"content":{"rendered":"<div class=\"wp-block-image\">\n<figure class=\"aligncenter size-large is-resized\"><a href=\"https:\/\/bibliotheque-sfpe-at.com\/wp-content\/uploads\/2025\/06\/RR197402-scaled.jpg\"><img loading=\"lazy\" decoding=\"async\" width=\"733\" height=\"1024\" src=\"https:\/\/bibliotheque-sfpe-at.com\/wp-content\/uploads\/2025\/06\/RR197402-733x1024.jpg\" alt=\"\" class=\"wp-image-5477\" style=\"width:350px\" srcset=\"https:\/\/bibliotheque-sfpe-at.com\/wp-content\/uploads\/2025\/06\/RR197402-733x1024.jpg 733w, https:\/\/bibliotheque-sfpe-at.com\/wp-content\/uploads\/2025\/06\/RR197402-215x300.jpg 215w, https:\/\/bibliotheque-sfpe-at.com\/wp-content\/uploads\/2025\/06\/RR197402-768x1074.jpg 768w, https:\/\/bibliotheque-sfpe-at.com\/wp-content\/uploads\/2025\/06\/RR197402-1099x1536.jpg 1099w, https:\/\/bibliotheque-sfpe-at.com\/wp-content\/uploads\/2025\/06\/RR197402-1465x2048.jpg 1465w, https:\/\/bibliotheque-sfpe-at.com\/wp-content\/uploads\/2025\/06\/RR197402-243x340.jpg 243w, https:\/\/bibliotheque-sfpe-at.com\/wp-content\/uploads\/2025\/06\/RR197402-429x600.jpg 429w, https:\/\/bibliotheque-sfpe-at.com\/wp-content\/uploads\/2025\/06\/RR197402-600x839.jpg 600w, https:\/\/bibliotheque-sfpe-at.com\/wp-content\/uploads\/2025\/06\/RR197402-scaled.jpg 1831w\" sizes=\"auto, (max-width: 733px) 100vw, 733px\" \/><\/a><\/figure>\n<\/div>\n\n\n<p><\/p>\n\n\n<div class='pt-cv-wrapper'> <div class=\"pt-cv-view pt-cv-blockgrid iscvblock iscvreal grid1 layout2 cveffect-zoomin\" id=\"pt-cv-view-3i0h7lt2\"><div data-id=\"pt-cv-page-1\" class=\"pt-cv-page\" data-cvc=\"4\"><div class=\" pt-cv-content-item pt-cv-1-col\" ><div class=\"pt-cv-taxoterm above_title\"><a href='https:\/\/bibliotheque-sfpe-at.com\/index.php\/category\/auteurs\/brauner-alfred\/' title='Brauner Alfred' class='pt-cv-tax-brauner-alfred'>Brauner Alfred<\/a><a href='https:\/\/bibliotheque-sfpe-at.com\/index.php\/category\/auteurs\/brauner-francoise\/' title='Brauner Fran\u00e7oise' class='pt-cv-tax-brauner-francoise'>Brauner Fran\u00e7oise<\/a><\/div>\n<h4 class=\"pt-cv-title\"><a href=\"https:\/\/bibliotheque-sfpe-at.com\/index.php\/2025\/06\/14\/les-enfants-dits-psychotiques-vus-a-travers-leur-maison-dessinee-peinte-ou-construite\/\" class=\"_self\" target=\"_self\" >Les enfants dits \u00ab psychotiques \u00bb vus \u00e0 travers leur \u00ab maison \u00bb, dessin\u00e9e, peinte ou construite<\/a><\/h4>\n<div class=\"pt-cv-content\">Parmi les sujets trait\u00e9s spontan\u00e9ment par les enfants psychotiques de nos Centres de traitement \u00e9ducatif, les maisons tiennent une place importante. Pour la pr\u00e9sente \u00e9tude, nous avons eu le choix parmi plus de trois cents travaux : dessins, peintures, modelages et constructions, impos\u00e9 le sujet &#8230;<\/div>\n<div class=\"pt-cv-rmwrap\"><a href=\"https:\/\/bibliotheque-sfpe-at.com\/index.php\/2025\/06\/14\/les-enfants-dits-psychotiques-vus-a-travers-leur-maison-dessinee-peinte-ou-construite\/\" class=\"_self pt-cv-readmore btn btn-success\" target=\"_self\" >Lire La Suite\u2026<\/a><\/div><\/div>\n<div class=\" pt-cv-content-item pt-cv-1-col\" ><div class=\"pt-cv-taxoterm above_title\"><a href='https:\/\/bibliotheque-sfpe-at.com\/index.php\/category\/auteurs\/denner-anne\/' title='Denner Anne' class='pt-cv-tax-denner-anne'>Denner Anne<\/a><\/div>\n<h4 class=\"pt-cv-title\"><a href=\"https:\/\/bibliotheque-sfpe-at.com\/index.php\/2025\/06\/14\/constructions-architecturales-et-modifications-de-lenvironnement-par-lenfant\/\" class=\"_self\" target=\"_self\" >Constructions architecturales et modifications de l\u2019environnement par l\u2019enfant<\/a><\/h4>\n<div class=\"pt-cv-content\">\u00e0 partir de mat\u00e9riaux informels : leur int\u00e9r\u00eat th\u00e9rapeutique Un atelier dit de \u00ab D\u00e9blocage scolaire \u00bb a \u00e9t\u00e9 constitu\u00e9, depuis quelques ann\u00e9es, dans le cadre de l&rsquo;Office public d&rsquo;Hygi\u00e8ne mentale, dans le 3e arrondissement de Paris, dans un service d&rsquo;enfants dirig\u00e9 par le Dr &#8230;<\/div>\n<div class=\"pt-cv-rmwrap\"><a href=\"https:\/\/bibliotheque-sfpe-at.com\/index.php\/2025\/06\/14\/constructions-architecturales-et-modifications-de-lenvironnement-par-lenfant\/\" class=\"_self pt-cv-readmore btn btn-success\" target=\"_self\" >Lire La Suite\u2026<\/a><\/div><\/div>\n<div class=\" pt-cv-content-item pt-cv-1-col\" ><div class=\"pt-cv-taxoterm above_title\"><a href='https:\/\/bibliotheque-sfpe-at.com\/index.php\/category\/auteurs\/benoit-g\/' title='Beno\u00eet G.' class='pt-cv-tax-benoit-g'>Beno\u00eet G.<\/a><\/div>\n<h4 class=\"pt-cv-title\"><a href=\"https:\/\/bibliotheque-sfpe-at.com\/index.php\/2025\/06\/14\/de-larrieration-et-de-larchitecture\/\" class=\"_self\" target=\"_self\" >De l\u2019arri\u00e9ration et de l\u2019architecture<\/a><\/h4>\n<div class=\"pt-cv-content\">Il para\u00eet du bon sens de dire actuellement que l&rsquo;architecture de collectivit\u00e9 doit \u00eatre d\u00e9finie essentiellement \u00e0 partir des commodit\u00e9s d&rsquo;ha-sp\u00e9cifique pour les membres de la collectivit\u00e9.Mais, de m\u00eame que l&rsquo;uniforme du hussard conserve longtemps apr\u00e8s qu&rsquo;il ne soit plus \u00e0 cheval nombre d&rsquo;accessoires fort &#8230;<\/div>\n<div class=\"pt-cv-rmwrap\"><a href=\"https:\/\/bibliotheque-sfpe-at.com\/index.php\/2025\/06\/14\/de-larrieration-et-de-larchitecture\/\" class=\"_self pt-cv-readmore btn btn-success\" target=\"_self\" >Lire La Suite\u2026<\/a><\/div><\/div>\n<div class=\" pt-cv-content-item pt-cv-1-col\" ><div class=\"pt-cv-taxoterm above_title\"><a href='https:\/\/bibliotheque-sfpe-at.com\/index.php\/category\/auteurs\/leroy-c\/' title='Leroy C.' class='pt-cv-tax-leroy-c'>Leroy C.<\/a><\/div>\n<h4 class=\"pt-cv-title\"><a href=\"https:\/\/bibliotheque-sfpe-at.com\/index.php\/2025\/06\/14\/linfluence-de-lespace-temps-de-la-structure-soignante-sur-la-relation-avec-le-malade\/\" class=\"_self\" target=\"_self\" >L\u2019influence de l\u2019espace-temps de la structure soignante sur la relation avec le malade<\/a><\/h4>\n<div class=\"pt-cv-content\">\u00a0\u00bb L&rsquo;homme inscrit tout dans son espace. \u00ab\u00a0H. Lefebvre Nous allons tenter de donner quelques \u00e9l\u00e9ments concernant l&rsquo;espace et le temps de la structure soignante.La consultation dans le bureau du m\u00e9decin &#8211; relation duelleLa distance, mais aussi les positions respectives interviennent dans la relation duelle &#8230;<\/div>\n<div class=\"pt-cv-rmwrap\"><a href=\"https:\/\/bibliotheque-sfpe-at.com\/index.php\/2025\/06\/14\/linfluence-de-lespace-temps-de-la-structure-soignante-sur-la-relation-avec-le-malade\/\" class=\"_self pt-cv-readmore btn btn-success\" target=\"_self\" >Lire La Suite\u2026<\/a><\/div><\/div>\n<div class=\" pt-cv-content-item pt-cv-1-col\" ><div class=\"pt-cv-taxoterm above_title\"><a href='https:\/\/bibliotheque-sfpe-at.com\/index.php\/category\/auteurs\/bonnafe-lucien\/' title='Bonnaf\u00e9 Lucien' class='pt-cv-tax-bonnafe-lucien'>Bonnaf\u00e9 Lucien<\/a><\/div>\n<h4 class=\"pt-cv-title\"><a href=\"https:\/\/bibliotheque-sfpe-at.com\/index.php\/2025\/06\/14\/cadre-de-vie-et-malaise-a-vivre\/\" class=\"_self\" target=\"_self\" >Cadre de vie et malaise \u00e0 vivre<\/a><\/h4>\n<div class=\"pt-cv-content\">Les villes que j&rsquo;ai vues vivaient comme des folles \u00ab\u00a0G. Apollinaire Le 8 d\u00e9cembre 1973, invit\u00e9 \u00e0 participer \u00e0 la journ\u00e9e dont les mat\u00e9riaux sont ici rassembl\u00e9s, je proposai aux d\u00e9bats des fragments d&rsquo;un manuscrit alors quasi achev\u00e9. Ce travail, qui contribuait \u00e0 la pr\u00e9paration &#8230;<\/div>\n<div class=\"pt-cv-rmwrap\"><a href=\"https:\/\/bibliotheque-sfpe-at.com\/index.php\/2025\/06\/14\/cadre-de-vie-et-malaise-a-vivre\/\" class=\"_self pt-cv-readmore btn btn-success\" target=\"_self\" >Lire La Suite\u2026<\/a><\/div><\/div>\n<div class=\" pt-cv-content-item pt-cv-1-col\" ><div class=\"pt-cv-taxoterm above_title\"><a href='https:\/\/bibliotheque-sfpe-at.com\/index.php\/category\/auteurs\/laborit-henri\/' title='Laborit Henri' class='pt-cv-tax-laborit-henri'>Laborit Henri<\/a><\/div>\n<h4 class=\"pt-cv-title\"><a href=\"https:\/\/bibliotheque-sfpe-at.com\/index.php\/2025\/06\/14\/essai-de-biosociologie-urbaine\/\" class=\"_self\" target=\"_self\" >Essai de biosociologie urbaine<\/a><\/h4>\n<div class=\"pt-cv-content\">On pourrait comprendre ce titre comme une introduction \u00e0 l&rsquo;Hygi\u00e8ne urbaine ou \u00e0 une Physiologie du travail, telles que d&rsquo;excellents livres les \u00e9tudient. En r\u00e9alit\u00e9, l&rsquo;approche que nous avons faite des relations entre la biologie et l&rsquo;urbanisme se situe \u00e0 un autre niveau d&rsquo;organisation, celui &#8230;<\/div>\n<div class=\"pt-cv-rmwrap\"><a href=\"https:\/\/bibliotheque-sfpe-at.com\/index.php\/2025\/06\/14\/essai-de-biosociologie-urbaine\/\" class=\"_self pt-cv-readmore btn btn-success\" target=\"_self\" >Lire La Suite\u2026<\/a><\/div><\/div>\n<div class=\" pt-cv-content-item pt-cv-1-col\" ><div class=\"pt-cv-taxoterm above_title\"><a href='https:\/\/bibliotheque-sfpe-at.com\/index.php\/category\/auteurs\/nick-philippe\/' title='Nick Philippe' class='pt-cv-tax-nick-philippe'>Nick Philippe<\/a><\/div>\n<h4 class=\"pt-cv-title\"><a href=\"https:\/\/bibliotheque-sfpe-at.com\/index.php\/2025\/08\/31\/larchitecte-ideologie-et-imaginaire\/\" class=\"_self\" target=\"_self\" >L\u2019architecte, id\u00e9ologie et imaginaire<\/a><\/h4>\n<div class=\"pt-cv-content\">Si l\u2019architecte lib\u00e9ral demeure, dans le public et parfois dans les \u00e9coles d&rsquo;architecture, l&rsquo;image de l&rsquo;architecte, cette image est singuli\u00e8rement trompeuse car le jeune dipl\u00f4m\u00e9 ne devient que rarement patron d&rsquo;agence ; comme tant d&rsquo;autres il devient un cadre. Jeunes cadres et glorieux patrons, tous &#8230;<\/div>\n<div class=\"pt-cv-rmwrap\"><a href=\"https:\/\/bibliotheque-sfpe-at.com\/index.php\/2025\/08\/31\/larchitecte-ideologie-et-imaginaire\/\" class=\"_self pt-cv-readmore btn btn-success\" target=\"_self\" >Lire La Suite\u2026<\/a><\/div><\/div>\n<div class=\" pt-cv-content-item pt-cv-1-col\" ><div class=\"pt-cv-taxoterm above_title\"><a href='https:\/\/bibliotheque-sfpe-at.com\/index.php\/category\/auteurs\/this-claude\/' title='This Claude' class='pt-cv-tax-this-claude'>This Claude<\/a><\/div>\n<h4 class=\"pt-cv-title\"><a href=\"https:\/\/bibliotheque-sfpe-at.com\/index.php\/2025\/08\/31\/larchitecte-face-au-vide\/\" class=\"_self\" target=\"_self\" >L\u2019architecte face au vide<\/a><\/h4>\n<div class=\"pt-cv-content\">L&rsquo;homme na\u00eet pr\u00e9matur\u00e9. C\u2019est dire qu&rsquo;il a besoin. Nourriture, chaleur, bonne temp\u00e9rature, soins corporels, propret\u00e9, tout cet ensemble qu\u2019on appelle le maternage est vital.Mais peut-on r\u00e9duire les demandes de l\u2019enfant \u00e0 ce niveau du besoin et l\u2019enfant se r\u00e9f\u00e8re-t-il seulement \u00e0 cet autre, nourricier, protecteur, &#8230;<\/div>\n<div class=\"pt-cv-rmwrap\"><a href=\"https:\/\/bibliotheque-sfpe-at.com\/index.php\/2025\/08\/31\/larchitecte-face-au-vide\/\" class=\"_self pt-cv-readmore btn btn-success\" target=\"_self\" >Lire La Suite\u2026<\/a><\/div><\/div>\n<div class=\" pt-cv-content-item pt-cv-1-col\" ><div class=\"pt-cv-taxoterm above_title\"><a href='https:\/\/bibliotheque-sfpe-at.com\/index.php\/category\/auteurs\/gaillard-claude\/' title='Gaillard Claude' class='pt-cv-tax-gaillard-claude'>Gaillard Claude<\/a><\/div>\n<h4 class=\"pt-cv-title\"><a href=\"https:\/\/bibliotheque-sfpe-at.com\/index.php\/2025\/08\/31\/limaginaire-et-la-pensee-de-la-ville-la-provocation-du-reel\/\" class=\"_self\" target=\"_self\" >L\u2019imaginaire et la pens\u00e9e de la ville. \u00ab La provocation du r\u00e9el \u00bb<\/a><\/h4>\n<div class=\"pt-cv-content\">LA PROVOCATION DU R\u00c9ELNul ne peut plus l&rsquo;ignorer aujourd&rsquo;hui : il faut construire des villes.Et il y faut vivre comme il faut vivre dans ce que sont devenues les villes d&rsquo;hier.Alors on se demande ce qu&rsquo;est une ville, ce qu&rsquo;est la ville. De quoi il &#8230;<\/div>\n<div class=\"pt-cv-rmwrap\"><a href=\"https:\/\/bibliotheque-sfpe-at.com\/index.php\/2025\/08\/31\/limaginaire-et-la-pensee-de-la-ville-la-provocation-du-reel\/\" class=\"_self pt-cv-readmore btn btn-success\" target=\"_self\" >Lire La Suite\u2026<\/a><\/div><\/div><\/div><\/div> <\/div> <style>\n\n#pt-cv-view-3i0h7lt2 .pt-cv-meta-fields {  }#pt-cv-view-3i0h7lt2 .pt-cv-meta-fields * { font-size: 13px; }#pt-cv-view-3i0h7lt2 .pt-cv-thumb-wrapper:not(.miniwrap) {  }#pt-cv-view-3i0h7lt2 .pt-cv-thumbnail:not(.pt-cv-thumbnailsm) { height: 250px; }#pt-cv-view-3i0h7lt2 .pt-cv-title a { display: block;color: #a83838; }#pt-cv-view-3i0h7lt2 .pt-cv-title:not(.pt-cv-titlesm) a { font-weight: 600;text-decoration: none;font-size: 20px; }#pt-cv-view-3i0h7lt2 .pt-cv-titlesm a { font-weight: 600;font-size: 18px; }#pt-cv-view-3i0h7lt2 .pt-cv-content { font-size: 12px; }#pt-cv-view-3i0h7lt2 .pt-cv-rmwrap {  }#pt-cv-view-3i0h7lt2 .pt-cv-readmore { color: #951a1a;background-color: #ffffff00;font-style: italic;font-size: 12px; }#pt-cv-view-3i0h7lt2 .pt-cv-taxoterm {  }#pt-cv-view-3i0h7lt2 .pt-cv-taxoterm * { color: #9badb7;background-color: #f5f0f057;border-style: solid;font-size: 14px;border-width: 1.5px 1.5px 1.5px 1.5px;border-radius: 8px 8px 8px 8px; }#pt-cv-view-3i0h7lt2 + .pt-cv-pagination-wrapper {  }#pt-cv-view-3i0h7lt2 + .pt-cv-pagination-wrapper a { font-size: 14px; }#pt-cv-view-3i0h7lt2 > .pt-cv-page {grid-template-columns: repeat(4, 1fr);grid-gap: 13px;}\n@media all and (max-width: 1024px) { \n#pt-cv-view-3i0h7lt2 > .pt-cv-page {}\n} \n@media all and (max-width: 767px) { \n#pt-cv-view-3i0h7lt2 > .pt-cv-page {grid-template-columns: repeat(1, 1fr);}\n} <\/style>\n\n\n<div style=\"height:54px\" aria-hidden=\"true\" class=\"wp-block-spacer\"><\/div>\n\n\n\n<div class=\"wp-block-buttons is-content-justification-center is-layout-flex wp-container-core-buttons-is-layout-a89b3969 wp-block-buttons-is-layout-flex\">\n<div class=\"wp-block-button\"><a class=\"wp-block-button__link has-vivid-red-background-color has-background has-small-font-size has-custom-font-size wp-element-button\" href=\"\/index.php\/revues-avant-2010\/\">&lt;&#8211; retour<\/a><\/div>\n<\/div>\n","protected":false},"excerpt":{"rendered":"","protected":false},"author":2,"featured_media":5477,"comment_status":"closed","ping_status":"open","sticky":false,"template":"","format":"standard","meta":{"pmpro_default_level":"","ngg_post_thumbnail":0,"footnotes":""},"categories":[1],"tags":[26],"class_list":["post-5693","post","type-post","status-publish","format-standard","has-post-thumbnail","hentry","category-non-classe","tag-avant-2010","pmpro-has-access"],"_links":{"self":[{"href":"https:\/\/bibliotheque-sfpe-at.com\/index.php\/wp-json\/wp\/v2\/posts\/5693","targetHints":{"allow":["GET"]}}],"collection":[{"href":"https:\/\/bibliotheque-sfpe-at.com\/index.php\/wp-json\/wp\/v2\/posts"}],"about":[{"href":"https:\/\/bibliotheque-sfpe-at.com\/index.php\/wp-json\/wp\/v2\/types\/post"}],"author":[{"embeddable":true,"href":"https:\/\/bibliotheque-sfpe-at.com\/index.php\/wp-json\/wp\/v2\/users\/2"}],"replies":[{"embeddable":true,"href":"https:\/\/bibliotheque-sfpe-at.com\/index.php\/wp-json\/wp\/v2\/comments?post=5693"}],"version-history":[{"count":2,"href":"https:\/\/bibliotheque-sfpe-at.com\/index.php\/wp-json\/wp\/v2\/posts\/5693\/revisions"}],"predecessor-version":[{"id":5697,"href":"https:\/\/bibliotheque-sfpe-at.com\/index.php\/wp-json\/wp\/v2\/posts\/5693\/revisions\/5697"}],"wp:featuredmedia":[{"embeddable":true,"href":"https:\/\/bibliotheque-sfpe-at.com\/index.php\/wp-json\/wp\/v2\/media\/5477"}],"wp:attachment":[{"href":"https:\/\/bibliotheque-sfpe-at.com\/index.php\/wp-json\/wp\/v2\/media?parent=5693"}],"wp:term":[{"taxonomy":"category","embeddable":true,"href":"https:\/\/bibliotheque-sfpe-at.com\/index.php\/wp-json\/wp\/v2\/categories?post=5693"},{"taxonomy":"post_tag","embeddable":true,"href":"https:\/\/bibliotheque-sfpe-at.com\/index.php\/wp-json\/wp\/v2\/tags?post=5693"}],"curies":[{"name":"wp","href":"https:\/\/api.w.org\/{rel}","templated":true}]}}