{"id":5699,"date":"2025-06-14T14:49:32","date_gmt":"2025-06-14T12:49:32","guid":{"rendered":"https:\/\/bibliotheque-sfpe-at.com\/?p=5699"},"modified":"2025-06-14T16:03:22","modified_gmt":"2025-06-14T14:03:22","slug":"constructions-architecturales-et-modifications-de-lenvironnement-par-lenfant","status":"publish","type":"post","link":"https:\/\/bibliotheque-sfpe-at.com\/index.php\/2025\/06\/14\/constructions-architecturales-et-modifications-de-lenvironnement-par-lenfant\/","title":{"rendered":"Constructions architecturales et modifications de l\u2019environnement par l\u2019enfant"},"content":{"rendered":"\n<div class=\"wp-block-columns is-layout-flex wp-container-core-columns-is-layout-28f84493 wp-block-columns-is-layout-flex\">\n<div class=\"wp-block-column is-layout-flow wp-block-column-is-layout-flow\" style=\"flex-basis:66.66%\">\n<p class=\"has-text-align-left\"><strong>\u00e0 partir de mat\u00e9riaux informels : leur int\u00e9r\u00eat th\u00e9rapeutique<\/strong><\/p>\n\n\n\n<p>Un atelier dit de \u00ab D\u00e9blocage scolaire \u00bb a \u00e9t\u00e9 constitu\u00e9, depuis quelques ann\u00e9es, dans le cadre de l&rsquo;Office public d&rsquo;Hygi\u00e8ne mentale, dans le 3e arrondissement de Paris, dans un service d&rsquo;enfants dirig\u00e9 par le Dr G. Beno\u00eet.<br>Cet atelier a pour but d&rsquo;accueillir des enfants pr\u00e9sentant des refus scolaires massifs dans le domaine de la lecture, de l&rsquo;\u00e9criture et du calcul. Cette population d&rsquo;enfants est caract\u00e9ris\u00e9e par le fait que tous ont des niveaux intellectuels normaux ou m\u00eame sup\u00e9rieurs, mais pr\u00e9sentent par ailleurs des difficult\u00e9s d&rsquo;adaptation d&rsquo;ordre affectif. Celles-ci sont \u00e0 replacer dans le contexte social du quartier, o\u00f9 les familles souffrent de conditions de logement souvent difficiles et o\u00f9 l&rsquo;on trouve un assez grand nombre d&rsquo;enfants transplant\u00e9s (d&rsquo;origine espagnole ou nord-africaine).<br>Cet atelier, centr\u00e9 sur le but pr\u00e9cis de la r\u00e9adaptation scolaire ou plut\u00f4t sur la n\u00e9cessit\u00e9 de redonner \u00e0 l&rsquo;enfant le go\u00fbt d&rsquo;apprendre, utilisait des techniques d&rsquo;expression d\u00e9j\u00e0 connues, telles que modelage (utilisation de la terre glaise et de l&rsquo;eau), peinture, dessin. Ces derni\u00e8res font intervenir, dans le processus d&rsquo;expression, une adaptation \u00e0 la surface plane \u00e0 deux dimensions, selon des sch\u00e9mas culturellement d\u00e9finis. Le modelage de la terre glaise, m\u00eame si elle est abondamment octroy\u00e9e aux enfants, ne leur permet de r\u00e9aliser, en g\u00e9n\u00e9ral, que des objets de petite dimension. <\/p>\n\n\n\n<p><\/p>\n\n\n\n<p><\/p>\n\n\n\n<p class=\"has-text-align-left\"><\/p>\n\n\n\n<p class=\"has-text-align-left\"><\/p>\n\n\n\n<p class=\"has-text-color has-link-color wp-elements-0c5dd61414d2cb4c88e3596780dedeb0\" style=\"color:#2753a5\"><strong><em>Pour lire le texte complet <a href=\"\/index.php\/options-dinscription\/\"><mark style=\"background-color:rgba(0, 0, 0, 0)\" class=\"has-inline-color has-vivid-cyan-blue-color\">s&rsquo;inscrire<\/mark><\/a> ou <a href=\"\/index.php\/my-account\/edit-account\/\"><mark style=\"background-color:rgba(0, 0, 0, 0)\" class=\"has-inline-color has-vivid-cyan-blue-color\">se connecter<\/mark><\/a><\/em><\/strong><\/p>\n\n\n\n\n\n<div style=\"height:100px\" aria-hidden=\"true\" class=\"wp-block-spacer\"><\/div>\n\n\n\n<div class=\"wp-block-buttons is-content-justification-center is-layout-flex wp-container-core-buttons-is-layout-a89b3969 wp-block-buttons-is-layout-flex\">\n<div class=\"wp-block-button is-style-fill\"><a class=\"wp-block-button__link has-vivid-red-background-color has-background has-small-font-size has-custom-font-size wp-element-button\" href=\"\/index.php\/2025\/06\/14\/1974-expression-et-signe-no-2\/\">&lt;&#8211;retour<\/a><\/div>\n<\/div>\n<\/div>\n\n\n\n<div class=\"wp-block-column is-layout-flow wp-block-column-is-layout-flow\" style=\"flex-basis:33.33%\">\n<figure class=\"wp-block-table\"><table class=\"has-background\" style=\"background-color:#f8f2f2\"><thead><tr><th><mark class=\"has-inline-color has-vivid-red-color\" style=\"background-color: rgba(0, 0, 0, 0);\"><strong>Auteur<\/strong><\/mark><\/th><\/tr><\/thead><tbody><tr><td><strong>Denner Anne<\/strong><\/td><\/tr><\/tbody><\/table><\/figure>\n\n\n\n<figure class=\"wp-block-table\"><table><thead><tr><th><mark class=\"has-inline-color has-vivid-red-color\" style=\"background-color: rgba(0, 0, 0, 0);\"><strong>R\u00e9f\u00e9rence<\/strong><\/mark><\/th><\/tr><\/thead><tbody><tr><td><strong>RR19742-02<\/strong><br>Expression et Signe, n\u00b02, 1974<\/td><\/tr><\/tbody><\/table><\/figure>\n\n\n\n<figure class=\"wp-block-table\"><table><thead><tr><th><mark class=\"has-inline-color has-vivid-red-color\" style=\"background-color: rgba(0, 0, 0, 0);\"><strong>Cat\u00e9gories<\/strong><\/mark><\/th><\/tr><\/thead><tbody><tr><td>\u00c9ducation<br>Architecture<br>Dispositif de m\u00e9diation<br>\u00c9tude de cas<br>Enfance<\/td><\/tr><\/tbody><\/table><\/figure>\n<\/div>\n<\/div>\n\n\n\n<p><\/p>\n","protected":false},"excerpt":{"rendered":"<p>\u00e0 partir de mat\u00e9riaux informels : leur int\u00e9r\u00eat th\u00e9rapeutique Un atelier dit de \u00ab D\u00e9blocage scolaire \u00bb a \u00e9t\u00e9 constitu\u00e9, depuis quelques ann\u00e9es, dans le cadre de l&rsquo;Office public d&rsquo;Hygi\u00e8ne mentale, dans le 3e arrondissement de Paris, dans un service d&rsquo;enfants dirig\u00e9 par le Dr G. Beno\u00eet.Cet atelier a pour&hellip;<\/p>\n","protected":false},"author":2,"featured_media":0,"comment_status":"closed","ping_status":"open","sticky":false,"template":"","format":"standard","meta":{"pmpro_default_level":"","ngg_post_thumbnail":0,"footnotes":""},"categories":[1001],"tags":[513,505,831,549,493,1098,1110],"class_list":["post-5699","post","type-post","status-publish","format-standard","hentry","category-denner-anne","tag-architecture","tag-dispositif-de-mediation","tag-education","tag-enfance","tag-cas-clinique","tag-expression-et-signe-1974-no2","tag-rr19742-02","pmpro-has-access"],"_links":{"self":[{"href":"https:\/\/bibliotheque-sfpe-at.com\/index.php\/wp-json\/wp\/v2\/posts\/5699","targetHints":{"allow":["GET"]}}],"collection":[{"href":"https:\/\/bibliotheque-sfpe-at.com\/index.php\/wp-json\/wp\/v2\/posts"}],"about":[{"href":"https:\/\/bibliotheque-sfpe-at.com\/index.php\/wp-json\/wp\/v2\/types\/post"}],"author":[{"embeddable":true,"href":"https:\/\/bibliotheque-sfpe-at.com\/index.php\/wp-json\/wp\/v2\/users\/2"}],"replies":[{"embeddable":true,"href":"https:\/\/bibliotheque-sfpe-at.com\/index.php\/wp-json\/wp\/v2\/comments?post=5699"}],"version-history":[{"count":1,"href":"https:\/\/bibliotheque-sfpe-at.com\/index.php\/wp-json\/wp\/v2\/posts\/5699\/revisions"}],"predecessor-version":[{"id":5700,"href":"https:\/\/bibliotheque-sfpe-at.com\/index.php\/wp-json\/wp\/v2\/posts\/5699\/revisions\/5700"}],"wp:attachment":[{"href":"https:\/\/bibliotheque-sfpe-at.com\/index.php\/wp-json\/wp\/v2\/media?parent=5699"}],"wp:term":[{"taxonomy":"category","embeddable":true,"href":"https:\/\/bibliotheque-sfpe-at.com\/index.php\/wp-json\/wp\/v2\/categories?post=5699"},{"taxonomy":"post_tag","embeddable":true,"href":"https:\/\/bibliotheque-sfpe-at.com\/index.php\/wp-json\/wp\/v2\/tags?post=5699"}],"curies":[{"name":"wp","href":"https:\/\/api.w.org\/{rel}","templated":true}]}}