{"id":5726,"date":"2025-06-14T18:32:56","date_gmt":"2025-06-14T16:32:56","guid":{"rendered":"https:\/\/bibliotheque-sfpe-at.com\/?p=5726"},"modified":"2025-06-15T10:47:46","modified_gmt":"2025-06-15T08:47:46","slug":"le-troisieme-age-signe-de-vie-contre-signe-de-mort-la-therapie-par-un-travail-creatif","status":"publish","type":"post","link":"https:\/\/bibliotheque-sfpe-at.com\/index.php\/2025\/06\/14\/le-troisieme-age-signe-de-vie-contre-signe-de-mort-la-therapie-par-un-travail-creatif\/","title":{"rendered":"Le troisi\u00e8me \u00e2ge : signe de vie contre signe de mort. La th\u00e9rapie par un travail cr\u00e9atif"},"content":{"rendered":"\n<div class=\"wp-block-columns is-layout-flex wp-container-core-columns-is-layout-28f84493 wp-block-columns-is-layout-flex\">\n<div class=\"wp-block-column is-layout-flow wp-block-column-is-layout-flow\" style=\"flex-basis:66.66%\">\n<p class=\"has-text-align-right\"><\/p>\n\n\n\n<p class=\"has-text-align-left\">Nous rapportons ici une modeste exp\u00e9rience d&rsquo;utilisation des capacit\u00e9s cr\u00e9atrices chez des personnes de plus de 65 ans. Hormis l&rsquo;int\u00e9r\u00eat th\u00e9rapeutique qui a \u00e9t\u00e9 constamment \u00e0 l&rsquo;arri\u00e8re-plan de nos pr\u00e9occupations au cours de notre action, celle-ci repose \u00e9videmment le probl\u00e8me fondamental de savoir si les possibilit\u00e9s de cr\u00e9ation diminuent et m\u00eame disparaissent avec l&rsquo;avance en \u00e2ge, ce dont on est persuad\u00e9 g\u00e9n\u00e9ralement.<br>Mais avant de relater l&rsquo;exp\u00e9rience et les r\u00e9flexions qu&rsquo;elle nous a inspir\u00e9es, il convient de dire quelques mots sur le cadre dans lequel elle s\u2019est d\u00e9roul\u00e9e.<\/p>\n\n\n\n<p class=\"has-text-align-left\"><\/p>\n\n\n\n<p class=\"has-text-align-left\"><\/p>\n\n\n\n<p class=\"has-text-align-left\"><\/p>\n\n\n\n<p class=\"has-text-color has-link-color wp-elements-0c5dd61414d2cb4c88e3596780dedeb0\" style=\"color:#2753a5\"><strong><em>Pour lire le texte complet <a href=\"\/index.php\/options-dinscription\/\"><mark style=\"background-color:rgba(0, 0, 0, 0)\" class=\"has-inline-color has-vivid-cyan-blue-color\">s&rsquo;inscrire<\/mark><\/a> ou <a href=\"\/index.php\/my-account\/edit-account\/\"><mark style=\"background-color:rgba(0, 0, 0, 0)\" class=\"has-inline-color has-vivid-cyan-blue-color\">se connecter<\/mark><\/a><\/em><\/strong><\/p>\n\n\n\n\n\n<div style=\"height:100px\" aria-hidden=\"true\" class=\"wp-block-spacer\"><\/div>\n\n\n\n<div class=\"wp-block-buttons is-content-justification-center is-layout-flex wp-container-core-buttons-is-layout-a89b3969 wp-block-buttons-is-layout-flex\">\n<div class=\"wp-block-button is-style-fill\"><a class=\"wp-block-button__link has-vivid-red-background-color has-background has-small-font-size has-custom-font-size wp-element-button\" href=\"\/index.php\/2025\/06\/14\/1974-expression-et-signe-no-4\/\">&lt;&#8211;retour<\/a><\/div>\n<\/div>\n<\/div>\n\n\n\n<div class=\"wp-block-column is-layout-flow wp-block-column-is-layout-flow\" style=\"flex-basis:33.33%\">\n<figure class=\"wp-block-table\"><table class=\"has-background\" style=\"background-color:#f8f2f2\"><thead><tr><th><mark class=\"has-inline-color has-vivid-red-color\" style=\"background-color: rgba(0, 0, 0, 0);\"><strong>Auteur<\/strong><\/mark><\/th><\/tr><\/thead><tbody><tr><td><strong>Balier Claude<br>Fichot Jacqueine<\/strong><\/td><\/tr><\/tbody><\/table><\/figure>\n\n\n\n<figure class=\"wp-block-table\"><table><thead><tr><th><mark class=\"has-inline-color has-vivid-red-color\" style=\"background-color: rgba(0, 0, 0, 0);\"><strong>R\u00e9f\u00e9rence<\/strong><\/mark><\/th><\/tr><\/thead><tbody><tr><td><strong>RR19744-01<\/strong><br>Expression et Signe, n\u00b04, 1974<\/td><\/tr><\/tbody><\/table><\/figure>\n\n\n\n<figure class=\"wp-block-table\"><table><thead><tr><th><mark class=\"has-inline-color has-vivid-red-color\" style=\"background-color: rgba(0, 0, 0, 0);\"><strong>Cat\u00e9gories<\/strong><\/mark><\/th><\/tr><\/thead><tbody><tr><td>Arts plastiques<br>Art-th\u00e9rapie<br>\u00c9tude de cas<br>Personnes \u00e2g\u00e9es<br>Psychopathologie de l\u2019expression<br>Psychanalyse<\/td><\/tr><\/tbody><\/table><\/figure>\n<\/div>\n<\/div>\n\n\n\n<p><\/p>\n","protected":false},"excerpt":{"rendered":"<p>Nous rapportons ici une modeste exp\u00e9rience d&rsquo;utilisation des capacit\u00e9s cr\u00e9atrices chez des personnes de plus de 65 ans. Hormis l&rsquo;int\u00e9r\u00eat th\u00e9rapeutique qui a \u00e9t\u00e9 constamment \u00e0 l&rsquo;arri\u00e8re-plan de nos pr\u00e9occupations au cours de notre action, celle-ci repose \u00e9videmment le probl\u00e8me fondamental de savoir si les possibilit\u00e9s de cr\u00e9ation diminuent et&hellip;<\/p>\n","protected":false},"author":2,"featured_media":0,"comment_status":"closed","ping_status":"open","sticky":false,"template":"","format":"standard","meta":{"pmpro_default_level":"","ngg_post_thumbnail":0,"footnotes":""},"categories":[1127,1128],"tags":[492,503,493,1078,675,494,488,1134],"class_list":["post-5726","post","type-post","status-publish","format-standard","hentry","category-balier-claude","category-fichot-jacqueine","tag-art-therapie","tag-arts-plastiques","tag-cas-clinique","tag-expression-et-signe-1974-no4","tag-personne-agee","tag-psychanalyse","tag-psychopathologie-de-lexpression","tag-rr19744-01","pmpro-has-access"],"_links":{"self":[{"href":"https:\/\/bibliotheque-sfpe-at.com\/index.php\/wp-json\/wp\/v2\/posts\/5726","targetHints":{"allow":["GET"]}}],"collection":[{"href":"https:\/\/bibliotheque-sfpe-at.com\/index.php\/wp-json\/wp\/v2\/posts"}],"about":[{"href":"https:\/\/bibliotheque-sfpe-at.com\/index.php\/wp-json\/wp\/v2\/types\/post"}],"author":[{"embeddable":true,"href":"https:\/\/bibliotheque-sfpe-at.com\/index.php\/wp-json\/wp\/v2\/users\/2"}],"replies":[{"embeddable":true,"href":"https:\/\/bibliotheque-sfpe-at.com\/index.php\/wp-json\/wp\/v2\/comments?post=5726"}],"version-history":[{"count":1,"href":"https:\/\/bibliotheque-sfpe-at.com\/index.php\/wp-json\/wp\/v2\/posts\/5726\/revisions"}],"predecessor-version":[{"id":5727,"href":"https:\/\/bibliotheque-sfpe-at.com\/index.php\/wp-json\/wp\/v2\/posts\/5726\/revisions\/5727"}],"wp:attachment":[{"href":"https:\/\/bibliotheque-sfpe-at.com\/index.php\/wp-json\/wp\/v2\/media?parent=5726"}],"wp:term":[{"taxonomy":"category","embeddable":true,"href":"https:\/\/bibliotheque-sfpe-at.com\/index.php\/wp-json\/wp\/v2\/categories?post=5726"},{"taxonomy":"post_tag","embeddable":true,"href":"https:\/\/bibliotheque-sfpe-at.com\/index.php\/wp-json\/wp\/v2\/tags?post=5726"}],"curies":[{"name":"wp","href":"https:\/\/api.w.org\/{rel}","templated":true}]}}