{"id":5732,"date":"2025-06-15T10:28:02","date_gmt":"2025-06-15T08:28:02","guid":{"rendered":"https:\/\/bibliotheque-sfpe-at.com\/?p=5732"},"modified":"2025-06-15T10:48:02","modified_gmt":"2025-06-15T08:48:02","slug":"place-dun-atelier-dexpression-dans-une-consultation-medico-psychologique-infantile","status":"publish","type":"post","link":"https:\/\/bibliotheque-sfpe-at.com\/index.php\/2025\/06\/15\/place-dun-atelier-dexpression-dans-une-consultation-medico-psychologique-infantile\/","title":{"rendered":"Place d\u2019un atelier d\u2019expression dans une consultation m\u00e9dico-psychologique infantile"},"content":{"rendered":"\n<div class=\"wp-block-columns is-layout-flex wp-container-core-columns-is-layout-28f84493 wp-block-columns-is-layout-flex\">\n<div class=\"wp-block-column is-layout-flow wp-block-column-is-layout-flow\" style=\"flex-basis:66.66%\">\n<p class=\"has-text-align-left\"><strong>\u00c0 propos d\u2019un cas exemplaire<\/strong><\/p>\n\n\n\n<p class=\"has-text-align-left\">La Consultation re\u00e7oit des enfants intelligents d&rsquo;\u00e2ge scolaire pr\u00e9sentant soit des troubles du caract\u00e8re et du comportement d&rsquo;origine n\u00e9vrotique ou psychotique, soit des difficult\u00e9s instrumentales dans le domaine du langage ou de la psychomotricit\u00e9.<br>A c\u00f4t\u00e9 des r\u00e9\u00e9ducations sp\u00e9cifiques entreprises par des techniciens qualifi\u00e9s et des psychoth\u00e9rapies individuelles ou de groupe effectu\u00e9es par psychologue ou psychiatre, nous avons mis en place des ateliers d&rsquo;expression et de cr\u00e9ativit\u00e9.<br>L&rsquo;Atelier d&rsquo;expression accueille des enfants pr\u00e9sentant des inadaptations familiales, scolaires, sociales qui s&rsquo;ext\u00e9riorisent par des troubles divers du comportement (inhibitions, instabilit\u00e9), des troubles du langage, de la lecture, de r\u00e9criture et des troubles psychomoteurs vari\u00e9s. C&rsquo;est ce qui explique que<br>certains enfants suivent, parall\u00e8lement \u00e0 la fr\u00e9quentation de l&rsquo;atelier, une r\u00e9\u00e9ducation orthophonique ou psychomotrice.<\/p>\n\n\n\n<p class=\"has-text-align-left\"><\/p>\n\n\n\n<p class=\"has-text-align-left\"><\/p>\n\n\n\n<p class=\"has-text-color has-link-color wp-elements-0c5dd61414d2cb4c88e3596780dedeb0\" style=\"color:#2753a5\"><strong><em>Pour lire le texte complet <a href=\"\/index.php\/options-dinscription\/\"><mark style=\"background-color:rgba(0, 0, 0, 0)\" class=\"has-inline-color has-vivid-cyan-blue-color\">s&rsquo;inscrire<\/mark><\/a> ou <a href=\"\/index.php\/my-account\/edit-account\/\"><mark style=\"background-color:rgba(0, 0, 0, 0)\" class=\"has-inline-color has-vivid-cyan-blue-color\">se connecter<\/mark><\/a><\/em><\/strong><\/p>\n\n\n\n\n\n<div style=\"height:100px\" aria-hidden=\"true\" class=\"wp-block-spacer\"><\/div>\n\n\n\n<div class=\"wp-block-buttons is-content-justification-center is-layout-flex wp-container-core-buttons-is-layout-a89b3969 wp-block-buttons-is-layout-flex\">\n<div class=\"wp-block-button is-style-fill\"><a class=\"wp-block-button__link has-vivid-red-background-color has-background has-small-font-size has-custom-font-size wp-element-button\" href=\"\/index.php\/2025\/06\/14\/1974-expression-et-signe-no-4\/\">&lt;&#8211;retour<\/a><\/div>\n<\/div>\n<\/div>\n\n\n\n<div class=\"wp-block-column is-layout-flow wp-block-column-is-layout-flow\" style=\"flex-basis:33.33%\">\n<figure class=\"wp-block-table\"><table class=\"has-background\" style=\"background-color:#f8f2f2\"><thead><tr><th><mark class=\"has-inline-color has-vivid-red-color\" style=\"background-color: rgba(0, 0, 0, 0);\"><strong>Auteur<\/strong><\/mark><\/th><\/tr><\/thead><tbody><tr><td><strong>Roche R.<br>Pio P.<br>Aubin B.<\/strong><\/td><\/tr><\/tbody><\/table><\/figure>\n\n\n\n<figure class=\"wp-block-table\"><table><thead><tr><th><mark class=\"has-inline-color has-vivid-red-color\" style=\"background-color: rgba(0, 0, 0, 0);\"><strong>R\u00e9f\u00e9rence<\/strong><\/mark><\/th><\/tr><\/thead><tbody><tr><td><strong>RR19744-03<\/strong><br>Expression et Signe, n\u00b04, 1974<\/td><\/tr><\/tbody><\/table><\/figure>\n\n\n\n<figure class=\"wp-block-table\"><table><thead><tr><th><mark class=\"has-inline-color has-vivid-red-color\" style=\"background-color: rgba(0, 0, 0, 0);\"><strong>Cat\u00e9gories<\/strong><\/mark><\/th><\/tr><\/thead><tbody><tr><td>Arts plastiques<br>\u00c9tude de cas<br>Dessin<br>Dispositif de m\u00e9diation<br>Enfance<\/td><\/tr><\/tbody><\/table><\/figure>\n<\/div>\n<\/div>\n\n\n\n<p><\/p>\n","protected":false},"excerpt":{"rendered":"<p>\u00c0 propos d\u2019un cas exemplaire La Consultation re\u00e7oit des enfants intelligents d&rsquo;\u00e2ge scolaire pr\u00e9sentant soit des troubles du caract\u00e8re et du comportement d&rsquo;origine n\u00e9vrotique ou psychotique, soit des difficult\u00e9s instrumentales dans le domaine du langage ou de la psychomotricit\u00e9.A c\u00f4t\u00e9 des r\u00e9\u00e9ducations sp\u00e9cifiques entreprises par des techniciens qualifi\u00e9s et des&hellip;<\/p>\n","protected":false},"author":2,"featured_media":0,"comment_status":"closed","ping_status":"open","sticky":false,"template":"","format":"standard","meta":{"pmpro_default_level":"","ngg_post_thumbnail":0,"footnotes":""},"categories":[1131,1132,1133],"tags":[503,508,505,549,493,1078,1136],"class_list":["post-5732","post","type-post","status-publish","format-standard","hentry","category-aubin-b","category-pio-p","category-roche-r","tag-arts-plastiques","tag-dessin","tag-dispositif-de-mediation","tag-enfance","tag-cas-clinique","tag-expression-et-signe-1974-no4","tag-rr19744-03","pmpro-has-access"],"_links":{"self":[{"href":"https:\/\/bibliotheque-sfpe-at.com\/index.php\/wp-json\/wp\/v2\/posts\/5732","targetHints":{"allow":["GET"]}}],"collection":[{"href":"https:\/\/bibliotheque-sfpe-at.com\/index.php\/wp-json\/wp\/v2\/posts"}],"about":[{"href":"https:\/\/bibliotheque-sfpe-at.com\/index.php\/wp-json\/wp\/v2\/types\/post"}],"author":[{"embeddable":true,"href":"https:\/\/bibliotheque-sfpe-at.com\/index.php\/wp-json\/wp\/v2\/users\/2"}],"replies":[{"embeddable":true,"href":"https:\/\/bibliotheque-sfpe-at.com\/index.php\/wp-json\/wp\/v2\/comments?post=5732"}],"version-history":[{"count":1,"href":"https:\/\/bibliotheque-sfpe-at.com\/index.php\/wp-json\/wp\/v2\/posts\/5732\/revisions"}],"predecessor-version":[{"id":5733,"href":"https:\/\/bibliotheque-sfpe-at.com\/index.php\/wp-json\/wp\/v2\/posts\/5732\/revisions\/5733"}],"wp:attachment":[{"href":"https:\/\/bibliotheque-sfpe-at.com\/index.php\/wp-json\/wp\/v2\/media?parent=5732"}],"wp:term":[{"taxonomy":"category","embeddable":true,"href":"https:\/\/bibliotheque-sfpe-at.com\/index.php\/wp-json\/wp\/v2\/categories?post=5732"},{"taxonomy":"post_tag","embeddable":true,"href":"https:\/\/bibliotheque-sfpe-at.com\/index.php\/wp-json\/wp\/v2\/tags?post=5732"}],"curies":[{"name":"wp","href":"https:\/\/api.w.org\/{rel}","templated":true}]}}