{"id":5740,"date":"2025-06-15T12:07:44","date_gmt":"2025-06-15T10:07:44","guid":{"rendered":"https:\/\/bibliotheque-sfpe-at.com\/?p=5740"},"modified":"2025-06-15T12:17:59","modified_gmt":"2025-06-15T10:17:59","slug":"1975-expression-et-signe-no-3","status":"publish","type":"post","link":"https:\/\/bibliotheque-sfpe-at.com\/index.php\/2025\/06\/15\/1975-expression-et-signe-no-3\/","title":{"rendered":"1975 expression et signe No 3"},"content":{"rendered":"<div class=\"wp-block-image\">\n<figure class=\"aligncenter size-large is-resized\"><a href=\"https:\/\/bibliotheque-sfpe-at.com\/wp-content\/uploads\/2025\/06\/RR19753.jpg\"><img loading=\"lazy\" decoding=\"async\" width=\"733\" height=\"1024\" src=\"https:\/\/bibliotheque-sfpe-at.com\/wp-content\/uploads\/2025\/06\/RR19753-733x1024.jpg\" alt=\"\" class=\"wp-image-5741\" style=\"width:350px\" srcset=\"https:\/\/bibliotheque-sfpe-at.com\/wp-content\/uploads\/2025\/06\/RR19753-733x1024.jpg 733w, https:\/\/bibliotheque-sfpe-at.com\/wp-content\/uploads\/2025\/06\/RR19753-215x300.jpg 215w, https:\/\/bibliotheque-sfpe-at.com\/wp-content\/uploads\/2025\/06\/RR19753-768x1073.jpg 768w, https:\/\/bibliotheque-sfpe-at.com\/wp-content\/uploads\/2025\/06\/RR19753-1099x1536.jpg 1099w, https:\/\/bibliotheque-sfpe-at.com\/wp-content\/uploads\/2025\/06\/RR19753-1466x2048.jpg 1466w, https:\/\/bibliotheque-sfpe-at.com\/wp-content\/uploads\/2025\/06\/RR19753-243x340.jpg 243w, https:\/\/bibliotheque-sfpe-at.com\/wp-content\/uploads\/2025\/06\/RR19753-429x600.jpg 429w, https:\/\/bibliotheque-sfpe-at.com\/wp-content\/uploads\/2025\/06\/RR19753-600x838.jpg 600w, https:\/\/bibliotheque-sfpe-at.com\/wp-content\/uploads\/2025\/06\/RR19753.jpg 1832w\" sizes=\"auto, (max-width: 733px) 100vw, 733px\" \/><\/a><\/figure>\n<\/div>\n\n\n<p><\/p>\n\n\n<div class='pt-cv-wrapper'> <div class=\"pt-cv-view pt-cv-blockgrid iscvblock iscvreal grid1 layout2 cveffect-zoomin\" id=\"pt-cv-view-3i0h7lt2\"><div data-id=\"pt-cv-page-1\" class=\"pt-cv-page\" data-cvc=\"4\"><div class=\" pt-cv-content-item pt-cv-1-col\" ><div class=\"pt-cv-taxoterm above_title\"><a href='https:\/\/bibliotheque-sfpe-at.com\/index.php\/category\/auteurs\/cirese-e\/' title='Cirese E.' class='pt-cv-tax-cirese-e'>Cirese E.<\/a><a href='https:\/\/bibliotheque-sfpe-at.com\/index.php\/category\/auteurs\/paolocci-m\/' title='Paolocci M.' class='pt-cv-tax-paolocci-m'>Paolocci M.<\/a><\/div>\n<h4 class=\"pt-cv-title\"><a href=\"https:\/\/bibliotheque-sfpe-at.com\/index.php\/2025\/06\/15\/originale-expression-figurative-de-groupe\/\" class=\"_self\" target=\"_self\" >Originale expression figurative de groupe<\/a><\/h4>\n<div class=\"pt-cv-content\">Notre communication se place peut-\u00eatre un peu en dehors du th\u00e8me d&rsquo;un colloque sur la psychopathologie de l&rsquo;expression car le sujet que nous allons bri\u00e8vement pr\u00e9senter n&rsquo;a rien de psychopathologique, \u00e0 moins qu&rsquo;on ne veuille consid\u00e9rer comme telle une manifestation expressive uniquement parce qu\u2019elle est &#8230;<\/div>\n<div class=\"pt-cv-rmwrap\"><a href=\"https:\/\/bibliotheque-sfpe-at.com\/index.php\/2025\/06\/15\/originale-expression-figurative-de-groupe\/\" class=\"_self pt-cv-readmore btn btn-success\" target=\"_self\" >Lire La Suite\u2026<\/a><\/div><\/div>\n<div class=\" pt-cv-content-item pt-cv-1-col\" ><div class=\"pt-cv-taxoterm above_title\"><a href='https:\/\/bibliotheque-sfpe-at.com\/index.php\/category\/auteurs\/dufay-francoise\/' title='Dufay Fran\u00e7oise' class='pt-cv-tax-dufay-francoise'>Dufay Fran\u00e7oise<\/a><\/div>\n<h4 class=\"pt-cv-title\"><a href=\"https:\/\/bibliotheque-sfpe-at.com\/index.php\/2025\/06\/15\/de-planetarium-influxu\/\" class=\"_self\" target=\"_self\" >De planetarium influxu<\/a><\/h4>\n<div class=\"pt-cv-content\">La production artistique d\u2019un malade vierge de toute th\u00e9rapeutique Nous rapportons l&rsquo;histoire de l\u2019\u0153uvre plastique d\u2019un homme de cinquante-quatre ans, qui, malgr\u00e9 un d\u00e9lire vieux de vingt ans, n\u2019a jamais fait l\u2019objet d\u2019une consultation psychiatrique. Nous avons tent\u00e9, \u00e0 partir de l\u2019anamn\u00e8se et de l&rsquo;\u0153uvre &#8230;<\/div>\n<div class=\"pt-cv-rmwrap\"><a href=\"https:\/\/bibliotheque-sfpe-at.com\/index.php\/2025\/06\/15\/de-planetarium-influxu\/\" class=\"_self pt-cv-readmore btn btn-success\" target=\"_self\" >Lire La Suite\u2026<\/a><\/div><\/div>\n<div class=\" pt-cv-content-item pt-cv-1-col\" ><div class=\"pt-cv-taxoterm above_title\"><a href='https:\/\/bibliotheque-sfpe-at.com\/index.php\/category\/auteurs\/brauner-alfred\/' title='Brauner Alfred' class='pt-cv-tax-brauner-alfred'>Brauner Alfred<\/a><a href='https:\/\/bibliotheque-sfpe-at.com\/index.php\/category\/auteurs\/brauner-francoise\/' title='Brauner Fran\u00e7oise' class='pt-cv-tax-brauner-francoise'>Brauner Fran\u00e7oise<\/a><\/div>\n<h4 class=\"pt-cv-title\"><a href=\"https:\/\/bibliotheque-sfpe-at.com\/index.php\/2025\/06\/15\/le-soleil-dans-les-dessins-denfants-psychotiques\/\" class=\"_self\" target=\"_self\" >Le soleil dans les dessins d\u2019enfants psychotiques<\/a><\/h4>\n<div class=\"pt-cv-content\">Lors du Colloque international de Besan\u00e7on, en 1974, le sujet du \u00ab\u00a0Soleil dans les dessins d&rsquo;enfants\u00a0\u00bb a \u00e9t\u00e9 trait\u00e9 sur un plan formel. Il nous semble que ce th\u00e8me, le soleil, est un moyen particuli\u00e8rement int\u00e9ressant pour les enfants psychotiques d&rsquo;exprimer leur malaise et leurs &#8230;<\/div>\n<div class=\"pt-cv-rmwrap\"><a href=\"https:\/\/bibliotheque-sfpe-at.com\/index.php\/2025\/06\/15\/le-soleil-dans-les-dessins-denfants-psychotiques\/\" class=\"_self pt-cv-readmore btn btn-success\" target=\"_self\" >Lire La Suite\u2026<\/a><\/div><\/div>\n<div class=\" pt-cv-content-item pt-cv-1-col\" ><div class=\"pt-cv-taxoterm above_title\"><a href='https:\/\/bibliotheque-sfpe-at.com\/index.php\/category\/auteurs\/chaloub-g\/' title='Chaloub G.' class='pt-cv-tax-chaloub-g'>Chaloub G.<\/a><\/div>\n<h4 class=\"pt-cv-title\"><a href=\"https:\/\/bibliotheque-sfpe-at.com\/index.php\/2025\/06\/15\/pour-une-pedagogie-par-la-liberte-lart-et-la-culture\/\" class=\"_self\" target=\"_self\" >Pour une p\u00e9dagogie par la libert\u00e9, l\u2019art et la culture<\/a><\/h4>\n<div class=\"pt-cv-content\">Cette \u00e9tude a pour but d&rsquo;envisager la possibilit\u00e9 d&rsquo;une fonction \u00e9ducative \u2014 ou r\u00e9\u00e9ducative \u2014 nouvelle dont les structures deviendraient, par leurs diff\u00e9rences m\u00eames,\u2019 compl\u00e9mentaires de celles des institutions existantes, pour une finalit\u00e9 de l&rsquo;\u00e9ducation plus en rapport avec les pr\u00e9occupations l\u00e9gitimes de sant\u00e9 mentale &#8230;<\/div>\n<div class=\"pt-cv-rmwrap\"><a href=\"https:\/\/bibliotheque-sfpe-at.com\/index.php\/2025\/06\/15\/pour-une-pedagogie-par-la-liberte-lart-et-la-culture\/\" class=\"_self pt-cv-readmore btn btn-success\" target=\"_self\" >Lire La Suite\u2026<\/a><\/div><\/div>\n<div class=\" pt-cv-content-item pt-cv-1-col\" ><div class=\"pt-cv-taxoterm above_title\"><a href='https:\/\/bibliotheque-sfpe-at.com\/index.php\/category\/auteurs\/bedos-f\/' title='Bedos F.' class='pt-cv-tax-bedos-f'>Bedos F.<\/a><a href='https:\/\/bibliotheque-sfpe-at.com\/index.php\/category\/auteurs\/garrabe-jean\/' title='Garrab\u00e9 Jean' class='pt-cv-tax-garrabe-jean'>Garrab\u00e9 Jean<\/a><a href='https:\/\/bibliotheque-sfpe-at.com\/index.php\/category\/auteurs\/moinard-s\/' title='Moinard S.' class='pt-cv-tax-moinard-s'>Moinard S.<\/a><a href='https:\/\/bibliotheque-sfpe-at.com\/index.php\/category\/auteurs\/plaire-l\/' title='Plaire L.' class='pt-cv-tax-plaire-l'>Plaire L.<\/a><\/div>\n<h4 class=\"pt-cv-title\"><a href=\"https:\/\/bibliotheque-sfpe-at.com\/index.php\/2025\/08\/31\/les-marottes-et-le-double\/\" class=\"_self\" target=\"_self\" >Les marottes et le double<\/a><\/h4>\n<div class=\"pt-cv-content\">Les marionnettes sont utilis\u00e9es depuis de nombreuses ann\u00e9es en p\u00e9do-psychiatrie et Madeleine Rambert, par exemple, avait d\u00e8s 1938 publi\u00e9 dans la Revue Fran\u00e7aise de Psychanalyse, un article o\u00f9 elle \u00e9tudiait leur valeur psychoth\u00e9rapique chez l&rsquo;enfant.Par contre, leur emploi chez des malades adultes se heurte \u00e0 &#8230;<\/div>\n<div class=\"pt-cv-rmwrap\"><a href=\"https:\/\/bibliotheque-sfpe-at.com\/index.php\/2025\/08\/31\/les-marottes-et-le-double\/\" class=\"_self pt-cv-readmore btn btn-success\" target=\"_self\" >Lire La Suite\u2026<\/a><\/div><\/div><\/div><\/div> <\/div> <style>\n\n#pt-cv-view-3i0h7lt2 .pt-cv-meta-fields {  }#pt-cv-view-3i0h7lt2 .pt-cv-meta-fields * { font-size: 13px; }#pt-cv-view-3i0h7lt2 .pt-cv-thumb-wrapper:not(.miniwrap) {  }#pt-cv-view-3i0h7lt2 .pt-cv-thumbnail:not(.pt-cv-thumbnailsm) { height: 250px; }#pt-cv-view-3i0h7lt2 .pt-cv-title a { display: block;color: #a83838; }#pt-cv-view-3i0h7lt2 .pt-cv-title:not(.pt-cv-titlesm) a { font-weight: 600;text-decoration: none;font-size: 20px; }#pt-cv-view-3i0h7lt2 .pt-cv-titlesm a { font-weight: 600;font-size: 18px; }#pt-cv-view-3i0h7lt2 .pt-cv-content { font-size: 12px; }#pt-cv-view-3i0h7lt2 .pt-cv-rmwrap {  }#pt-cv-view-3i0h7lt2 .pt-cv-readmore { color: #951a1a;background-color: #ffffff00;font-style: italic;font-size: 12px; }#pt-cv-view-3i0h7lt2 .pt-cv-taxoterm {  }#pt-cv-view-3i0h7lt2 .pt-cv-taxoterm * { color: #9badb7;background-color: #f5f0f057;border-style: solid;font-size: 14px;border-width: 1.5px 1.5px 1.5px 1.5px;border-radius: 8px 8px 8px 8px; }#pt-cv-view-3i0h7lt2 + .pt-cv-pagination-wrapper {  }#pt-cv-view-3i0h7lt2 + .pt-cv-pagination-wrapper a { font-size: 14px; }#pt-cv-view-3i0h7lt2 > .pt-cv-page {grid-template-columns: repeat(4, 1fr);grid-gap: 13px;}\n@media all and (max-width: 1024px) { \n#pt-cv-view-3i0h7lt2 > .pt-cv-page {}\n} \n@media all and (max-width: 767px) { \n#pt-cv-view-3i0h7lt2 > .pt-cv-page {grid-template-columns: repeat(1, 1fr);}\n} <\/style>\n\n\n<div style=\"height:54px\" aria-hidden=\"true\" class=\"wp-block-spacer\"><\/div>\n\n\n\n<div class=\"wp-block-buttons is-content-justification-center is-layout-flex wp-container-core-buttons-is-layout-a89b3969 wp-block-buttons-is-layout-flex\">\n<div class=\"wp-block-button\"><a class=\"wp-block-button__link has-vivid-red-background-color has-background has-small-font-size has-custom-font-size wp-element-button\" href=\"\/index.php\/revues-avant-2010\/\">&lt;&#8211; retour<\/a><\/div>\n<\/div>\n","protected":false},"excerpt":{"rendered":"","protected":false},"author":2,"featured_media":5741,"comment_status":"closed","ping_status":"open","sticky":false,"template":"","format":"standard","meta":{"pmpro_default_level":"","ngg_post_thumbnail":0,"footnotes":""},"categories":[1],"tags":[26],"class_list":["post-5740","post","type-post","status-publish","format-standard","has-post-thumbnail","hentry","category-non-classe","tag-avant-2010","pmpro-has-access"],"_links":{"self":[{"href":"https:\/\/bibliotheque-sfpe-at.com\/index.php\/wp-json\/wp\/v2\/posts\/5740","targetHints":{"allow":["GET"]}}],"collection":[{"href":"https:\/\/bibliotheque-sfpe-at.com\/index.php\/wp-json\/wp\/v2\/posts"}],"about":[{"href":"https:\/\/bibliotheque-sfpe-at.com\/index.php\/wp-json\/wp\/v2\/types\/post"}],"author":[{"embeddable":true,"href":"https:\/\/bibliotheque-sfpe-at.com\/index.php\/wp-json\/wp\/v2\/users\/2"}],"replies":[{"embeddable":true,"href":"https:\/\/bibliotheque-sfpe-at.com\/index.php\/wp-json\/wp\/v2\/comments?post=5740"}],"version-history":[{"count":2,"href":"https:\/\/bibliotheque-sfpe-at.com\/index.php\/wp-json\/wp\/v2\/posts\/5740\/revisions"}],"predecessor-version":[{"id":5745,"href":"https:\/\/bibliotheque-sfpe-at.com\/index.php\/wp-json\/wp\/v2\/posts\/5740\/revisions\/5745"}],"wp:featuredmedia":[{"embeddable":true,"href":"https:\/\/bibliotheque-sfpe-at.com\/index.php\/wp-json\/wp\/v2\/media\/5741"}],"wp:attachment":[{"href":"https:\/\/bibliotheque-sfpe-at.com\/index.php\/wp-json\/wp\/v2\/media?parent=5740"}],"wp:term":[{"taxonomy":"category","embeddable":true,"href":"https:\/\/bibliotheque-sfpe-at.com\/index.php\/wp-json\/wp\/v2\/categories?post=5740"},{"taxonomy":"post_tag","embeddable":true,"href":"https:\/\/bibliotheque-sfpe-at.com\/index.php\/wp-json\/wp\/v2\/tags?post=5740"}],"curies":[{"name":"wp","href":"https:\/\/api.w.org\/{rel}","templated":true}]}}