{"id":5746,"date":"2025-06-15T12:26:43","date_gmt":"2025-06-15T10:26:43","guid":{"rendered":"https:\/\/bibliotheque-sfpe-at.com\/?p=5746"},"modified":"2025-06-15T12:48:36","modified_gmt":"2025-06-15T10:48:36","slug":"de-planetarium-influxu","status":"publish","type":"post","link":"https:\/\/bibliotheque-sfpe-at.com\/index.php\/2025\/06\/15\/de-planetarium-influxu\/","title":{"rendered":"De planetarium influxu"},"content":{"rendered":"\n<div class=\"wp-block-columns is-layout-flex wp-container-core-columns-is-layout-28f84493 wp-block-columns-is-layout-flex\">\n<div class=\"wp-block-column is-layout-flow wp-block-column-is-layout-flow\" style=\"flex-basis:66.66%\">\n<p class=\"has-text-align-left\"><strong>La production artistique d\u2019un malade vierge de toute th\u00e9rapeutique<\/strong><\/p>\n\n\n\n<p class=\"has-text-align-left\">Nous rapportons l&rsquo;histoire de l\u2019\u0153uvre plastique d\u2019un homme de cinquante-quatre ans, qui, malgr\u00e9 un d\u00e9lire vieux de vingt ans, n\u2019a jamais fait l\u2019objet d\u2019une consultation psychiatrique. Nous avons tent\u00e9, \u00e0 partir de l\u2019anamn\u00e8se et de l&rsquo;\u0153uvre artistique, de d\u00e9gager les principaux traits de personnalit\u00e9 de celui-ci.<br>Notre malade est n\u00e9 le 27 novembre 1920 dans un village que peu d&rsquo;\u00e9v\u00e9nements l&rsquo;ont pouss\u00e9 \u00e0 quitter. C\u00e9libataire, il vit avec sa m\u00e8re dans la maison de ferme familiale, que ses deux s\u0153urs plus \u00e2g\u00e9es ont d\u00e9laiss\u00e9e pour se marier, et que le p\u00e8re a quitt\u00e9e\u2026 pour le cimeti\u00e8re du village en 1948.<br>La porte, qu&rsquo;il ouvre aux gens qu&rsquo;il consid\u00e8re \u00e9rudits, d\u00e9bouche sur un couloir o\u00f9 reposent ses derni\u00e8res cr\u00e9ations que ne d\u00e9daignent ni la presse locale ni la t\u00e9l\u00e9vision; au bout du couloir, le \u00ab\u00a0mus\u00e9e\u00a0\u00bb o\u00f9 le patient th\u00e9saurise les \u0153uvres ex\u00e9cut\u00e9es entre 1955 et 1965. La porte de la \u00ab\u00a0chambre mus\u00e9e\u00a0\u00bb symbolise le tarissement de la cr\u00e9ativit\u00e9 en 1965, \u00e0 la suite d&rsquo;un traumatisme vert\u00e9bral, alors que le malade \u00e9tait facteur.<\/p>\n\n\n\n<p class=\"has-text-align-left\"><\/p>\n\n\n\n<p class=\"has-text-color has-link-color wp-elements-0c5dd61414d2cb4c88e3596780dedeb0\" style=\"color:#2753a5\"><strong><em>Pour lire le texte complet <a href=\"\/index.php\/options-dinscription\/\"><mark style=\"background-color:rgba(0, 0, 0, 0)\" class=\"has-inline-color has-vivid-cyan-blue-color\">s&rsquo;inscrire<\/mark><\/a> ou <a href=\"\/index.php\/my-account\/edit-account\/\"><mark style=\"background-color:rgba(0, 0, 0, 0)\" class=\"has-inline-color has-vivid-cyan-blue-color\">se connecter<\/mark><\/a><\/em><\/strong><\/p>\n\n\n\n\n\n<div style=\"height:100px\" aria-hidden=\"true\" class=\"wp-block-spacer\"><\/div>\n\n\n\n<div class=\"wp-block-buttons is-content-justification-center is-layout-flex wp-container-core-buttons-is-layout-a89b3969 wp-block-buttons-is-layout-flex\">\n<div class=\"wp-block-button is-style-fill\"><a class=\"wp-block-button__link has-vivid-red-background-color has-background has-small-font-size has-custom-font-size wp-element-button\" href=\"\/index.php\/2025\/06\/15\/1975-expression-et-signe-no-3\/\">&lt;&#8211;retour<\/a><\/div>\n<\/div>\n<\/div>\n\n\n\n<div class=\"wp-block-column is-layout-flow wp-block-column-is-layout-flow\" style=\"flex-basis:33.33%\">\n<figure class=\"wp-block-table\"><table class=\"has-background\" style=\"background-color:#f8f2f2\"><thead><tr><th><mark class=\"has-inline-color has-vivid-red-color\" style=\"background-color: rgba(0, 0, 0, 0);\"><strong>Auteur<\/strong><\/mark><\/th><\/tr><\/thead><tbody><tr><td><strong>Dufay\u00a0Fran\u00e7oise<\/strong><\/td><\/tr><\/tbody><\/table><\/figure>\n\n\n\n<figure class=\"wp-block-table\"><table><thead><tr><th><mark class=\"has-inline-color has-vivid-red-color\" style=\"background-color: rgba(0, 0, 0, 0);\"><strong>R\u00e9f\u00e9rence<\/strong><\/mark><\/th><\/tr><\/thead><tbody><tr><td><strong>RR19753-02<\/strong><br>Expression et Signe, n\u00b03, 1975<\/td><\/tr><\/tbody><\/table><\/figure>\n\n\n\n<figure class=\"wp-block-table\"><table><thead><tr><th><mark class=\"has-inline-color has-vivid-red-color\" style=\"background-color: rgba(0, 0, 0, 0);\"><strong>Cat\u00e9gories<\/strong><\/mark><\/th><\/tr><\/thead><tbody><tr><td>Art<br>Psychopathologie de l\u2019expression<br>Arts plastiques<br>Arts pluriels<br>Sculpture<br>Modelage<br>Mus\u00e9e<\/td><\/tr><\/tbody><\/table><\/figure>\n<\/div>\n<\/div>\n\n\n\n<p><\/p>\n","protected":false},"excerpt":{"rendered":"<p>La production artistique d\u2019un malade vierge de toute th\u00e9rapeutique Nous rapportons l&rsquo;histoire de l\u2019\u0153uvre plastique d\u2019un homme de cinquante-quatre ans, qui, malgr\u00e9 un d\u00e9lire vieux de vingt ans, n\u2019a jamais fait l\u2019objet d\u2019une consultation psychiatrique. Nous avons tent\u00e9, \u00e0 partir de l\u2019anamn\u00e8se et de l&rsquo;\u0153uvre artistique, de d\u00e9gager les principaux&hellip;<\/p>\n","protected":false},"author":2,"featured_media":0,"comment_status":"closed","ping_status":"open","sticky":false,"template":"","format":"standard","meta":{"pmpro_default_level":"","ngg_post_thumbnail":0,"footnotes":""},"categories":[1142],"tags":[483,503,569,1140,506,571,488,1145,495,558],"class_list":["post-5746","post","type-post","status-publish","format-standard","hentry","category-dufay-francoise","tag-art","tag-arts-plastiques","tag-arts-pluriels","tag-expression-et-signe-1975-no3","tag-modelage","tag-musees-expositions-spectacles","tag-psychopathologie-de-lexpression","tag-rr19753-02","tag-sculpture","tag-sociologie","pmpro-has-access"],"_links":{"self":[{"href":"https:\/\/bibliotheque-sfpe-at.com\/index.php\/wp-json\/wp\/v2\/posts\/5746","targetHints":{"allow":["GET"]}}],"collection":[{"href":"https:\/\/bibliotheque-sfpe-at.com\/index.php\/wp-json\/wp\/v2\/posts"}],"about":[{"href":"https:\/\/bibliotheque-sfpe-at.com\/index.php\/wp-json\/wp\/v2\/types\/post"}],"author":[{"embeddable":true,"href":"https:\/\/bibliotheque-sfpe-at.com\/index.php\/wp-json\/wp\/v2\/users\/2"}],"replies":[{"embeddable":true,"href":"https:\/\/bibliotheque-sfpe-at.com\/index.php\/wp-json\/wp\/v2\/comments?post=5746"}],"version-history":[{"count":1,"href":"https:\/\/bibliotheque-sfpe-at.com\/index.php\/wp-json\/wp\/v2\/posts\/5746\/revisions"}],"predecessor-version":[{"id":5747,"href":"https:\/\/bibliotheque-sfpe-at.com\/index.php\/wp-json\/wp\/v2\/posts\/5746\/revisions\/5747"}],"wp:attachment":[{"href":"https:\/\/bibliotheque-sfpe-at.com\/index.php\/wp-json\/wp\/v2\/media?parent=5746"}],"wp:term":[{"taxonomy":"category","embeddable":true,"href":"https:\/\/bibliotheque-sfpe-at.com\/index.php\/wp-json\/wp\/v2\/categories?post=5746"},{"taxonomy":"post_tag","embeddable":true,"href":"https:\/\/bibliotheque-sfpe-at.com\/index.php\/wp-json\/wp\/v2\/tags?post=5746"}],"curies":[{"name":"wp","href":"https:\/\/api.w.org\/{rel}","templated":true}]}}