{"id":5748,"date":"2025-06-15T12:37:18","date_gmt":"2025-06-15T10:37:18","guid":{"rendered":"https:\/\/bibliotheque-sfpe-at.com\/?p=5748"},"modified":"2025-06-15T12:48:44","modified_gmt":"2025-06-15T10:48:44","slug":"le-soleil-dans-les-dessins-denfants-psychotiques","status":"publish","type":"post","link":"https:\/\/bibliotheque-sfpe-at.com\/index.php\/2025\/06\/15\/le-soleil-dans-les-dessins-denfants-psychotiques\/","title":{"rendered":"Le soleil dans les dessins d\u2019enfants psychotiques"},"content":{"rendered":"\n<div class=\"wp-block-columns is-layout-flex wp-container-core-columns-is-layout-28f84493 wp-block-columns-is-layout-flex\">\n<div class=\"wp-block-column is-layout-flow wp-block-column-is-layout-flow\" style=\"flex-basis:66.66%\">\n<p class=\"has-text-align-left\"><\/p>\n\n\n\n<p class=\"has-text-align-left\">Lors du Colloque international de Besan\u00e7on, en 1974, le sujet du \u00ab\u00a0Soleil dans les dessins d&rsquo;enfants\u00a0\u00bb a \u00e9t\u00e9 trait\u00e9 sur un plan formel. Il nous semble que ce th\u00e8me, le soleil, est un moyen particuli\u00e8rement int\u00e9ressant pour les enfants psychotiques d&rsquo;exprimer leur malaise et leurs joies, leur besoin de mettre de l&rsquo;ordre dans une r\u00e9alit\u00e9 peu compr\u00e9hensible. Cette repr\u00e9sentation, pourtant menac\u00e9e par l&rsquo;imitation de formes conventionnelles apprises, peut traduire et refl\u00e9ter l&rsquo;\u00e9tat psychique de l&rsquo;enfant avec une rare originalit\u00e9.<br>Nous nous en servirons pour en faire l\u2019illustration de dessins et peintures d&rsquo;enfants psychotiques d\u00e9ficitaires d&rsquo;\u00e2ge scolaire. Il ne s&rsquo;agit, en aucun cas, de sujets impos\u00e9s ni m\u00eame propos\u00e9s, mais d&rsquo;une s\u00e9lection faite parmi des \u0153uvres r\u00e9alis\u00e9es en atelier d&rsquo;expression au cours des derni\u00e8res ann\u00e9es, et o\u00f9 le soleil figure \u00e0 un titre quelconque.<br>Citadins dans leur quasi-totalit\u00e9, ces enfants connaissent mal le soleil r\u00e9el. Ils l&rsquo;ont d\u00e9couvert \u00e0 travers la T\u00e9l\u00e9vision, les livres illustr\u00e9s et, surtout, la publicit\u00e9. Il n&rsquo;en est gu\u00e8re autrement pour les enfants d&rsquo;intelligence normale. L&rsquo;un d&rsquo;eux s&rsquo;est \u00e9tonn\u00e9, devant un coucher de soleil que nous lui avons montr\u00e9, que le \u00ab\u00a0soleil a perdu ses rayons\u00a0\u00bb.<br>Les psychotiques ont des r\u00e9actions tr\u00e8s diff\u00e9rentes de celles des simples d\u00e9ficients mentaux. Ces derniers posent des questions niaises : \u00ab\u00a0Il parle, le soleil?\u00a0\u00bb ou encore : \u00ab\u00a0Les rayons du bas se couchent les premiers, sinon ils cognent la terre !\u00a0\u00bb<\/p>\n\n\n\n<p class=\"has-text-align-left\"><\/p>\n\n\n\n<p class=\"has-text-color has-link-color wp-elements-0c5dd61414d2cb4c88e3596780dedeb0\" style=\"color:#2753a5\"><strong><em>Pour lire le texte complet <a href=\"\/index.php\/options-dinscription\/\"><mark style=\"background-color:rgba(0, 0, 0, 0)\" class=\"has-inline-color has-vivid-cyan-blue-color\">s&rsquo;inscrire<\/mark><\/a> ou <a href=\"\/index.php\/my-account\/edit-account\/\"><mark style=\"background-color:rgba(0, 0, 0, 0)\" class=\"has-inline-color has-vivid-cyan-blue-color\">se connecter<\/mark><\/a><\/em><\/strong><\/p>\n\n\n\n\n\n<div style=\"height:100px\" aria-hidden=\"true\" class=\"wp-block-spacer\"><\/div>\n\n\n\n<div class=\"wp-block-buttons is-content-justification-center is-layout-flex wp-container-core-buttons-is-layout-a89b3969 wp-block-buttons-is-layout-flex\">\n<div class=\"wp-block-button is-style-fill\"><a class=\"wp-block-button__link has-vivid-red-background-color has-background has-small-font-size has-custom-font-size wp-element-button\" href=\"\/index.php\/2025\/06\/15\/1975-expression-et-signe-no-3\/\">&lt;&#8211;retour<\/a><\/div>\n<\/div>\n<\/div>\n\n\n\n<div class=\"wp-block-column is-layout-flow wp-block-column-is-layout-flow\" style=\"flex-basis:33.33%\">\n<figure class=\"wp-block-table\"><table class=\"has-background\" style=\"background-color:#f8f2f2\"><thead><tr><th><mark class=\"has-inline-color has-vivid-red-color\" style=\"background-color: rgba(0, 0, 0, 0);\"><strong>Auteur<\/strong><\/mark><\/th><\/tr><\/thead><tbody><tr><td><strong>Brauner Fran\u00e7oise<br>Brauner Alfred<\/strong><\/td><\/tr><\/tbody><\/table><\/figure>\n\n\n\n<figure class=\"wp-block-table\"><table><thead><tr><th><mark class=\"has-inline-color has-vivid-red-color\" style=\"background-color: rgba(0, 0, 0, 0);\"><strong>R\u00e9f\u00e9rence<\/strong><\/mark><\/th><\/tr><\/thead><tbody><tr><td><strong>RR19753-03<\/strong><br>Expression et Signe, n\u00b03, 1975<\/td><\/tr><\/tbody><\/table><\/figure>\n\n\n\n<figure class=\"wp-block-table\"><table><thead><tr><th><mark class=\"has-inline-color has-vivid-red-color\" style=\"background-color: rgba(0, 0, 0, 0);\"><strong>Cat\u00e9gories<\/strong><\/mark><\/th><\/tr><\/thead><tbody><tr><td>Art<br>P\u00e9dopsychiatrie<br>Psychopathologie de l\u2019expression<br>Dessin<br>\u00c9tude de cas<br>\u00c9valuation<\/td><\/tr><\/tbody><\/table><\/figure>\n<\/div>\n<\/div>\n\n\n\n<p><\/p>\n","protected":false},"excerpt":{"rendered":"<p>Lors du Colloque international de Besan\u00e7on, en 1974, le sujet du \u00ab\u00a0Soleil dans les dessins d&rsquo;enfants\u00a0\u00bb a \u00e9t\u00e9 trait\u00e9 sur un plan formel. Il nous semble que ce th\u00e8me, le soleil, est un moyen particuli\u00e8rement int\u00e9ressant pour les enfants psychotiques d&rsquo;exprimer leur malaise et leurs joies, leur besoin de mettre&hellip;<\/p>\n","protected":false},"author":2,"featured_media":0,"comment_status":"closed","ping_status":"open","sticky":false,"template":"","format":"standard","meta":{"pmpro_default_level":"","ngg_post_thumbnail":0,"footnotes":""},"categories":[839,838],"tags":[483,508,493,561,1140,669,488,1146],"class_list":["post-5748","post","type-post","status-publish","format-standard","hentry","category-brauner-alfred","category-brauner-francoise","tag-art","tag-dessin","tag-cas-clinique","tag-evaluation","tag-expression-et-signe-1975-no3","tag-pedopsychiatrie","tag-psychopathologie-de-lexpression","tag-rr19753-03","pmpro-has-access"],"_links":{"self":[{"href":"https:\/\/bibliotheque-sfpe-at.com\/index.php\/wp-json\/wp\/v2\/posts\/5748","targetHints":{"allow":["GET"]}}],"collection":[{"href":"https:\/\/bibliotheque-sfpe-at.com\/index.php\/wp-json\/wp\/v2\/posts"}],"about":[{"href":"https:\/\/bibliotheque-sfpe-at.com\/index.php\/wp-json\/wp\/v2\/types\/post"}],"author":[{"embeddable":true,"href":"https:\/\/bibliotheque-sfpe-at.com\/index.php\/wp-json\/wp\/v2\/users\/2"}],"replies":[{"embeddable":true,"href":"https:\/\/bibliotheque-sfpe-at.com\/index.php\/wp-json\/wp\/v2\/comments?post=5748"}],"version-history":[{"count":1,"href":"https:\/\/bibliotheque-sfpe-at.com\/index.php\/wp-json\/wp\/v2\/posts\/5748\/revisions"}],"predecessor-version":[{"id":5749,"href":"https:\/\/bibliotheque-sfpe-at.com\/index.php\/wp-json\/wp\/v2\/posts\/5748\/revisions\/5749"}],"wp:attachment":[{"href":"https:\/\/bibliotheque-sfpe-at.com\/index.php\/wp-json\/wp\/v2\/media?parent=5748"}],"wp:term":[{"taxonomy":"category","embeddable":true,"href":"https:\/\/bibliotheque-sfpe-at.com\/index.php\/wp-json\/wp\/v2\/categories?post=5748"},{"taxonomy":"post_tag","embeddable":true,"href":"https:\/\/bibliotheque-sfpe-at.com\/index.php\/wp-json\/wp\/v2\/tags?post=5748"}],"curies":[{"name":"wp","href":"https:\/\/api.w.org\/{rel}","templated":true}]}}