{"id":5750,"date":"2025-06-15T12:41:57","date_gmt":"2025-06-15T10:41:57","guid":{"rendered":"https:\/\/bibliotheque-sfpe-at.com\/?p=5750"},"modified":"2025-06-15T12:48:51","modified_gmt":"2025-06-15T10:48:51","slug":"pour-une-pedagogie-par-la-liberte-lart-et-la-culture","status":"publish","type":"post","link":"https:\/\/bibliotheque-sfpe-at.com\/index.php\/2025\/06\/15\/pour-une-pedagogie-par-la-liberte-lart-et-la-culture\/","title":{"rendered":"Pour une p\u00e9dagogie par la libert\u00e9, l\u2019art et la culture"},"content":{"rendered":"\n<div class=\"wp-block-columns is-layout-flex wp-container-core-columns-is-layout-28f84493 wp-block-columns-is-layout-flex\">\n<div class=\"wp-block-column is-layout-flow wp-block-column-is-layout-flow\" style=\"flex-basis:66.66%\">\n<p class=\"has-text-align-left\"><\/p>\n\n\n\n<p class=\"has-text-align-left\">Cette \u00e9tude a pour but d&rsquo;envisager la possibilit\u00e9 d&rsquo;une fonction \u00e9ducative \u2014 ou r\u00e9\u00e9ducative \u2014 nouvelle dont les structures deviendraient, par leurs diff\u00e9rences m\u00eames,\u2019 compl\u00e9mentaires de celles des institutions existantes, pour une finalit\u00e9 de l&rsquo;\u00e9ducation plus en rapport avec les pr\u00e9occupations l\u00e9gitimes de sant\u00e9 mentale et de bonheur de la jeunesse.<br>L&rsquo;Association Internationale Art et Culture a \u00e9t\u00e9 fond\u00e9e en 1960 \u00e0 la suite des r\u00e9sultats de travaux personnels poursuivis depuis 1953, dans le but principal d&rsquo;\u00e9tendre en collaboration internationale les rapports appel\u00e9s \u00e0 se tisser entre \u00e9ducation artistique, culture, mus\u00e9e et sant\u00e9 mentale.<br>Le travail s&rsquo;est engag\u00e9 avec des moyens de fortune dans un atelier pour enfants organis\u00e9 dans ce but; l&rsquo;exp\u00e9rimentation a suivi dans les diff\u00e9rents milieux que nous avons pu atteindre ; milieu scolaire (Paris), milieu rural, milieu d&rsquo;adultes, cit\u00e9 de transit, milieu de jeunes en difficult\u00e9 psychologique, milieu hospitalier (I.M.C.), dans des voyages pour enfants, dans des rencontres internationales de jeunes avec objectifs communs artistiques et culturels, enfin dans la formation d&rsquo;\u00e9ducateurs-animateurs d&rsquo;ateliers pour enfants.<\/p>\n\n\n\n<p class=\"has-text-align-left\"><\/p>\n\n\n\n<p class=\"has-text-color has-link-color wp-elements-0c5dd61414d2cb4c88e3596780dedeb0\" style=\"color:#2753a5\"><strong><em>Pour lire le texte complet <a href=\"\/index.php\/options-dinscription\/\"><mark style=\"background-color:rgba(0, 0, 0, 0)\" class=\"has-inline-color has-vivid-cyan-blue-color\">s&rsquo;inscrire<\/mark><\/a> ou <a href=\"\/index.php\/my-account\/edit-account\/\"><mark style=\"background-color:rgba(0, 0, 0, 0)\" class=\"has-inline-color has-vivid-cyan-blue-color\">se connecter<\/mark><\/a><\/em><\/strong><\/p>\n\n\n\n\n\n<div style=\"height:100px\" aria-hidden=\"true\" class=\"wp-block-spacer\"><\/div>\n\n\n\n<div class=\"wp-block-buttons is-content-justification-center is-layout-flex wp-container-core-buttons-is-layout-a89b3969 wp-block-buttons-is-layout-flex\">\n<div class=\"wp-block-button is-style-fill\"><a class=\"wp-block-button__link has-vivid-red-background-color has-background has-small-font-size has-custom-font-size wp-element-button\" href=\"\/index.php\/2025\/06\/15\/1975-expression-et-signe-no-3\/\">&lt;&#8211;retour<\/a><\/div>\n<\/div>\n<\/div>\n\n\n\n<div class=\"wp-block-column is-layout-flow wp-block-column-is-layout-flow\" style=\"flex-basis:33.33%\">\n<figure class=\"wp-block-table\"><table class=\"has-background\" style=\"background-color:#f8f2f2\"><thead><tr><th><mark class=\"has-inline-color has-vivid-red-color\" style=\"background-color: rgba(0, 0, 0, 0);\"><strong>Auteur<\/strong><\/mark><\/th><\/tr><\/thead><tbody><tr><td><strong>Chaloub G.<\/strong><\/td><\/tr><\/tbody><\/table><\/figure>\n\n\n\n<figure class=\"wp-block-table\"><table><thead><tr><th><mark class=\"has-inline-color has-vivid-red-color\" style=\"background-color: rgba(0, 0, 0, 0);\"><strong>R\u00e9f\u00e9rence<\/strong><\/mark><\/th><\/tr><\/thead><tbody><tr><td><strong>RR19753-04<\/strong><br>Expression et Signe, n\u00b03, 1975<\/td><\/tr><\/tbody><\/table><\/figure>\n\n\n\n<figure class=\"wp-block-table\"><table><thead><tr><th><mark class=\"has-inline-color has-vivid-red-color\" style=\"background-color: rgba(0, 0, 0, 0);\"><strong>Cat\u00e9gories<\/strong><\/mark><\/th><\/tr><\/thead><tbody><tr><td>Art<br>\u00c9ducation<br>Arts plastiques<br>Gravure<br>Enfance<br>Dispositif de m\u00e9diation<\/td><\/tr><\/tbody><\/table><\/figure>\n<\/div>\n<\/div>\n\n\n\n<p><\/p>\n","protected":false},"excerpt":{"rendered":"<p>Cette \u00e9tude a pour but d&rsquo;envisager la possibilit\u00e9 d&rsquo;une fonction \u00e9ducative \u2014 ou r\u00e9\u00e9ducative \u2014 nouvelle dont les structures deviendraient, par leurs diff\u00e9rences m\u00eames,\u2019 compl\u00e9mentaires de celles des institutions existantes, pour une finalit\u00e9 de l&rsquo;\u00e9ducation plus en rapport avec les pr\u00e9occupations l\u00e9gitimes de sant\u00e9 mentale et de bonheur de la&hellip;<\/p>\n","protected":false},"author":2,"featured_media":0,"comment_status":"closed","ping_status":"open","sticky":false,"template":"","format":"standard","meta":{"pmpro_default_level":"","ngg_post_thumbnail":0,"footnotes":""},"categories":[1143],"tags":[483,503,505,831,549,1140,517,1147],"class_list":["post-5750","post","type-post","status-publish","format-standard","hentry","category-chaloub-g","tag-art","tag-arts-plastiques","tag-dispositif-de-mediation","tag-education","tag-enfance","tag-expression-et-signe-1975-no3","tag-gravure","tag-rr19753-04","pmpro-has-access"],"_links":{"self":[{"href":"https:\/\/bibliotheque-sfpe-at.com\/index.php\/wp-json\/wp\/v2\/posts\/5750","targetHints":{"allow":["GET"]}}],"collection":[{"href":"https:\/\/bibliotheque-sfpe-at.com\/index.php\/wp-json\/wp\/v2\/posts"}],"about":[{"href":"https:\/\/bibliotheque-sfpe-at.com\/index.php\/wp-json\/wp\/v2\/types\/post"}],"author":[{"embeddable":true,"href":"https:\/\/bibliotheque-sfpe-at.com\/index.php\/wp-json\/wp\/v2\/users\/2"}],"replies":[{"embeddable":true,"href":"https:\/\/bibliotheque-sfpe-at.com\/index.php\/wp-json\/wp\/v2\/comments?post=5750"}],"version-history":[{"count":1,"href":"https:\/\/bibliotheque-sfpe-at.com\/index.php\/wp-json\/wp\/v2\/posts\/5750\/revisions"}],"predecessor-version":[{"id":5751,"href":"https:\/\/bibliotheque-sfpe-at.com\/index.php\/wp-json\/wp\/v2\/posts\/5750\/revisions\/5751"}],"wp:attachment":[{"href":"https:\/\/bibliotheque-sfpe-at.com\/index.php\/wp-json\/wp\/v2\/media?parent=5750"}],"wp:term":[{"taxonomy":"category","embeddable":true,"href":"https:\/\/bibliotheque-sfpe-at.com\/index.php\/wp-json\/wp\/v2\/categories?post=5750"},{"taxonomy":"post_tag","embeddable":true,"href":"https:\/\/bibliotheque-sfpe-at.com\/index.php\/wp-json\/wp\/v2\/tags?post=5750"}],"curies":[{"name":"wp","href":"https:\/\/api.w.org\/{rel}","templated":true}]}}