{"id":5757,"date":"2025-06-15T13:22:35","date_gmt":"2025-06-15T11:22:35","guid":{"rendered":"https:\/\/bibliotheque-sfpe-at.com\/?p=5757"},"modified":"2025-06-15T13:34:58","modified_gmt":"2025-06-15T11:34:58","slug":"passage-du-non-figuratif-au-figuratif-chez-les-enfants-de-3-a-6-ans","status":"publish","type":"post","link":"https:\/\/bibliotheque-sfpe-at.com\/index.php\/2025\/06\/15\/passage-du-non-figuratif-au-figuratif-chez-les-enfants-de-3-a-6-ans\/","title":{"rendered":"Passage du non-figuratif au figuratif chez les enfants de 3 \u00e0 6 ans"},"content":{"rendered":"\n<div class=\"wp-block-columns is-layout-flex wp-container-core-columns-is-layout-28f84493 wp-block-columns-is-layout-flex\">\n<div class=\"wp-block-column is-layout-flow wp-block-column-is-layout-flow\" style=\"flex-basis:66.66%\">\n<p class=\"has-text-align-left\"><\/p>\n\n\n\n<p class=\"has-text-align-left\">Cette recherche utilise une technique particuli\u00e8re d&rsquo;analyse s\u00e9mantique de la peinture pour tenter une approche nouvelle de l&rsquo;ensemble \u00e9volutif pictural et psychique de l&rsquo;enfant et la comparer aux r\u00e9sultats obtenus ant\u00e9rieurement par des auteurs faisant autorit\u00e9.<br><strong>Observations ant\u00e9rieures<\/strong><br>L. Lur\u00e7at, dans \u00a0\u00bb Evolution du graphisme entre 3 et 4 ans &#8211; Diff\u00e9renciation entre le dessin et l&rsquo;\u00e9criture\u00a0\u00bb, se propose de d\u00e9gager les \u00e9l\u00e9ments figuratifs intentionnels et r\u00e9els, avant de reprendre l&rsquo;\u00e9volution des trac\u00e9s non-figuratifs.<br>Il insiste, en outre, sur l&rsquo;importance du langage : \u00ab\u00a0Entre 3 et 4 ans. le graphisme est profond\u00e9ment modifi\u00e9 par la convergence du langage et de l&rsquo;objet\u2026 Le langage accompagne l&rsquo;activit\u00e9 graphique, la suscite, la justifie et la traduit.\u00a0\u00bb<\/p>\n\n\n\n<p class=\"has-text-align-left\"><\/p>\n\n\n\n<p class=\"has-text-color has-link-color wp-elements-0c5dd61414d2cb4c88e3596780dedeb0\" style=\"color:#2753a5\"><strong><em>Pour lire le texte complet <a href=\"\/index.php\/options-dinscription\/\"><mark style=\"background-color:rgba(0, 0, 0, 0)\" class=\"has-inline-color has-vivid-cyan-blue-color\">s&rsquo;inscrire<\/mark><\/a> ou <a href=\"\/index.php\/my-account\/edit-account\/\"><mark style=\"background-color:rgba(0, 0, 0, 0)\" class=\"has-inline-color has-vivid-cyan-blue-color\">se connecter<\/mark><\/a><\/em><\/strong><\/p>\n\n\n\n\n\n<div style=\"height:100px\" aria-hidden=\"true\" class=\"wp-block-spacer\"><\/div>\n\n\n\n<div class=\"wp-block-buttons is-content-justification-center is-layout-flex wp-container-core-buttons-is-layout-a89b3969 wp-block-buttons-is-layout-flex\">\n<div class=\"wp-block-button is-style-fill\"><a class=\"wp-block-button__link has-vivid-red-background-color has-background has-small-font-size has-custom-font-size wp-element-button\" href=\"\/index.php\/2025\/06\/15\/1975-expression-et-signe-no-4\/\">&lt;&#8211;retour<\/a><\/div>\n<\/div>\n<\/div>\n\n\n\n<div class=\"wp-block-column is-layout-flow wp-block-column-is-layout-flow\" style=\"flex-basis:33.33%\">\n<figure class=\"wp-block-table\"><table class=\"has-background\" style=\"background-color:#f8f2f2\"><thead><tr><th><mark class=\"has-inline-color has-vivid-red-color\" style=\"background-color: rgba(0, 0, 0, 0);\"><strong>Auteur<\/strong><\/mark><\/th><\/tr><\/thead><tbody><tr><td><strong>Lemelle N.<\/strong><\/td><\/tr><\/tbody><\/table><\/figure>\n\n\n\n<figure class=\"wp-block-table\"><table><thead><tr><th><mark class=\"has-inline-color has-vivid-red-color\" style=\"background-color: rgba(0, 0, 0, 0);\"><strong>R\u00e9f\u00e9rence<\/strong><\/mark><\/th><\/tr><\/thead><tbody><tr><td><strong>RR19754-04<\/strong><br>Expression et Signe, n\u00b04, 1975<\/td><\/tr><\/tbody><\/table><\/figure>\n\n\n\n<figure class=\"wp-block-table\"><table><thead><tr><th><mark class=\"has-inline-color has-vivid-red-color\" style=\"background-color: rgba(0, 0, 0, 0);\"><strong>Cat\u00e9gories<\/strong><\/mark><\/th><\/tr><\/thead><tbody><tr><td>Psychologie<br>Dessin<br>\u00c9valuation<br>Enfance<\/td><\/tr><\/tbody><\/table><\/figure>\n<\/div>\n<\/div>\n\n\n\n<p><\/p>\n","protected":false},"excerpt":{"rendered":"<p>Cette recherche utilise une technique particuli\u00e8re d&rsquo;analyse s\u00e9mantique de la peinture pour tenter une approche nouvelle de l&rsquo;ensemble \u00e9volutif pictural et psychique de l&rsquo;enfant et la comparer aux r\u00e9sultats obtenus ant\u00e9rieurement par des auteurs faisant autorit\u00e9.Observations ant\u00e9rieuresL. Lur\u00e7at, dans \u00a0\u00bb Evolution du graphisme entre 3 et 4 ans &#8211; Diff\u00e9renciation&hellip;<\/p>\n","protected":false},"author":2,"featured_media":0,"comment_status":"closed","ping_status":"open","sticky":false,"template":"","format":"standard","meta":{"pmpro_default_level":"","ngg_post_thumbnail":0,"footnotes":""},"categories":[1149],"tags":[508,549,561,1153,498,1156],"class_list":["post-5757","post","type-post","status-publish","format-standard","hentry","category-lemelle-n","tag-dessin","tag-enfance","tag-evaluation","tag-expression-et-signe-1975-no4","tag-psychologie","tag-rr19754-04","pmpro-has-access"],"_links":{"self":[{"href":"https:\/\/bibliotheque-sfpe-at.com\/index.php\/wp-json\/wp\/v2\/posts\/5757","targetHints":{"allow":["GET"]}}],"collection":[{"href":"https:\/\/bibliotheque-sfpe-at.com\/index.php\/wp-json\/wp\/v2\/posts"}],"about":[{"href":"https:\/\/bibliotheque-sfpe-at.com\/index.php\/wp-json\/wp\/v2\/types\/post"}],"author":[{"embeddable":true,"href":"https:\/\/bibliotheque-sfpe-at.com\/index.php\/wp-json\/wp\/v2\/users\/2"}],"replies":[{"embeddable":true,"href":"https:\/\/bibliotheque-sfpe-at.com\/index.php\/wp-json\/wp\/v2\/comments?post=5757"}],"version-history":[{"count":1,"href":"https:\/\/bibliotheque-sfpe-at.com\/index.php\/wp-json\/wp\/v2\/posts\/5757\/revisions"}],"predecessor-version":[{"id":5758,"href":"https:\/\/bibliotheque-sfpe-at.com\/index.php\/wp-json\/wp\/v2\/posts\/5757\/revisions\/5758"}],"wp:attachment":[{"href":"https:\/\/bibliotheque-sfpe-at.com\/index.php\/wp-json\/wp\/v2\/media?parent=5757"}],"wp:term":[{"taxonomy":"category","embeddable":true,"href":"https:\/\/bibliotheque-sfpe-at.com\/index.php\/wp-json\/wp\/v2\/categories?post=5757"},{"taxonomy":"post_tag","embeddable":true,"href":"https:\/\/bibliotheque-sfpe-at.com\/index.php\/wp-json\/wp\/v2\/tags?post=5757"}],"curies":[{"name":"wp","href":"https:\/\/api.w.org\/{rel}","templated":true}]}}