{"id":5762,"date":"2025-06-15T13:41:02","date_gmt":"2025-06-15T11:41:02","guid":{"rendered":"https:\/\/bibliotheque-sfpe-at.com\/?p=5762"},"modified":"2025-06-15T13:41:03","modified_gmt":"2025-06-15T11:41:03","slug":"la-main-la-feuille-loeil-et-lautre","status":"publish","type":"post","link":"https:\/\/bibliotheque-sfpe-at.com\/index.php\/2025\/06\/15\/la-main-la-feuille-loeil-et-lautre\/","title":{"rendered":"La main, la feuille, l\u2019\u0153il\u2026 et l\u2019autre"},"content":{"rendered":"\n<div class=\"wp-block-columns is-layout-flex wp-container-core-columns-is-layout-28f84493 wp-block-columns-is-layout-flex\">\n<div class=\"wp-block-column is-layout-flow wp-block-column-is-layout-flow\" style=\"flex-basis:66.66%\">\n<p class=\"has-text-align-left\"><\/p>\n\n\n\n<p class=\"has-text-align-left\">Il y a des lieux pour dessiner et peindre, des \u00ab\u00a0ateliers\u00a0\u00bb o\u00f9 tout s&rsquo;organise en fonction de ce mode d&rsquo;expression sp\u00e9cifiquement humain, bien que non verbal, l&rsquo;expression graphique. Des controverses peuvent s&rsquo;\u00e9lever autour de la m\u00e9thode ou du but recherch\u00e9 : art, occupation, expression, cr\u00e9ation\u2026 A chaque lieu sa m\u00e9thode, chacune se voulant, en fin de compte, th\u00e9rapeutique, et chacune l&rsquo;est peut-\u00eatre, m\u00eame si, comme il arrive souvent, ce qui se pratique effectivement s&rsquo;\u00e9loigne sensiblement de la m\u00e9thode et de la ligne th\u00e9orique \u00e0 laquelle on entend se r\u00e9f\u00e9rer.<br>Pour nous, fort peu au fait de l&rsquo;esth\u00e9tique, b\u00e9otiens, h\u00e9las, en mati\u00e8re d&rsquo;art ou d&rsquo;expression artistique, peu d\u00e9sireux de surcro\u00eet \u2014 ou peu capables ? \u2014 d&rsquo;\u00e9riger une pratique au rang de \u00ab\u00a0m\u00e9thode \u00ab\u00a0, il s&rsquo;agit simplement d&rsquo;offrir au malade un lieu de rencontre, un lieu o\u00f9 sont offerts, accessibles \u00e0 la main comme au regard, quelques mat\u00e9riaux lui permettant \u2014 s&rsquo;il le d\u00e9sire &#8211; d&rsquo;avoir recours \u00e0 d&rsquo;autres moyens d&rsquo;expression que la parole.<br>C&rsquo;est le patient qui a le choix entre la parole ou d&rsquo;autres moyens non verbaux d&rsquo;expression, peinture, dessin, modelage : \u00ab\u00a0la seule chose importante est\u2026 qu&rsquo;il fasse ce qu&rsquo;il a envie de faire, en toute simplicit\u00e9, pour son propre plaisir, et sans fausse honte\u00a0\u00bb.<\/p>\n\n\n\n<p class=\"has-text-align-left\"><\/p>\n\n\n\n<p class=\"has-text-align-left\"><\/p>\n\n\n\n<p class=\"has-text-align-left\"><\/p>\n\n\n\n<p class=\"has-text-color has-link-color wp-elements-0c5dd61414d2cb4c88e3596780dedeb0\" style=\"color:#2753a5\"><strong><em>Pour lire le texte complet <a href=\"\/index.php\/options-dinscription\/\"><mark style=\"background-color:rgba(0, 0, 0, 0)\" class=\"has-inline-color has-vivid-cyan-blue-color\">s&rsquo;inscrire<\/mark><\/a> ou <a href=\"\/index.php\/my-account\/edit-account\/\"><mark style=\"background-color:rgba(0, 0, 0, 0)\" class=\"has-inline-color has-vivid-cyan-blue-color\">se connecter<\/mark><\/a><\/em><\/strong><\/p>\n\n\n\n\n\n<div style=\"height:100px\" aria-hidden=\"true\" class=\"wp-block-spacer\"><\/div>\n\n\n\n<div class=\"wp-block-buttons is-content-justification-center is-layout-flex wp-container-core-buttons-is-layout-a89b3969 wp-block-buttons-is-layout-flex\">\n<div class=\"wp-block-button is-style-fill\"><a class=\"wp-block-button__link has-vivid-red-background-color has-background has-small-font-size has-custom-font-size wp-element-button\" href=\"\/index.php\/2025\/06\/15\/1975-expression-et-signe-no-4\/\">&lt;&#8211;retour<\/a><\/div>\n<\/div>\n<\/div>\n\n\n\n<div class=\"wp-block-column is-layout-flow wp-block-column-is-layout-flow\" style=\"flex-basis:33.33%\">\n<figure class=\"wp-block-table\"><table class=\"has-background\" style=\"background-color:#f8f2f2\"><thead><tr><th><mark class=\"has-inline-color has-vivid-red-color\" style=\"background-color: rgba(0, 0, 0, 0);\"><strong>Auteur<\/strong><\/mark><\/th><\/tr><\/thead><tbody><tr><td><strong>Duflot J.-P.<br>Duflot C.<\/strong><\/td><\/tr><\/tbody><\/table><\/figure>\n\n\n\n<figure class=\"wp-block-table\"><table><thead><tr><th><mark class=\"has-inline-color has-vivid-red-color\" style=\"background-color: rgba(0, 0, 0, 0);\"><strong>R\u00e9f\u00e9rence<\/strong><\/mark><\/th><\/tr><\/thead><tbody><tr><td><strong>RR19754-06<\/strong><br>Expression et Signe, n\u00b04, 1975<\/td><\/tr><\/tbody><\/table><\/figure>\n\n\n\n<figure class=\"wp-block-table\"><table><thead><tr><th><mark class=\"has-inline-color has-vivid-red-color\" style=\"background-color: rgba(0, 0, 0, 0);\"><strong>Cat\u00e9gories<\/strong><\/mark><\/th><\/tr><\/thead><tbody><tr><td>Ph\u00e9nom\u00e9nologie<br>Psychiatrie<br>Arts plastiques<br>\u00c9tude de cas<br>Dispositif de m\u00e9diation<\/td><\/tr><\/tbody><\/table><\/figure>\n<\/div>\n<\/div>\n\n\n\n<p><\/p>\n","protected":false},"excerpt":{"rendered":"<p>Il y a des lieux pour dessiner et peindre, des \u00ab\u00a0ateliers\u00a0\u00bb o\u00f9 tout s&rsquo;organise en fonction de ce mode d&rsquo;expression sp\u00e9cifiquement humain, bien que non verbal, l&rsquo;expression graphique. Des controverses peuvent s&rsquo;\u00e9lever autour de la m\u00e9thode ou du but recherch\u00e9 : art, occupation, expression, cr\u00e9ation\u2026 A chaque lieu sa m\u00e9thode,&hellip;<\/p>\n","protected":false},"author":2,"featured_media":0,"comment_status":"closed","ping_status":"open","sticky":false,"template":"","format":"standard","meta":{"pmpro_default_level":"","ngg_post_thumbnail":0,"footnotes":""},"categories":[1158,1159,1150,1151],"tags":[503,505,493,1153,486,574,1157],"class_list":["post-5762","post","type-post","status-publish","format-standard","hentry","category-duflot-c","category-duflot-j-p","category-tieberghien-g","category-walter-g","tag-arts-plastiques","tag-dispositif-de-mediation","tag-cas-clinique","tag-expression-et-signe-1975-no4","tag-phenomenologie","tag-psychiatrie","tag-rr19754-05","pmpro-has-access"],"_links":{"self":[{"href":"https:\/\/bibliotheque-sfpe-at.com\/index.php\/wp-json\/wp\/v2\/posts\/5762","targetHints":{"allow":["GET"]}}],"collection":[{"href":"https:\/\/bibliotheque-sfpe-at.com\/index.php\/wp-json\/wp\/v2\/posts"}],"about":[{"href":"https:\/\/bibliotheque-sfpe-at.com\/index.php\/wp-json\/wp\/v2\/types\/post"}],"author":[{"embeddable":true,"href":"https:\/\/bibliotheque-sfpe-at.com\/index.php\/wp-json\/wp\/v2\/users\/2"}],"replies":[{"embeddable":true,"href":"https:\/\/bibliotheque-sfpe-at.com\/index.php\/wp-json\/wp\/v2\/comments?post=5762"}],"version-history":[{"count":1,"href":"https:\/\/bibliotheque-sfpe-at.com\/index.php\/wp-json\/wp\/v2\/posts\/5762\/revisions"}],"predecessor-version":[{"id":5763,"href":"https:\/\/bibliotheque-sfpe-at.com\/index.php\/wp-json\/wp\/v2\/posts\/5762\/revisions\/5763"}],"wp:attachment":[{"href":"https:\/\/bibliotheque-sfpe-at.com\/index.php\/wp-json\/wp\/v2\/media?parent=5762"}],"wp:term":[{"taxonomy":"category","embeddable":true,"href":"https:\/\/bibliotheque-sfpe-at.com\/index.php\/wp-json\/wp\/v2\/categories?post=5762"},{"taxonomy":"post_tag","embeddable":true,"href":"https:\/\/bibliotheque-sfpe-at.com\/index.php\/wp-json\/wp\/v2\/tags?post=5762"}],"curies":[{"name":"wp","href":"https:\/\/api.w.org\/{rel}","templated":true}]}}