{"id":5766,"date":"2025-06-15T15:45:13","date_gmt":"2025-06-15T13:45:13","guid":{"rendered":"https:\/\/bibliotheque-sfpe-at.com\/?p=5766"},"modified":"2025-06-16T20:09:28","modified_gmt":"2025-06-16T18:09:28","slug":"psychotherapie-analytique-dun-enfant","status":"publish","type":"post","link":"https:\/\/bibliotheque-sfpe-at.com\/index.php\/2025\/06\/15\/psychotherapie-analytique-dun-enfant\/","title":{"rendered":"Psychoth\u00e9rapie analytique d\u2019un enfant"},"content":{"rendered":"\n<div class=\"wp-block-columns is-layout-flex wp-container-core-columns-is-layout-28f84493 wp-block-columns-is-layout-flex\">\n<div class=\"wp-block-column is-layout-flow wp-block-column-is-layout-flow\" style=\"flex-basis:66.66%\">\n<p class=\"has-text-align-left\"><\/p>\n\n\n\n<p class=\"has-text-align-left\"><strong>Preliminaires<\/strong><br>Lorsque nous entend\u00eemes parler pour la premi\u00e8re fois de Jean, ce fut par une assistante sociale qui nous raconta qu\u2019il avait \u00e9t\u00e9 recueilli par son oncle \u00e0 la suite du d\u00e9c\u00e8s de ses parents survenu dans des conditions tragiques : meurtre suivi d&rsquo;un suicide. L&rsquo;enfant avait alors cinq ans. Il fut \u00e9l\u00e9v\u00e9 avec son cousin plus jeune. Il avait maintenant douze ans et il \u00e9tait \u00e9nur\u00e9tique. C&rsquo;est \u00e0 ce propos que l&rsquo;assistante sociale avait conseill\u00e9 \u00e0 son oncle venir avec son neveu nous consulter.<br>L&rsquo;oncle de Jean ne nous parla pas du drame ancien, sinon pour nous dire que ce sujet n&rsquo;avait jamais \u00e9t\u00e9 abord\u00e9 avec Jean n&rsquo;avait jamais pos\u00e9 lui-m\u00eame de questions. Jean suivait une scolarit\u00e9 normale, n&rsquo;\u00e9tait pas un mauvais \u00e9l\u00e8ve mais ne participait absolument pas \u00e0 la vie de la classe et avait besoin de la stimulation constante de son oncle pour faire ou recopier des devoirs qu&rsquo;il aurait pu tr\u00e8s bien ex\u00e9cuter seul.<br>L&rsquo;offre de psychoth\u00e9rapie que nous f\u00eemes presque aussit\u00f4t fut repouss\u00e9e par son oncle \u00e0 plusieurs mois dans l&rsquo;espoir que les choses pourraient s&rsquo;am\u00e9liorer spontan\u00e9ment, et il fut d\u00e9cid\u00e9 que nous verrions assez irr\u00e9guli\u00e8rement Jean, une fois par mois environ pendant six mois. Pendant cette p\u00e9riode, l&rsquo;enfant venait toujours accompagn\u00e9 de son oncle qui l\u2019attendait. Il r\u00e9pondait bri\u00e8vement aux questions g\u00e9n\u00e9rales. Nos tentatives de \u00ab\u00a0verbalisation\u00a0\u00bb furent un \u00e9chec, mais nous remarqu\u00e2mes que Jean acceptait avec plaisir d&rsquo;effectuer quelques griffonnages h\u00e2tifs.<\/p>\n\n\n\n<p class=\"has-text-align-left\"><\/p>\n\n\n\n<p class=\"has-text-color has-link-color wp-elements-0c5dd61414d2cb4c88e3596780dedeb0\" style=\"color:#2753a5\"><strong><em>Pour lire le texte complet <a href=\"\/index.php\/options-dinscription\/\"><mark style=\"background-color:rgba(0, 0, 0, 0)\" class=\"has-inline-color has-vivid-cyan-blue-color\">s&rsquo;inscrire<\/mark><\/a> ou <a href=\"\/index.php\/my-account\/edit-account\/\"><mark style=\"background-color:rgba(0, 0, 0, 0)\" class=\"has-inline-color has-vivid-cyan-blue-color\">se connecter<\/mark><\/a><\/em><\/strong><\/p>\n\n\n\n\n\n<div style=\"height:100px\" aria-hidden=\"true\" class=\"wp-block-spacer\"><\/div>\n\n\n\n<div class=\"wp-block-buttons is-content-justification-center is-layout-flex wp-container-core-buttons-is-layout-a89b3969 wp-block-buttons-is-layout-flex\">\n<div class=\"wp-block-button is-style-fill\"><a class=\"wp-block-button__link has-vivid-red-background-color has-background has-small-font-size has-custom-font-size wp-element-button\" href=\"\/index.php\/2025\/06\/15\/1976-expression-et-signe-no-1\/\">&lt;&#8211;retour<\/a><\/div>\n<\/div>\n<\/div>\n\n\n\n<div class=\"wp-block-column is-layout-flow wp-block-column-is-layout-flow\" style=\"flex-basis:33.33%\">\n<figure class=\"wp-block-table\"><table class=\"has-background\" style=\"background-color:#f8f2f2\"><thead><tr><th><mark class=\"has-inline-color has-vivid-red-color\" style=\"background-color: rgba(0, 0, 0, 0);\"><strong>Auteur<\/strong><\/mark><\/th><\/tr><\/thead><tbody><tr><td><strong>Bizouard Paul<\/strong><\/td><\/tr><\/tbody><\/table><\/figure>\n\n\n\n<figure class=\"wp-block-table\"><table><thead><tr><th><mark class=\"has-inline-color has-vivid-red-color\" style=\"background-color: rgba(0, 0, 0, 0);\"><strong>R\u00e9f\u00e9rence<\/strong><\/mark><\/th><\/tr><\/thead><tbody><tr><td><strong>RR19761-01<\/strong><br>Expression et Signe, n\u00b01, 1976<\/td><\/tr><\/tbody><\/table><\/figure>\n\n\n\n<figure class=\"wp-block-table\"><table><thead><tr><th><mark class=\"has-inline-color has-vivid-red-color\" style=\"background-color: rgba(0, 0, 0, 0);\"><strong>Cat\u00e9gories<\/strong><\/mark><\/th><\/tr><\/thead><tbody><tr><td>P\u00e9dopsychiatrie<br>Dessin<br>\u00c9tude de cas<\/td><\/tr><\/tbody><\/table><\/figure>\n<\/div>\n<\/div>\n\n\n\n<p><\/p>\n","protected":false},"excerpt":{"rendered":"<p>PreliminairesLorsque nous entend\u00eemes parler pour la premi\u00e8re fois de Jean, ce fut par une assistante sociale qui nous raconta qu\u2019il avait \u00e9t\u00e9 recueilli par son oncle \u00e0 la suite du d\u00e9c\u00e8s de ses parents survenu dans des conditions tragiques : meurtre suivi d&rsquo;un suicide. L&rsquo;enfant avait alors cinq ans. Il&hellip;<\/p>\n","protected":false},"author":2,"featured_media":0,"comment_status":"closed","ping_status":"open","sticky":false,"template":"","format":"standard","meta":{"pmpro_default_level":"","ngg_post_thumbnail":0,"footnotes":""},"categories":[1160],"tags":[508,493,1161,669,1166],"class_list":["post-5766","post","type-post","status-publish","format-standard","hentry","category-bizouard-paul","tag-dessin","tag-cas-clinique","tag-expression-et-signe-1976-no1","tag-pedopsychiatrie","tag-rr19761-01","pmpro-has-access"],"_links":{"self":[{"href":"https:\/\/bibliotheque-sfpe-at.com\/index.php\/wp-json\/wp\/v2\/posts\/5766","targetHints":{"allow":["GET"]}}],"collection":[{"href":"https:\/\/bibliotheque-sfpe-at.com\/index.php\/wp-json\/wp\/v2\/posts"}],"about":[{"href":"https:\/\/bibliotheque-sfpe-at.com\/index.php\/wp-json\/wp\/v2\/types\/post"}],"author":[{"embeddable":true,"href":"https:\/\/bibliotheque-sfpe-at.com\/index.php\/wp-json\/wp\/v2\/users\/2"}],"replies":[{"embeddable":true,"href":"https:\/\/bibliotheque-sfpe-at.com\/index.php\/wp-json\/wp\/v2\/comments?post=5766"}],"version-history":[{"count":2,"href":"https:\/\/bibliotheque-sfpe-at.com\/index.php\/wp-json\/wp\/v2\/posts\/5766\/revisions"}],"predecessor-version":[{"id":5769,"href":"https:\/\/bibliotheque-sfpe-at.com\/index.php\/wp-json\/wp\/v2\/posts\/5766\/revisions\/5769"}],"wp:attachment":[{"href":"https:\/\/bibliotheque-sfpe-at.com\/index.php\/wp-json\/wp\/v2\/media?parent=5766"}],"wp:term":[{"taxonomy":"category","embeddable":true,"href":"https:\/\/bibliotheque-sfpe-at.com\/index.php\/wp-json\/wp\/v2\/categories?post=5766"},{"taxonomy":"post_tag","embeddable":true,"href":"https:\/\/bibliotheque-sfpe-at.com\/index.php\/wp-json\/wp\/v2\/tags?post=5766"}],"curies":[{"name":"wp","href":"https:\/\/api.w.org\/{rel}","templated":true}]}}