{"id":5771,"date":"2025-06-15T16:10:23","date_gmt":"2025-06-15T14:10:23","guid":{"rendered":"https:\/\/bibliotheque-sfpe-at.com\/?p=5771"},"modified":"2025-06-16T20:09:36","modified_gmt":"2025-06-16T18:09:36","slug":"lart-contemporain-comme-symptome-de-pathologie-sociale","status":"publish","type":"post","link":"https:\/\/bibliotheque-sfpe-at.com\/index.php\/2025\/06\/15\/lart-contemporain-comme-symptome-de-pathologie-sociale\/","title":{"rendered":"L\u2019art contemporain comme sympt\u00f4me de pathologie sociale"},"content":{"rendered":"\n<div class=\"wp-block-columns is-layout-flex wp-container-core-columns-is-layout-28f84493 wp-block-columns-is-layout-flex\">\n<div class=\"wp-block-column is-layout-flow wp-block-column-is-layout-flow\" style=\"flex-basis:66.66%\">\n<p class=\"has-text-align-left\"><\/p>\n\n\n\n<p class=\"has-text-align-left\">La remarque qui me sert de titre appara\u00eet. selon l&rsquo;\u00e9clairage, tant\u00f4t originale, tant\u00f4t \u00e9vidente. Avanc\u00e9e comme proposition de type scientifique, elle est d&rsquo;une acceptable banalit\u00e9 et rejoint sur le plan collectif l&rsquo;autre banalit\u00e9 touchant les individus \u00ab\u00a0artistiques\u00a0\u00bb (ou encore, ce qui est plus respectueux, les artistes en tant qu&rsquo;individus). Ne parle-t-on pas de l&rsquo;artiste comme de quelqu&rsquo;un d&rsquo;un peu d\u00e9rang\u00e9 ? N&rsquo;est-ce pas \u00e0 la fois son excuse personnelle et sa raison sociale ?<br>Peut-on g\u00e9n\u00e9raliser \u00e0 une production collective, d\u00e9nomm\u00e9e art? Ne faudrait-il pas \u00e0 la fois l&rsquo;excuser pour le d\u00e9rangement qu elle apporte et revendiquer pour elle la m\u00eame raison sociale ?<br>Hors les ormi\u00e8res de la pens\u00e9e toute faite, du \u00ab\u00a0pr\u00eat-\u00e0-porter\u00a0\u00bb universitaire, je voudrais faire comprendre ici la lente \u00e9mergence d&rsquo;une telle id\u00e9e pour un observateur totalement impliqu\u00e9 dans le processus : le voici qui se d\u00e9couvre \u00e0 lui-m\u00eame l&rsquo;\u00e9tranget\u00e9 de la situation tout en se d\u00e9couvrant, tout en s&rsquo;y d\u00e9couvrant partie prenante. Il me restera \u00e0 dire pourquoi la pratique quotidienne de la radio et la t\u00e9l\u00e9vision m&rsquo;a men\u00e9 \u00e0 des telles conclusions.<\/p>\n\n\n\n<p class=\"has-text-align-left\"><\/p>\n\n\n\n<p class=\"has-text-color has-link-color wp-elements-0c5dd61414d2cb4c88e3596780dedeb0\" style=\"color:#2753a5\"><strong><em>Pour lire le texte complet <a href=\"\/index.php\/options-dinscription\/\"><mark style=\"background-color:rgba(0, 0, 0, 0)\" class=\"has-inline-color has-vivid-cyan-blue-color\">s&rsquo;inscrire<\/mark><\/a> ou <a href=\"\/index.php\/my-account\/edit-account\/\"><mark style=\"background-color:rgba(0, 0, 0, 0)\" class=\"has-inline-color has-vivid-cyan-blue-color\">se connecter<\/mark><\/a><\/em><\/strong><\/p>\n\n\n\n\n\n<div style=\"height:100px\" aria-hidden=\"true\" class=\"wp-block-spacer\"><\/div>\n\n\n\n<div class=\"wp-block-buttons is-content-justification-center is-layout-flex wp-container-core-buttons-is-layout-a89b3969 wp-block-buttons-is-layout-flex\">\n<div class=\"wp-block-button is-style-fill\"><a class=\"wp-block-button__link has-vivid-red-background-color has-background has-small-font-size has-custom-font-size wp-element-button\" href=\"\/index.php\/2025\/06\/15\/1976-expression-et-signe-no-1\/\">&lt;&#8211;retour<\/a><\/div>\n<\/div>\n<\/div>\n\n\n\n<div class=\"wp-block-column is-layout-flow wp-block-column-is-layout-flow\" style=\"flex-basis:33.33%\">\n<figure class=\"wp-block-table\"><table class=\"has-background\" style=\"background-color:#f8f2f2\"><thead><tr><th><mark class=\"has-inline-color has-vivid-red-color\" style=\"background-color: rgba(0, 0, 0, 0);\"><strong>Auteur<\/strong><\/mark><\/th><\/tr><\/thead><tbody><tr><td><strong>Schaeffer Pierre<\/strong><\/td><\/tr><\/tbody><\/table><\/figure>\n\n\n\n<figure class=\"wp-block-table\"><table><thead><tr><th><mark class=\"has-inline-color has-vivid-red-color\" style=\"background-color: rgba(0, 0, 0, 0);\"><strong>R\u00e9f\u00e9rence<\/strong><\/mark><\/th><\/tr><\/thead><tbody><tr><td><strong>RR19761-02<\/strong><br>Expression et Signe, n\u00b01, 1976<\/td><\/tr><\/tbody><\/table><\/figure>\n\n\n\n<figure class=\"wp-block-table\"><table><thead><tr><th><mark class=\"has-inline-color has-vivid-red-color\" style=\"background-color: rgba(0, 0, 0, 0);\"><strong>Cat\u00e9gories<\/strong><\/mark><\/th><\/tr><\/thead><tbody><tr><td>Art<br>Sociologie<br>Esth\u00e9tique<br>Multim\u00e9dia<\/td><\/tr><\/tbody><\/table><\/figure>\n<\/div>\n<\/div>\n\n\n\n<p><\/p>\n","protected":false},"excerpt":{"rendered":"<p>La remarque qui me sert de titre appara\u00eet. selon l&rsquo;\u00e9clairage, tant\u00f4t originale, tant\u00f4t \u00e9vidente. Avanc\u00e9e comme proposition de type scientifique, elle est d&rsquo;une acceptable banalit\u00e9 et rejoint sur le plan collectif l&rsquo;autre banalit\u00e9 touchant les individus \u00ab\u00a0artistiques\u00a0\u00bb (ou encore, ce qui est plus respectueux, les artistes en tant qu&rsquo;individus). Ne&hellip;<\/p>\n","protected":false},"author":2,"featured_media":0,"comment_status":"closed","ping_status":"open","sticky":false,"template":"","format":"standard","meta":{"pmpro_default_level":"","ngg_post_thumbnail":0,"footnotes":""},"categories":[1163],"tags":[483,491,1161,603,1167,558],"class_list":["post-5771","post","type-post","status-publish","format-standard","hentry","category-schaeffer-pierre","tag-art","tag-esthetique","tag-expression-et-signe-1976-no1","tag-multimedia","tag-rr19761-02","tag-sociologie","pmpro-has-access"],"_links":{"self":[{"href":"https:\/\/bibliotheque-sfpe-at.com\/index.php\/wp-json\/wp\/v2\/posts\/5771","targetHints":{"allow":["GET"]}}],"collection":[{"href":"https:\/\/bibliotheque-sfpe-at.com\/index.php\/wp-json\/wp\/v2\/posts"}],"about":[{"href":"https:\/\/bibliotheque-sfpe-at.com\/index.php\/wp-json\/wp\/v2\/types\/post"}],"author":[{"embeddable":true,"href":"https:\/\/bibliotheque-sfpe-at.com\/index.php\/wp-json\/wp\/v2\/users\/2"}],"replies":[{"embeddable":true,"href":"https:\/\/bibliotheque-sfpe-at.com\/index.php\/wp-json\/wp\/v2\/comments?post=5771"}],"version-history":[{"count":1,"href":"https:\/\/bibliotheque-sfpe-at.com\/index.php\/wp-json\/wp\/v2\/posts\/5771\/revisions"}],"predecessor-version":[{"id":5772,"href":"https:\/\/bibliotheque-sfpe-at.com\/index.php\/wp-json\/wp\/v2\/posts\/5771\/revisions\/5772"}],"wp:attachment":[{"href":"https:\/\/bibliotheque-sfpe-at.com\/index.php\/wp-json\/wp\/v2\/media?parent=5771"}],"wp:term":[{"taxonomy":"category","embeddable":true,"href":"https:\/\/bibliotheque-sfpe-at.com\/index.php\/wp-json\/wp\/v2\/categories?post=5771"},{"taxonomy":"post_tag","embeddable":true,"href":"https:\/\/bibliotheque-sfpe-at.com\/index.php\/wp-json\/wp\/v2\/tags?post=5771"}],"curies":[{"name":"wp","href":"https:\/\/api.w.org\/{rel}","templated":true}]}}