{"id":5774,"date":"2025-06-16T19:56:42","date_gmt":"2025-06-16T17:56:42","guid":{"rendered":"https:\/\/bibliotheque-sfpe-at.com\/?p=5774"},"modified":"2025-06-16T20:09:43","modified_gmt":"2025-06-16T18:09:43","slug":"expressions-picturales-et-litteraires-danorexiques-mentales","status":"publish","type":"post","link":"https:\/\/bibliotheque-sfpe-at.com\/index.php\/2025\/06\/16\/expressions-picturales-et-litteraires-danorexiques-mentales\/","title":{"rendered":"Expressions picturales et litt\u00e9raires d\u2019anorexiques mentales"},"content":{"rendered":"\n<div class=\"wp-block-columns is-layout-flex wp-container-core-columns-is-layout-28f84493 wp-block-columns-is-layout-flex\">\n<div class=\"wp-block-column is-layout-flow wp-block-column-is-layout-flow\" style=\"flex-basis:66.66%\">\n<p class=\"has-text-align-left\"><\/p>\n\n\n\n<p class=\"has-text-align-left\">L&rsquo;anorexie mentale fournit le contingent le plus \u00e9lev\u00e9 de malades hospitalis\u00e9es s&rsquo;int\u00e9ressant activement et spontan\u00e9ment aux arts picturaux, ce qui s&rsquo;explique, au moins partiellement, par le fait que la maladie de Lass\u00e8gue et Huchard affectionne tout particuli\u00e8rement les adolescentes aux aptitudes artistiques d\u00e9j\u00e0 affirm\u00e9es Cette proportion se renforce encore lorsque s&rsquo;y ajoute le groupe des anorexiques sans vocation d\u00e9celable qui se mettent \u00e0 dessiner lorsqu\u2019elles y sont invit\u00e9es. Et si l&rsquo;anorexie mentale ne recelait pas divers autres paradoxes. l&rsquo;observateur pourrait s\u2019\u00e9tonner du contraste entre la tranquillit\u00e9 docilement appliqu\u00e9e \u00e0 la r\u00e9alisation des tableaux, reflet d\u2019une coquetterie narcissique, traduction ang\u00e9lique d&rsquo;une conception d\u00e9sincarn\u00e9e de la vie, et la duplicit\u00e9 industrieuse qui caract\u00e9rise les conduites alimentaires des anorexiques.<\/p>\n\n\n\n<p class=\"has-text-align-left\"><\/p>\n\n\n\n<p class=\"has-text-color has-link-color wp-elements-0c5dd61414d2cb4c88e3596780dedeb0\" style=\"color:#2753a5\"><strong><em>Pour lire le texte complet <a href=\"\/index.php\/options-dinscription\/\"><mark style=\"background-color:rgba(0, 0, 0, 0)\" class=\"has-inline-color has-vivid-cyan-blue-color\">s&rsquo;inscrire<\/mark><\/a> ou <a href=\"\/index.php\/my-account\/edit-account\/\"><mark style=\"background-color:rgba(0, 0, 0, 0)\" class=\"has-inline-color has-vivid-cyan-blue-color\">se connecter<\/mark><\/a><\/em><\/strong><\/p>\n\n\n\n\n\n<div style=\"height:100px\" aria-hidden=\"true\" class=\"wp-block-spacer\"><\/div>\n\n\n\n<div class=\"wp-block-buttons is-content-justification-center is-layout-flex wp-container-core-buttons-is-layout-a89b3969 wp-block-buttons-is-layout-flex\">\n<div class=\"wp-block-button is-style-fill\"><a class=\"wp-block-button__link has-vivid-red-background-color has-background has-small-font-size has-custom-font-size wp-element-button\" href=\"\/index.php\/2025\/06\/15\/1976-expression-et-signe-no-1\/\">&lt;&#8211;retour<\/a><\/div>\n<\/div>\n<\/div>\n\n\n\n<div class=\"wp-block-column is-layout-flow wp-block-column-is-layout-flow\" style=\"flex-basis:33.33%\">\n<figure class=\"wp-block-table\"><table class=\"has-background\" style=\"background-color:#f8f2f2\"><thead><tr><th><mark class=\"has-inline-color has-vivid-red-color\" style=\"background-color: rgba(0, 0, 0, 0);\"><strong>Auteur<\/strong><\/mark><\/th><\/tr><\/thead><tbody><tr><td><strong>Roux Guy<\/strong><\/td><\/tr><\/tbody><\/table><\/figure>\n\n\n\n<figure class=\"wp-block-table\"><table><thead><tr><th><mark class=\"has-inline-color has-vivid-red-color\" style=\"background-color: rgba(0, 0, 0, 0);\"><strong>R\u00e9f\u00e9rence<\/strong><\/mark><\/th><\/tr><\/thead><tbody><tr><td><strong>RR19761-03<\/strong><br>Expression et Signe, n\u00b01, 1976<\/td><\/tr><\/tbody><\/table><\/figure>\n\n\n\n<figure class=\"wp-block-table\"><table><thead><tr><th><mark class=\"has-inline-color has-vivid-red-color\" style=\"background-color: rgba(0, 0, 0, 0);\"><strong>Cat\u00e9gories<\/strong><\/mark><\/th><\/tr><\/thead><tbody><tr><td>Psychopathologie de l\u2019expression<br>Peinture<br>Adolescence<br>\u00c9tude de cas<\/td><\/tr><\/tbody><\/table><\/figure>\n<\/div>\n<\/div>\n\n\n\n<p><\/p>\n","protected":false},"excerpt":{"rendered":"<p>L&rsquo;anorexie mentale fournit le contingent le plus \u00e9lev\u00e9 de malades hospitalis\u00e9es s&rsquo;int\u00e9ressant activement et spontan\u00e9ment aux arts picturaux, ce qui s&rsquo;explique, au moins partiellement, par le fait que la maladie de Lass\u00e8gue et Huchard affectionne tout particuli\u00e8rement les adolescentes aux aptitudes artistiques d\u00e9j\u00e0 affirm\u00e9es Cette proportion se renforce encore lorsque&hellip;<\/p>\n","protected":false},"author":2,"featured_media":0,"comment_status":"closed","ping_status":"open","sticky":false,"template":"","format":"standard","meta":{"pmpro_default_level":"","ngg_post_thumbnail":0,"footnotes":""},"categories":[941],"tags":[548,493,1161,484,488,1168],"class_list":["post-5774","post","type-post","status-publish","format-standard","hentry","category-roux-guy","tag-adolescence","tag-cas-clinique","tag-expression-et-signe-1976-no1","tag-peinture","tag-psychopathologie-de-lexpression","tag-rr19761-03","pmpro-has-access"],"_links":{"self":[{"href":"https:\/\/bibliotheque-sfpe-at.com\/index.php\/wp-json\/wp\/v2\/posts\/5774","targetHints":{"allow":["GET"]}}],"collection":[{"href":"https:\/\/bibliotheque-sfpe-at.com\/index.php\/wp-json\/wp\/v2\/posts"}],"about":[{"href":"https:\/\/bibliotheque-sfpe-at.com\/index.php\/wp-json\/wp\/v2\/types\/post"}],"author":[{"embeddable":true,"href":"https:\/\/bibliotheque-sfpe-at.com\/index.php\/wp-json\/wp\/v2\/users\/2"}],"replies":[{"embeddable":true,"href":"https:\/\/bibliotheque-sfpe-at.com\/index.php\/wp-json\/wp\/v2\/comments?post=5774"}],"version-history":[{"count":1,"href":"https:\/\/bibliotheque-sfpe-at.com\/index.php\/wp-json\/wp\/v2\/posts\/5774\/revisions"}],"predecessor-version":[{"id":5775,"href":"https:\/\/bibliotheque-sfpe-at.com\/index.php\/wp-json\/wp\/v2\/posts\/5774\/revisions\/5775"}],"wp:attachment":[{"href":"https:\/\/bibliotheque-sfpe-at.com\/index.php\/wp-json\/wp\/v2\/media?parent=5774"}],"wp:term":[{"taxonomy":"category","embeddable":true,"href":"https:\/\/bibliotheque-sfpe-at.com\/index.php\/wp-json\/wp\/v2\/categories?post=5774"},{"taxonomy":"post_tag","embeddable":true,"href":"https:\/\/bibliotheque-sfpe-at.com\/index.php\/wp-json\/wp\/v2\/tags?post=5774"}],"curies":[{"name":"wp","href":"https:\/\/api.w.org\/{rel}","templated":true}]}}