{"id":5778,"date":"2025-06-16T20:02:30","date_gmt":"2025-06-16T18:02:30","guid":{"rendered":"https:\/\/bibliotheque-sfpe-at.com\/?p=5778"},"modified":"2025-06-16T20:12:14","modified_gmt":"2025-06-16T18:12:14","slug":"les-collages-surrealistes-de-j-2","status":"publish","type":"post","link":"https:\/\/bibliotheque-sfpe-at.com\/index.php\/2025\/06\/16\/les-collages-surrealistes-de-j-2\/","title":{"rendered":"Un atelier de travail th\u00e9\u00e2tral pour jeunes enfants sourds"},"content":{"rendered":"\n<div class=\"wp-block-columns is-layout-flex wp-container-core-columns-is-layout-28f84493 wp-block-columns-is-layout-flex\">\n<div class=\"wp-block-column is-layout-flow wp-block-column-is-layout-flow\" style=\"flex-basis:66.66%\">\n<p class=\"has-text-align-left\"><strong>Par le Robert Anton Th\u00e9\u00e2tre<\/strong><\/p>\n\n\n\n<p class=\"has-text-align-left\">Ouvert en Novembre 1975, cet atelier th\u00e9\u00e2tral pour jeunes enfants sourds est nouveau en France. Dans sa premi\u00e8re phase de 15 mois, il vise \u00e0 constituer les premi\u00e8res \u00e9bauches d&rsquo;un langage nouveau de communication pouvant conduire \u00e0 un processus de cr\u00e9ation personnelle et collective.<br>Il existe dans le monde environ une soixantaine d&rsquo;ateliers et de groupes de th\u00e9\u00e2tre d\u2019enfants et de com\u00e9diens sourds qui se sont form\u00e9s au cours de ces derni\u00e8res ann\u00e9es. Une premi\u00e8re rencontre de ces groupes sera organis\u00e9e en 1979 \u00e0 Solia, lors du premier Festival Mondial du Th\u00e9\u00e2tre des Sourds.<br>La France, jusqu&rsquo;\u00e0 ce jour, n\u2019avait d\u00e9velopp\u00e9 aucune activit\u00e9 permettant \u00e0 la communaut\u00e9 des sourds de s&rsquo;exprimer dans ses propres formes culturelles. Il n&rsquo;existe en France aucun Th\u00e9\u00e2tre National des Sourds, aucun atelier de recherche et de cr\u00e9ation.<br>Le projet entrepris par le Robert Anton Th\u00e9\u00e2tre constitue le premier pas d&rsquo;une action d&rsquo;ouverture permettant dans les prochaines ann\u00e9es de mettre lin \u00e0 cette lacune et \u00e0 cette carence. Dans une premi\u00e8re phase, les activit\u00e9s ne visent pas \u00e0 une \u201cproduction\u00a0\u00bb th\u00e9\u00e2trale. Il s&rsquo;agit tout d&rsquo;abord d\u2019explorer, d\u2019apprendre et de comprendre, sans a priori, l&rsquo;univers et la vision du monde des sourds. C\u2019est pourquoi le projet prend la forme d\u2019un atelier \u201couvert\u201d. L\u2019exp\u00e9rience entreprise est avant tout un acte de vie, une succession de rencontres et d&rsquo;\u00e9changes, une investigation des possibilit\u00e9s de communication et d\u2019expression \u00e0 partir des groupes existants. Ce n&rsquo;est qu&rsquo;apr\u00e8s plusieurs mois que s&rsquo;\u00e9baucheront les premi\u00e8res formes et les premi\u00e8res activit\u00e9s structur\u00e9es.<br>Le projet d&rsquo;un futur Th\u00e9\u00e2tre National des Sourds ne verra le jour que dans les prochaines ann\u00e9es, avec des com\u00e9diens plus \u00e2g\u00e9s. Ses productions th\u00e9\u00e2trales pourront circuler dans les Instituts, \u00c9coles ou Centres Sp\u00e9cialis\u00e9s, mais aussi dans les circuits r\u00e9guliers des th\u00e9\u00e2tres nationaux et des festivals.<\/p>\n\n\n\n<p class=\"has-text-align-left\"><\/p>\n\n\n\n<p class=\"has-text-align-left\"><\/p>\n\n\n\n<p class=\"has-text-align-left\"><\/p>\n\n\n\n<p class=\"has-text-color has-link-color wp-elements-0c5dd61414d2cb4c88e3596780dedeb0\" style=\"color:#2753a5\"><strong><em>Pour lire le texte complet <a href=\"\/index.php\/options-dinscription\/\"><mark style=\"background-color:rgba(0, 0, 0, 0)\" class=\"has-inline-color has-vivid-cyan-blue-color\">s&rsquo;inscrire<\/mark><\/a> ou <a href=\"\/index.php\/my-account\/edit-account\/\"><mark style=\"background-color:rgba(0, 0, 0, 0)\" class=\"has-inline-color has-vivid-cyan-blue-color\">se connecter<\/mark><\/a><\/em><\/strong><\/p>\n\n\n\n\n\n<div style=\"height:100px\" aria-hidden=\"true\" class=\"wp-block-spacer\"><\/div>\n\n\n\n<div class=\"wp-block-buttons is-content-justification-center is-layout-flex wp-container-core-buttons-is-layout-a89b3969 wp-block-buttons-is-layout-flex\">\n<div class=\"wp-block-button is-style-fill\"><a class=\"wp-block-button__link has-vivid-red-background-color has-background has-small-font-size has-custom-font-size wp-element-button\" href=\"\/index.php\/2025\/06\/15\/1976-expression-et-signe-no-1\/\">&lt;&#8211;retour<\/a><\/div>\n<\/div>\n<\/div>\n\n\n\n<div class=\"wp-block-column is-layout-flow wp-block-column-is-layout-flow\" style=\"flex-basis:33.33%\">\n<figure class=\"wp-block-table\"><table class=\"has-background\" style=\"background-color:#f8f2f2\"><thead><tr><th><mark class=\"has-inline-color has-vivid-red-color\" style=\"background-color: rgba(0, 0, 0, 0);\"><strong>Auteur<\/strong><\/mark><\/th><\/tr><\/thead><tbody><tr><td><strong>Gr\u00e9mion J<\/strong>.<\/td><\/tr><\/tbody><\/table><\/figure>\n\n\n\n<figure class=\"wp-block-table\"><table><thead><tr><th><mark class=\"has-inline-color has-vivid-red-color\" style=\"background-color: rgba(0, 0, 0, 0);\"><strong>R\u00e9f\u00e9rence<\/strong><\/mark><\/th><\/tr><\/thead><tbody><tr><td><strong>RR19761-05<\/strong><br>Expression et Signe, n\u00b01, 1976<\/td><\/tr><\/tbody><\/table><\/figure>\n\n\n\n<figure class=\"wp-block-table\"><table><thead><tr><th><mark class=\"has-inline-color has-vivid-red-color\" style=\"background-color: rgba(0, 0, 0, 0);\"><strong>Cat\u00e9gories<\/strong><\/mark><\/th><\/tr><\/thead><tbody><tr><td>Art<br>Th\u00e9\u00e2tre<br>Enfance<\/td><\/tr><\/tbody><\/table><\/figure>\n<\/div>\n<\/div>\n\n\n\n<p><\/p>\n","protected":false},"excerpt":{"rendered":"<p>Par le Robert Anton Th\u00e9\u00e2tre Ouvert en Novembre 1975, cet atelier th\u00e9\u00e2tral pour jeunes enfants sourds est nouveau en France. Dans sa premi\u00e8re phase de 15 mois, il vise \u00e0 constituer les premi\u00e8res \u00e9bauches d&rsquo;un langage nouveau de communication pouvant conduire \u00e0 un processus de cr\u00e9ation personnelle et collective.Il existe&hellip;<\/p>\n","protected":false},"author":2,"featured_media":0,"comment_status":"closed","ping_status":"open","sticky":false,"template":"","format":"standard","meta":{"pmpro_default_level":"","ngg_post_thumbnail":0,"footnotes":""},"categories":[1165],"tags":[483,549,1161,1170,504],"class_list":["post-5778","post","type-post","status-publish","format-standard","hentry","category-gremion-j","tag-art","tag-enfance","tag-expression-et-signe-1976-no1","tag-rr19761-05","tag-theatre","pmpro-has-access"],"_links":{"self":[{"href":"https:\/\/bibliotheque-sfpe-at.com\/index.php\/wp-json\/wp\/v2\/posts\/5778","targetHints":{"allow":["GET"]}}],"collection":[{"href":"https:\/\/bibliotheque-sfpe-at.com\/index.php\/wp-json\/wp\/v2\/posts"}],"about":[{"href":"https:\/\/bibliotheque-sfpe-at.com\/index.php\/wp-json\/wp\/v2\/types\/post"}],"author":[{"embeddable":true,"href":"https:\/\/bibliotheque-sfpe-at.com\/index.php\/wp-json\/wp\/v2\/users\/2"}],"replies":[{"embeddable":true,"href":"https:\/\/bibliotheque-sfpe-at.com\/index.php\/wp-json\/wp\/v2\/comments?post=5778"}],"version-history":[{"count":3,"href":"https:\/\/bibliotheque-sfpe-at.com\/index.php\/wp-json\/wp\/v2\/posts\/5778\/revisions"}],"predecessor-version":[{"id":5781,"href":"https:\/\/bibliotheque-sfpe-at.com\/index.php\/wp-json\/wp\/v2\/posts\/5778\/revisions\/5781"}],"wp:attachment":[{"href":"https:\/\/bibliotheque-sfpe-at.com\/index.php\/wp-json\/wp\/v2\/media?parent=5778"}],"wp:term":[{"taxonomy":"category","embeddable":true,"href":"https:\/\/bibliotheque-sfpe-at.com\/index.php\/wp-json\/wp\/v2\/categories?post=5778"},{"taxonomy":"post_tag","embeddable":true,"href":"https:\/\/bibliotheque-sfpe-at.com\/index.php\/wp-json\/wp\/v2\/tags?post=5778"}],"curies":[{"name":"wp","href":"https:\/\/api.w.org\/{rel}","templated":true}]}}