{"id":5798,"date":"2025-06-16T23:11:15","date_gmt":"2025-06-16T21:11:15","guid":{"rendered":"https:\/\/bibliotheque-sfpe-at.com\/?p=5798"},"modified":"2025-06-16T23:12:23","modified_gmt":"2025-06-16T21:12:23","slug":"enfants-des-tourmentes-et-enfants-tourmentes","status":"publish","type":"post","link":"https:\/\/bibliotheque-sfpe-at.com\/index.php\/2025\/06\/16\/enfants-des-tourmentes-et-enfants-tourmentes\/","title":{"rendered":"Enfants des tourmentes et enfants tourment\u00e9s"},"content":{"rendered":"\n<div class=\"wp-block-columns is-layout-flex wp-container-core-columns-is-layout-28f84493 wp-block-columns-is-layout-flex\">\n<div class=\"wp-block-column is-layout-flow wp-block-column-is-layout-flow\" style=\"flex-basis:66.66%\">\n<p class=\"has-text-align-left\"><\/p>\n\n\n\n<p class=\"has-text-align-left\">Les \u201cenfants des tourmentes\u00a0\u00bb sont ceux qui ont v\u00e9cu en temps de guerre, sous les bombes, affames, ou sous les pers\u00e9cutions de toutes sortes. Au cours des derniers cinquante ans. nous avons connu: la guerre civile d&rsquo;Espagne. les pers\u00e9cutions nazies, les camps de concentration, la seconde guerre mondiale, la guerre de Cor\u00e9e, celle du Vietnam, les \u00e9pisodes \u00e0 r\u00e9p\u00e9tition isra\u00e9lo-arabes et, r\u00e9cemment, le massacre du Liban. Quelle fiert\u00e9 de vivre au XXe si\u00e8cle !<br>Les \u201cenfants tourmentes\u00a0\u00bb sont ceux qui sont mentalement inadapt\u00e9s \u00e0 la r\u00e9alit\u00e9 quotidienne, incapables d&rsquo;affronter l&rsquo;existence; ils font l&rsquo;objet de th\u00e9rapeutiques sous divers noms: psychotiques, artistiques, psychopathes, etc \u2026<br>Il est \u00e0 noter que, parmi les victimes des \u00e9v\u00e9nements guerriers de toutes sortes, nous n&rsquo;avons trouv\u00e9 aucun enfant \u00ab\u00a0psychotique\u00a0\u00bb dans le sens de maladie mentale, alors m\u00eame que les traumatismes physiques et psychiques \u00e9taient des plus impitoyables. Une enqu\u00eate effectu\u00e9e par nous r\u00e9cemment, dans diff\u00e9rents pays, nous a appris que les cas de psychose infantile pr\u00e9coce n&rsquo;apparaissent pas plus fr\u00e9quents parmi les descendants des survivants que dans une population non traumatis\u00e9e.<br>Les guerres et les pers\u00e9cutions ont produit. chez tous les enfants touch\u00e9s par les \u00e9v\u00e9nements, des \u00e9tats d&rsquo;angoisse d&rsquo;intensit\u00e9 et de dur\u00e9e variables.<\/p>\n\n\n\n<p class=\"has-text-align-left\"><\/p>\n\n\n\n<p class=\"has-text-align-left\"><\/p>\n\n\n\n<p class=\"has-text-color has-link-color wp-elements-0c5dd61414d2cb4c88e3596780dedeb0\" style=\"color:#2753a5\"><strong><em>Pour lire le texte complet <a href=\"\/index.php\/options-dinscription\/\"><mark style=\"background-color:rgba(0, 0, 0, 0)\" class=\"has-inline-color has-vivid-cyan-blue-color\">s&rsquo;inscrire<\/mark><\/a> ou <a href=\"\/index.php\/my-account\/edit-account\/\"><mark style=\"background-color:rgba(0, 0, 0, 0)\" class=\"has-inline-color has-vivid-cyan-blue-color\">se connecter<\/mark><\/a><\/em><\/strong><\/p>\n\n\n\n\n\n<div style=\"height:100px\" aria-hidden=\"true\" class=\"wp-block-spacer\"><\/div>\n\n\n\n<div class=\"wp-block-buttons is-content-justification-center is-layout-flex wp-container-core-buttons-is-layout-a89b3969 wp-block-buttons-is-layout-flex\">\n<div class=\"wp-block-button is-style-fill\"><a class=\"wp-block-button__link has-vivid-red-background-color has-background has-small-font-size has-custom-font-size wp-element-button\" href=\"\/index.php\/2025\/06\/16\/1977-expression-et-signe-no-4\/\">&lt;&#8211;retour<\/a><\/div>\n<\/div>\n<\/div>\n\n\n\n<div class=\"wp-block-column is-layout-flow wp-block-column-is-layout-flow\" style=\"flex-basis:33.33%\">\n<figure class=\"wp-block-table\"><table class=\"has-background\" style=\"background-color:#f8f2f2\"><thead><tr><th><mark class=\"has-inline-color has-vivid-red-color\" style=\"background-color: rgba(0, 0, 0, 0);\"><strong>Auteur<\/strong><\/mark><\/th><\/tr><\/thead><tbody><tr><td><strong>Brauner Alfred<br>Brauner Fran\u00e7oise<\/strong><\/td><\/tr><\/tbody><\/table><\/figure>\n\n\n\n<figure class=\"wp-block-table\"><table><thead><tr><th><mark class=\"has-inline-color has-vivid-red-color\" style=\"background-color: rgba(0, 0, 0, 0);\"><strong>R\u00e9f\u00e9rence<\/strong><\/mark><\/th><\/tr><\/thead><tbody><tr><td><strong>RR19774-02<\/strong><br>Expression et Signe, n\u00b04, 1977<\/td><\/tr><\/tbody><\/table><\/figure>\n\n\n\n<figure class=\"wp-block-table\"><table><thead><tr><th><mark class=\"has-inline-color has-vivid-red-color\" style=\"background-color: rgba(0, 0, 0, 0);\"><strong>Cat\u00e9gories<\/strong><\/mark><\/th><\/tr><\/thead><tbody><tr><td>\u00c9ducation<br>Psychopathologie de l\u2019expression<br>Dessin<br>Peinture<br>Enfance<\/td><\/tr><\/tbody><\/table><\/figure>\n<\/div>\n<\/div>\n\n\n\n<p><\/p>\n","protected":false},"excerpt":{"rendered":"<p>Les \u201cenfants des tourmentes\u00a0\u00bb sont ceux qui ont v\u00e9cu en temps de guerre, sous les bombes, affames, ou sous les pers\u00e9cutions de toutes sortes. Au cours des derniers cinquante ans. nous avons connu: la guerre civile d&rsquo;Espagne. les pers\u00e9cutions nazies, les camps de concentration, la seconde guerre mondiale, la guerre&hellip;<\/p>\n","protected":false},"author":2,"featured_media":0,"comment_status":"closed","ping_status":"open","sticky":false,"template":"","format":"standard","meta":{"pmpro_default_level":"","ngg_post_thumbnail":0,"footnotes":""},"categories":[839,838],"tags":[508,831,549,1175,484,488,1178],"class_list":["post-5798","post","type-post","status-publish","format-standard","hentry","category-brauner-alfred","category-brauner-francoise","tag-dessin","tag-education","tag-enfance","tag-expression-et-signe-1977-no4","tag-peinture","tag-psychopathologie-de-lexpression","tag-rr19774-02","pmpro-has-access"],"_links":{"self":[{"href":"https:\/\/bibliotheque-sfpe-at.com\/index.php\/wp-json\/wp\/v2\/posts\/5798","targetHints":{"allow":["GET"]}}],"collection":[{"href":"https:\/\/bibliotheque-sfpe-at.com\/index.php\/wp-json\/wp\/v2\/posts"}],"about":[{"href":"https:\/\/bibliotheque-sfpe-at.com\/index.php\/wp-json\/wp\/v2\/types\/post"}],"author":[{"embeddable":true,"href":"https:\/\/bibliotheque-sfpe-at.com\/index.php\/wp-json\/wp\/v2\/users\/2"}],"replies":[{"embeddable":true,"href":"https:\/\/bibliotheque-sfpe-at.com\/index.php\/wp-json\/wp\/v2\/comments?post=5798"}],"version-history":[{"count":1,"href":"https:\/\/bibliotheque-sfpe-at.com\/index.php\/wp-json\/wp\/v2\/posts\/5798\/revisions"}],"predecessor-version":[{"id":5799,"href":"https:\/\/bibliotheque-sfpe-at.com\/index.php\/wp-json\/wp\/v2\/posts\/5798\/revisions\/5799"}],"wp:attachment":[{"href":"https:\/\/bibliotheque-sfpe-at.com\/index.php\/wp-json\/wp\/v2\/media?parent=5798"}],"wp:term":[{"taxonomy":"category","embeddable":true,"href":"https:\/\/bibliotheque-sfpe-at.com\/index.php\/wp-json\/wp\/v2\/categories?post=5798"},{"taxonomy":"post_tag","embeddable":true,"href":"https:\/\/bibliotheque-sfpe-at.com\/index.php\/wp-json\/wp\/v2\/tags?post=5798"}],"curies":[{"name":"wp","href":"https:\/\/api.w.org\/{rel}","templated":true}]}}