{"id":5800,"date":"2025-06-17T11:08:31","date_gmt":"2025-06-17T09:08:31","guid":{"rendered":"https:\/\/bibliotheque-sfpe-at.com\/?p=5800"},"modified":"2025-06-17T11:22:17","modified_gmt":"2025-06-17T09:22:17","slug":"1978-expression-et-signe-no-1","status":"publish","type":"post","link":"https:\/\/bibliotheque-sfpe-at.com\/index.php\/2025\/06\/17\/1978-expression-et-signe-no-1\/","title":{"rendered":"1978 expression et signe No 1"},"content":{"rendered":"<div class=\"wp-block-image\">\n<figure class=\"aligncenter size-large is-resized\"><a href=\"https:\/\/bibliotheque-sfpe-at.com\/wp-content\/uploads\/2025\/06\/RR197801-scaled.jpg\"><img loading=\"lazy\" decoding=\"async\" width=\"759\" height=\"1024\" src=\"https:\/\/bibliotheque-sfpe-at.com\/wp-content\/uploads\/2025\/06\/RR197801-759x1024.jpg\" alt=\"\" class=\"wp-image-5484\" style=\"width:350px\" srcset=\"https:\/\/bibliotheque-sfpe-at.com\/wp-content\/uploads\/2025\/06\/RR197801-759x1024.jpg 759w, https:\/\/bibliotheque-sfpe-at.com\/wp-content\/uploads\/2025\/06\/RR197801-222x300.jpg 222w, https:\/\/bibliotheque-sfpe-at.com\/wp-content\/uploads\/2025\/06\/RR197801-768x1036.jpg 768w, https:\/\/bibliotheque-sfpe-at.com\/wp-content\/uploads\/2025\/06\/RR197801-1139x1536.jpg 1139w, https:\/\/bibliotheque-sfpe-at.com\/wp-content\/uploads\/2025\/06\/RR197801-1518x2048.jpg 1518w, https:\/\/bibliotheque-sfpe-at.com\/wp-content\/uploads\/2025\/06\/RR197801-252x340.jpg 252w, https:\/\/bibliotheque-sfpe-at.com\/wp-content\/uploads\/2025\/06\/RR197801-445x600.jpg 445w, https:\/\/bibliotheque-sfpe-at.com\/wp-content\/uploads\/2025\/06\/RR197801-600x809.jpg 600w, https:\/\/bibliotheque-sfpe-at.com\/wp-content\/uploads\/2025\/06\/RR197801-scaled.jpg 1898w\" sizes=\"auto, (max-width: 759px) 100vw, 759px\" \/><\/a><\/figure>\n<\/div>\n\n\n<p><\/p>\n\n\n<div class='pt-cv-wrapper'> <div class=\"pt-cv-view pt-cv-blockgrid iscvblock iscvreal grid1 layout2 cveffect-zoomin\" id=\"pt-cv-view-3i0h7lt2\"><div data-id=\"pt-cv-page-1\" class=\"pt-cv-page\" data-cvc=\"4\"><div class=\" pt-cv-content-item pt-cv-1-col\" ><div class=\"pt-cv-taxoterm above_title\"><a href='https:\/\/bibliotheque-sfpe-at.com\/index.php\/category\/auteurs\/bedos-f\/' title='Bedos F.' class='pt-cv-tax-bedos-f'>Bedos F.<\/a><a href='https:\/\/bibliotheque-sfpe-at.com\/index.php\/category\/auteurs\/leroy-cl\/' title='Leroy Cl.' class='pt-cv-tax-leroy-cl'>Leroy Cl.<\/a><a href='https:\/\/bibliotheque-sfpe-at.com\/index.php\/category\/auteurs\/moinard-s\/' title='Moinard S.' class='pt-cv-tax-moinard-s'>Moinard S.<\/a><a href='https:\/\/bibliotheque-sfpe-at.com\/index.php\/category\/auteurs\/plaire-l\/' title='Plaire L.' class='pt-cv-tax-plaire-l'>Plaire L.<\/a><\/div>\n<h4 class=\"pt-cv-title\"><a href=\"https:\/\/bibliotheque-sfpe-at.com\/index.php\/2025\/06\/17\/etude-dindices-significatifs-des-interactions-du-sujet-du-groupe-et-de-linstitution-en-expression-graphique\/\" class=\"_self\" target=\"_self\" >\u00c9tude d\u2019indices significatifs des interactions du sujet, du groupe et de l\u2019institution en expression graphique<\/a><\/h4>\n<div class=\"pt-cv-content\">IntroductionNous allons pr\u00e9senter un groupe psychoth\u00e9rapique d&rsquo;expression graphique et verbale. Le but de ce groupe a \u00e9t\u00e9 \u00e9videmment de faire une \u00e9tude de l\u2019expression des malades, mais surtout d\u2019essayer de voir dans quelle mesure il y avait des effets r\u00e9ciproques de l\u2019institution, du pavillon et &#8230;<\/div>\n<div class=\"pt-cv-rmwrap\"><a href=\"https:\/\/bibliotheque-sfpe-at.com\/index.php\/2025\/06\/17\/etude-dindices-significatifs-des-interactions-du-sujet-du-groupe-et-de-linstitution-en-expression-graphique\/\" class=\"_self pt-cv-readmore btn btn-success\" target=\"_self\" >Lire La Suite\u2026<\/a><\/div><\/div>\n<div class=\" pt-cv-content-item pt-cv-1-col\" ><div class=\"pt-cv-taxoterm above_title\"><a href='https:\/\/bibliotheque-sfpe-at.com\/index.php\/category\/auteurs\/chartier-didier\/' title='Chartier Didier' class='pt-cv-tax-chartier-didier'>Chartier Didier<\/a><\/div>\n<h4 class=\"pt-cv-title\"><a href=\"https:\/\/bibliotheque-sfpe-at.com\/index.php\/2025\/06\/17\/essai-dintegration-de-lexpression-picturale-dans-une-approche-therapeutique-globale-en-milieu-institutionnel\/\" class=\"_self\" target=\"_self\" >Essai d\u2019int\u00e9gration de l\u2019expression picturale dans une approche th\u00e9rapeutique globale en milieu institutionnel<\/a><\/h4>\n<div class=\"pt-cv-content\">Il parait necessaire de r\u00e9sinier la possibilit\u00e9 d&rsquo;expression par la peinture dans le domaine de la maladie mentale au sein d&rsquo;un programme th\u00e9rapeutique structur\u00e9. Il ne s&rsquo;agit pas de se livrer \u00e0 une entreprise de \u00ab\u00a0r\u00e9cup\u00e9ration\u00a0\u00bb de l&rsquo;expression libre, mais plut\u00f4t d\u2019utiliser sa dynamique et &#8230;<\/div>\n<div class=\"pt-cv-rmwrap\"><a href=\"https:\/\/bibliotheque-sfpe-at.com\/index.php\/2025\/06\/17\/essai-dintegration-de-lexpression-picturale-dans-une-approche-therapeutique-globale-en-milieu-institutionnel\/\" class=\"_self pt-cv-readmore btn btn-success\" target=\"_self\" >Lire La Suite\u2026<\/a><\/div><\/div>\n<div class=\" pt-cv-content-item pt-cv-1-col\" ><div class=\"pt-cv-taxoterm above_title\"><a href='https:\/\/bibliotheque-sfpe-at.com\/index.php\/category\/auteurs\/vermeersch-pierre\/' title='Vermeersch Pierre' class='pt-cv-tax-vermeersch-pierre'>Vermeersch Pierre<\/a><\/div>\n<h4 class=\"pt-cv-title\"><a href=\"https:\/\/bibliotheque-sfpe-at.com\/index.php\/2025\/06\/17\/leffet-du-voir-en-art-therapie\/\" class=\"_self\" target=\"_self\" >L\u2019effet du voir en art-th\u00e9rapie<\/a><\/h4>\n<div class=\"pt-cv-content\">La pr\u00e9sente \u00e9tude tente de faire l\u2019analyse de la production du dessin associatif (automatique), pour montrer en quoi se sp\u00e9cifie la relation transf\u00e9rentielle du sujet dessinant \u00e0 son observateur et les formes qu&rsquo;elle prend au travers du dessin et des verbalisations qui s&rsquo;y rapportent.analyse de &#8230;<\/div>\n<div class=\"pt-cv-rmwrap\"><a href=\"https:\/\/bibliotheque-sfpe-at.com\/index.php\/2025\/06\/17\/leffet-du-voir-en-art-therapie\/\" class=\"_self pt-cv-readmore btn btn-success\" target=\"_self\" >Lire La Suite\u2026<\/a><\/div><\/div>\n<div class=\" pt-cv-content-item pt-cv-1-col\" ><div class=\"pt-cv-taxoterm above_title\"><a href='https:\/\/bibliotheque-sfpe-at.com\/index.php\/category\/auteurs\/berland-suzanne\/' title='Berland Suzanne' class='pt-cv-tax-berland-suzanne'>Berland Suzanne<\/a><a href='https:\/\/bibliotheque-sfpe-at.com\/index.php\/category\/auteurs\/thibout-claire\/' title='Thibout Claire' class='pt-cv-tax-thibout-claire'>Thibout Claire<\/a><\/div>\n<h4 class=\"pt-cv-title\"><a href=\"https:\/\/bibliotheque-sfpe-at.com\/index.php\/2025\/06\/17\/collages-pour-un-second-souffle-de-lart-enfantin\/\" class=\"_self\" target=\"_self\" >Collages : pour un second souffle de l\u2019art enfantin<\/a><\/h4>\n<div class=\"pt-cv-content\">C&rsquo;est \u00e0 partir des centaines de collages r\u00e9alis\u00e9s par des enfants normaux, dans le cadre d&rsquo;un atelier de peinture pratiquant l&rsquo;expression libre depuis maintenant huit ans, que nous avons \u00e9t\u00e9 amen\u00e9es \u00e0 nous interroger sur ce mode d&rsquo;expression original et plus particuli\u00e8rement ici, sur les &#8230;<\/div>\n<div class=\"pt-cv-rmwrap\"><a href=\"https:\/\/bibliotheque-sfpe-at.com\/index.php\/2025\/06\/17\/collages-pour-un-second-souffle-de-lart-enfantin\/\" class=\"_self pt-cv-readmore btn btn-success\" target=\"_self\" >Lire La Suite\u2026<\/a><\/div><\/div><\/div><\/div> <\/div> <style>\n\n#pt-cv-view-3i0h7lt2 .pt-cv-meta-fields {  }#pt-cv-view-3i0h7lt2 .pt-cv-meta-fields * { font-size: 13px; }#pt-cv-view-3i0h7lt2 .pt-cv-thumb-wrapper:not(.miniwrap) {  }#pt-cv-view-3i0h7lt2 .pt-cv-thumbnail:not(.pt-cv-thumbnailsm) { height: 250px; }#pt-cv-view-3i0h7lt2 .pt-cv-title a { display: block;color: #a83838; }#pt-cv-view-3i0h7lt2 .pt-cv-title:not(.pt-cv-titlesm) a { font-weight: 600;text-decoration: none;font-size: 20px; }#pt-cv-view-3i0h7lt2 .pt-cv-titlesm a { font-weight: 600;font-size: 18px; }#pt-cv-view-3i0h7lt2 .pt-cv-content { font-size: 12px; }#pt-cv-view-3i0h7lt2 .pt-cv-rmwrap {  }#pt-cv-view-3i0h7lt2 .pt-cv-readmore { color: #951a1a;background-color: #ffffff00;font-style: italic;font-size: 12px; }#pt-cv-view-3i0h7lt2 .pt-cv-taxoterm {  }#pt-cv-view-3i0h7lt2 .pt-cv-taxoterm * { color: #9badb7;background-color: #f5f0f057;border-style: solid;font-size: 14px;border-width: 1.5px 1.5px 1.5px 1.5px;border-radius: 8px 8px 8px 8px; }#pt-cv-view-3i0h7lt2 + .pt-cv-pagination-wrapper {  }#pt-cv-view-3i0h7lt2 + .pt-cv-pagination-wrapper a { font-size: 14px; }#pt-cv-view-3i0h7lt2 > .pt-cv-page {grid-template-columns: repeat(4, 1fr);grid-gap: 13px;}\n@media all and (max-width: 1024px) { \n#pt-cv-view-3i0h7lt2 > .pt-cv-page {}\n} \n@media all and (max-width: 767px) { \n#pt-cv-view-3i0h7lt2 > .pt-cv-page {grid-template-columns: repeat(1, 1fr);}\n} <\/style>\n\n\n<div style=\"height:54px\" aria-hidden=\"true\" class=\"wp-block-spacer\"><\/div>\n\n\n\n<div class=\"wp-block-buttons is-content-justification-center is-layout-flex wp-container-core-buttons-is-layout-a89b3969 wp-block-buttons-is-layout-flex\">\n<div class=\"wp-block-button\"><a class=\"wp-block-button__link has-vivid-red-background-color has-background has-small-font-size has-custom-font-size wp-element-button\" href=\"\/index.php\/revues-avant-2010\/\">&lt;&#8211; retour<\/a><\/div>\n<\/div>\n","protected":false},"excerpt":{"rendered":"","protected":false},"author":2,"featured_media":5484,"comment_status":"closed","ping_status":"open","sticky":false,"template":"","format":"standard","meta":{"pmpro_default_level":"","ngg_post_thumbnail":0,"footnotes":""},"categories":[1],"tags":[26],"class_list":["post-5800","post","type-post","status-publish","format-standard","has-post-thumbnail","hentry","category-non-classe","tag-avant-2010","pmpro-has-access"],"_links":{"self":[{"href":"https:\/\/bibliotheque-sfpe-at.com\/index.php\/wp-json\/wp\/v2\/posts\/5800","targetHints":{"allow":["GET"]}}],"collection":[{"href":"https:\/\/bibliotheque-sfpe-at.com\/index.php\/wp-json\/wp\/v2\/posts"}],"about":[{"href":"https:\/\/bibliotheque-sfpe-at.com\/index.php\/wp-json\/wp\/v2\/types\/post"}],"author":[{"embeddable":true,"href":"https:\/\/bibliotheque-sfpe-at.com\/index.php\/wp-json\/wp\/v2\/users\/2"}],"replies":[{"embeddable":true,"href":"https:\/\/bibliotheque-sfpe-at.com\/index.php\/wp-json\/wp\/v2\/comments?post=5800"}],"version-history":[{"count":2,"href":"https:\/\/bibliotheque-sfpe-at.com\/index.php\/wp-json\/wp\/v2\/posts\/5800\/revisions"}],"predecessor-version":[{"id":5804,"href":"https:\/\/bibliotheque-sfpe-at.com\/index.php\/wp-json\/wp\/v2\/posts\/5800\/revisions\/5804"}],"wp:featuredmedia":[{"embeddable":true,"href":"https:\/\/bibliotheque-sfpe-at.com\/index.php\/wp-json\/wp\/v2\/media\/5484"}],"wp:attachment":[{"href":"https:\/\/bibliotheque-sfpe-at.com\/index.php\/wp-json\/wp\/v2\/media?parent=5800"}],"wp:term":[{"taxonomy":"category","embeddable":true,"href":"https:\/\/bibliotheque-sfpe-at.com\/index.php\/wp-json\/wp\/v2\/categories?post=5800"},{"taxonomy":"post_tag","embeddable":true,"href":"https:\/\/bibliotheque-sfpe-at.com\/index.php\/wp-json\/wp\/v2\/tags?post=5800"}],"curies":[{"name":"wp","href":"https:\/\/api.w.org\/{rel}","templated":true}]}}