{"id":5802,"date":"2025-06-17T11:21:29","date_gmt":"2025-06-17T09:21:29","guid":{"rendered":"https:\/\/bibliotheque-sfpe-at.com\/?p=5802"},"modified":"2025-06-17T11:54:01","modified_gmt":"2025-06-17T09:54:01","slug":"etude-dindices-significatifs-des-interactions-du-sujet-du-groupe-et-de-linstitution-en-expression-graphique","status":"publish","type":"post","link":"https:\/\/bibliotheque-sfpe-at.com\/index.php\/2025\/06\/17\/etude-dindices-significatifs-des-interactions-du-sujet-du-groupe-et-de-linstitution-en-expression-graphique\/","title":{"rendered":"\u00c9tude d\u2019indices significatifs des interactions du sujet, du groupe et de l\u2019institution en expression graphique"},"content":{"rendered":"\n<div class=\"wp-block-columns is-layout-flex wp-container-core-columns-is-layout-28f84493 wp-block-columns-is-layout-flex\">\n<div class=\"wp-block-column is-layout-flow wp-block-column-is-layout-flow\" style=\"flex-basis:66.66%\">\n<p class=\"has-text-align-left\"><\/p>\n\n\n\n<p class=\"has-text-align-left\"><strong>Introduction<\/strong><br>Nous allons pr\u00e9senter un groupe psychoth\u00e9rapique d&rsquo;expression graphique et verbale. Le but de ce groupe a \u00e9t\u00e9 \u00e9videmment de faire une \u00e9tude de l\u2019expression des malades, mais surtout d\u2019essayer de voir dans quelle mesure il y avait des effets r\u00e9ciproques de l\u2019institution, du pavillon et du sujet dans un groupe fait dans un atelier. Autrement dit. le probl\u00e8me est le suivant : lorsqu&rsquo;on voit des dessins faits dans un atelier, quelle est la fa\u00e7on de s\u2019exprimer de chaque sujet pur rapport \u00e0 l\u2019\u00e9tat du groupe et l\u2019\u00e9tat de l\u2019Institution? Est-ce que dans le dessin \u201cpasse\u00a0\u00bb uniquement le probl\u00e8me au niveau fantasmatique du sujet, ou bien est-ce qu&rsquo;il \u00ab\u00a0passe\u00a0\u00bb autre chose?<br>L&rsquo;hypoth\u00e8se est qu&rsquo;il y a de tr\u00e8s nombreux symboles qui apparaissent. venant de l&rsquo;ensemble de l&rsquo;institution, et que ce serait une erreur d\u2019interpr\u00e9ter les dessins qui sont faits en ergoth\u00e9rapie en fonction de la seule personnalit\u00e9 du sujet. Finalement, on se trouve beaucoup plus devint un \u00e9cran institutionnel; le dessin repr\u00e9sente l&rsquo;ensemble des probl\u00e8mes de l\u2019institution et il faut se garder de croire que tel ou tel symbole signifie seulement quelque chose de personnel pour l\u2019individu.<\/p>\n\n\n\n<p class=\"has-text-align-left\"><\/p>\n\n\n\n<p class=\"has-text-align-left\"><\/p>\n\n\n\n<p class=\"has-text-align-left\"><\/p>\n\n\n\n<p class=\"has-text-color has-link-color wp-elements-0c5dd61414d2cb4c88e3596780dedeb0\" style=\"color:#2753a5\"><strong><em>Pour lire le texte complet <a href=\"\/index.php\/options-dinscription\/\"><mark style=\"background-color:rgba(0, 0, 0, 0)\" class=\"has-inline-color has-vivid-cyan-blue-color\">s&rsquo;inscrire<\/mark><\/a> ou <a href=\"\/index.php\/my-account\/edit-account\/\"><mark style=\"background-color:rgba(0, 0, 0, 0)\" class=\"has-inline-color has-vivid-cyan-blue-color\">se connecter<\/mark><\/a><\/em><\/strong><\/p>\n\n\n\n\n\n<div style=\"height:100px\" aria-hidden=\"true\" class=\"wp-block-spacer\"><\/div>\n\n\n\n<div class=\"wp-block-buttons is-content-justification-center is-layout-flex wp-container-core-buttons-is-layout-a89b3969 wp-block-buttons-is-layout-flex\">\n<div class=\"wp-block-button is-style-fill\"><a class=\"wp-block-button__link has-vivid-red-background-color has-background has-small-font-size has-custom-font-size wp-element-button\" href=\"\/index.php\/2025\/06\/17\/1978-expression-et-signe-no-1\/\">&lt;&#8211;retour<\/a><\/div>\n<\/div>\n<\/div>\n\n\n\n<div class=\"wp-block-column is-layout-flow wp-block-column-is-layout-flow\" style=\"flex-basis:33.33%\">\n<figure class=\"wp-block-table\"><table class=\"has-background\" style=\"background-color:#f8f2f2\"><thead><tr><th><mark class=\"has-inline-color has-vivid-red-color\" style=\"background-color: rgba(0, 0, 0, 0);\"><strong>Auteur<\/strong><\/mark><\/th><\/tr><\/thead><tbody><tr><td><strong>Leroy Cl. <\/strong><br><strong>Bedos F.<\/strong><br><strong>Moinard S.<\/strong><br><strong>Plaire L.<\/strong><\/td><\/tr><\/tbody><\/table><\/figure>\n\n\n\n<figure class=\"wp-block-table\"><table><thead><tr><th><mark class=\"has-inline-color has-vivid-red-color\" style=\"background-color: rgba(0, 0, 0, 0);\"><strong>R\u00e9f\u00e9rence<\/strong><\/mark><\/th><\/tr><\/thead><tbody><tr><td><strong>RR19781-01<\/strong><br>Expression et Signe, n\u00b01, 1978<\/td><\/tr><\/tbody><\/table><\/figure>\n\n\n\n<figure class=\"wp-block-table\"><table><thead><tr><th><mark class=\"has-inline-color has-vivid-red-color\" style=\"background-color: rgba(0, 0, 0, 0);\"><strong>Cat\u00e9gories<\/strong><\/mark><\/th><\/tr><\/thead><tbody><tr><td>\u00c9tude de cas<br>Dessin<br>M\u00e9thodologie<br>Peinture<br>Psychiatrie<\/td><\/tr><\/tbody><\/table><\/figure>\n<\/div>\n<\/div>\n\n\n\n<p><\/p>\n","protected":false},"excerpt":{"rendered":"<p>IntroductionNous allons pr\u00e9senter un groupe psychoth\u00e9rapique d&rsquo;expression graphique et verbale. Le but de ce groupe a \u00e9t\u00e9 \u00e9videmment de faire une \u00e9tude de l\u2019expression des malades, mais surtout d\u2019essayer de voir dans quelle mesure il y avait des effets r\u00e9ciproques de l\u2019institution, du pavillon et du sujet dans un groupe&hellip;<\/p>\n","protected":false},"author":2,"featured_media":0,"comment_status":"closed","ping_status":"open","sticky":false,"template":"","format":"standard","meta":{"pmpro_default_level":"","ngg_post_thumbnail":0,"footnotes":""},"categories":[1184,1185,1183,1182],"tags":[508,493,1186,786,484,574,1192],"class_list":["post-5802","post","type-post","status-publish","format-standard","hentry","category-bedos-f","category-leroy-cl","category-moinard-s","category-plaire-l","tag-dessin","tag-cas-clinique","tag-expression-et-signe-1978-no1","tag-methodologie","tag-peinture","tag-psychiatrie","tag-rr19781-01","pmpro-has-access"],"_links":{"self":[{"href":"https:\/\/bibliotheque-sfpe-at.com\/index.php\/wp-json\/wp\/v2\/posts\/5802","targetHints":{"allow":["GET"]}}],"collection":[{"href":"https:\/\/bibliotheque-sfpe-at.com\/index.php\/wp-json\/wp\/v2\/posts"}],"about":[{"href":"https:\/\/bibliotheque-sfpe-at.com\/index.php\/wp-json\/wp\/v2\/types\/post"}],"author":[{"embeddable":true,"href":"https:\/\/bibliotheque-sfpe-at.com\/index.php\/wp-json\/wp\/v2\/users\/2"}],"replies":[{"embeddable":true,"href":"https:\/\/bibliotheque-sfpe-at.com\/index.php\/wp-json\/wp\/v2\/comments?post=5802"}],"version-history":[{"count":1,"href":"https:\/\/bibliotheque-sfpe-at.com\/index.php\/wp-json\/wp\/v2\/posts\/5802\/revisions"}],"predecessor-version":[{"id":5803,"href":"https:\/\/bibliotheque-sfpe-at.com\/index.php\/wp-json\/wp\/v2\/posts\/5802\/revisions\/5803"}],"wp:attachment":[{"href":"https:\/\/bibliotheque-sfpe-at.com\/index.php\/wp-json\/wp\/v2\/media?parent=5802"}],"wp:term":[{"taxonomy":"category","embeddable":true,"href":"https:\/\/bibliotheque-sfpe-at.com\/index.php\/wp-json\/wp\/v2\/categories?post=5802"},{"taxonomy":"post_tag","embeddable":true,"href":"https:\/\/bibliotheque-sfpe-at.com\/index.php\/wp-json\/wp\/v2\/tags?post=5802"}],"curies":[{"name":"wp","href":"https:\/\/api.w.org\/{rel}","templated":true}]}}