{"id":5805,"date":"2025-06-17T11:32:03","date_gmt":"2025-06-17T09:32:03","guid":{"rendered":"https:\/\/bibliotheque-sfpe-at.com\/?p=5805"},"modified":"2025-06-17T11:54:07","modified_gmt":"2025-06-17T09:54:07","slug":"essai-dintegration-de-lexpression-picturale-dans-une-approche-therapeutique-globale-en-milieu-institutionnel","status":"publish","type":"post","link":"https:\/\/bibliotheque-sfpe-at.com\/index.php\/2025\/06\/17\/essai-dintegration-de-lexpression-picturale-dans-une-approche-therapeutique-globale-en-milieu-institutionnel\/","title":{"rendered":"Essai d\u2019int\u00e9gration de l\u2019expression picturale dans une approche th\u00e9rapeutique globale en milieu institutionnel"},"content":{"rendered":"\n<div class=\"wp-block-columns is-layout-flex wp-container-core-columns-is-layout-28f84493 wp-block-columns-is-layout-flex\">\n<div class=\"wp-block-column is-layout-flow wp-block-column-is-layout-flow\" style=\"flex-basis:66.66%\">\n<p class=\"has-text-align-left\"><\/p>\n\n\n\n<p class=\"has-text-align-left\">Il parait necessaire de r\u00e9sinier la possibilit\u00e9 d&rsquo;expression par la peinture dans le domaine de la maladie mentale au sein d&rsquo;un programme th\u00e9rapeutique structur\u00e9. Il ne s&rsquo;agit pas de se livrer \u00e0 une entreprise de \u00ab\u00a0r\u00e9cup\u00e9ration\u00a0\u00bb de l&rsquo;expression libre, mais plut\u00f4t d\u2019utiliser sa dynamique et son investissement oblig\u00e9 dans le cadre de la vie institutionnelle. Celle expression ne pouvant, \u00e0 l\u2019\u00e9vidence, s&rsquo;isoler de la communication dans le groupe soignants-soign\u00e9s. il s&rsquo;agit de pr\u00e9ciser comment d\u00e9velopper son r\u00f4le facilitateur, voire catalyseur dans les autres th\u00e9rapeutiques.<br>Un de ses caract\u00e8res en est la propri\u00e9t\u00e9. La peinture peut en effet se concevoir comme une communication mat\u00e9rialis\u00e9e. \u00ab\u00a0les paroles s&rsquo;envolent, les \u00e9crits restent\u00a0\u00bb. Dans un milieu o\u00f9 l&rsquo;on sait l&rsquo;importance de la parole comme \u00e9l\u00e9ment d\u2019appr\u00e9hension de l&rsquo;autre, sa disparition risque d&rsquo;\u00eatre v\u00e9cue comme d\u00e9possession, comme fruit d&rsquo;un vol commis par l&rsquo;auditeur.<\/p>\n\n\n\n<p class=\"has-text-align-left\"><\/p>\n\n\n\n<p class=\"has-text-color has-link-color wp-elements-0c5dd61414d2cb4c88e3596780dedeb0\" style=\"color:#2753a5\"><strong><em>Pour lire le texte complet <a href=\"\/index.php\/options-dinscription\/\"><mark style=\"background-color:rgba(0, 0, 0, 0)\" class=\"has-inline-color has-vivid-cyan-blue-color\">s&rsquo;inscrire<\/mark><\/a> ou <a href=\"\/index.php\/my-account\/edit-account\/\"><mark style=\"background-color:rgba(0, 0, 0, 0)\" class=\"has-inline-color has-vivid-cyan-blue-color\">se connecter<\/mark><\/a><\/em><\/strong><\/p>\n\n\n\n\n\n<div style=\"height:100px\" aria-hidden=\"true\" class=\"wp-block-spacer\"><\/div>\n\n\n\n<div class=\"wp-block-buttons is-content-justification-center is-layout-flex wp-container-core-buttons-is-layout-a89b3969 wp-block-buttons-is-layout-flex\">\n<div class=\"wp-block-button is-style-fill\"><a class=\"wp-block-button__link has-vivid-red-background-color has-background has-small-font-size has-custom-font-size wp-element-button\" href=\"\/index.php\/2025\/06\/17\/1978-expression-et-signe-no-1\/\">&lt;&#8211;retour<\/a><\/div>\n<\/div>\n<\/div>\n\n\n\n<div class=\"wp-block-column is-layout-flow wp-block-column-is-layout-flow\" style=\"flex-basis:33.33%\">\n<figure class=\"wp-block-table\"><table class=\"has-background\" style=\"background-color:#f8f2f2\"><thead><tr><th><mark class=\"has-inline-color has-vivid-red-color\" style=\"background-color: rgba(0, 0, 0, 0);\"><strong>Auteur<\/strong><\/mark><\/th><\/tr><\/thead><tbody><tr><td><strong>Chartier Didier<\/strong><\/td><\/tr><\/tbody><\/table><\/figure>\n\n\n\n<figure class=\"wp-block-table\"><table><thead><tr><th><mark class=\"has-inline-color has-vivid-red-color\" style=\"background-color: rgba(0, 0, 0, 0);\"><strong>R\u00e9f\u00e9rence<\/strong><\/mark><\/th><\/tr><\/thead><tbody><tr><td><strong>RR19781-02<\/strong><br>Expression et Signe, n\u00b01, 1978<\/td><\/tr><\/tbody><\/table><\/figure>\n\n\n\n<figure class=\"wp-block-table\"><table><thead><tr><th><mark class=\"has-inline-color has-vivid-red-color\" style=\"background-color: rgba(0, 0, 0, 0);\"><strong>Cat\u00e9gories<\/strong><\/mark><\/th><\/tr><\/thead><tbody><tr><td>Peinture<br>Psychanalyse<br>Psychiatrie<br>Psychopathologie de l\u2019expression<\/td><\/tr><\/tbody><\/table><\/figure>\n<\/div>\n<\/div>\n\n\n\n<p><\/p>\n","protected":false},"excerpt":{"rendered":"<p>Il parait necessaire de r\u00e9sinier la possibilit\u00e9 d&rsquo;expression par la peinture dans le domaine de la maladie mentale au sein d&rsquo;un programme th\u00e9rapeutique structur\u00e9. Il ne s&rsquo;agit pas de se livrer \u00e0 une entreprise de \u00ab\u00a0r\u00e9cup\u00e9ration\u00a0\u00bb de l&rsquo;expression libre, mais plut\u00f4t d\u2019utiliser sa dynamique et son investissement oblig\u00e9 dans le&hellip;<\/p>\n","protected":false},"author":2,"featured_media":0,"comment_status":"closed","ping_status":"open","sticky":false,"template":"","format":"standard","meta":{"pmpro_default_level":"","ngg_post_thumbnail":0,"footnotes":""},"categories":[1188],"tags":[1186,484,494,574,488,1193],"class_list":["post-5805","post","type-post","status-publish","format-standard","hentry","category-chartier-didier","tag-expression-et-signe-1978-no1","tag-peinture","tag-psychanalyse","tag-psychiatrie","tag-psychopathologie-de-lexpression","tag-rr19781-02","pmpro-has-access"],"_links":{"self":[{"href":"https:\/\/bibliotheque-sfpe-at.com\/index.php\/wp-json\/wp\/v2\/posts\/5805","targetHints":{"allow":["GET"]}}],"collection":[{"href":"https:\/\/bibliotheque-sfpe-at.com\/index.php\/wp-json\/wp\/v2\/posts"}],"about":[{"href":"https:\/\/bibliotheque-sfpe-at.com\/index.php\/wp-json\/wp\/v2\/types\/post"}],"author":[{"embeddable":true,"href":"https:\/\/bibliotheque-sfpe-at.com\/index.php\/wp-json\/wp\/v2\/users\/2"}],"replies":[{"embeddable":true,"href":"https:\/\/bibliotheque-sfpe-at.com\/index.php\/wp-json\/wp\/v2\/comments?post=5805"}],"version-history":[{"count":1,"href":"https:\/\/bibliotheque-sfpe-at.com\/index.php\/wp-json\/wp\/v2\/posts\/5805\/revisions"}],"predecessor-version":[{"id":5806,"href":"https:\/\/bibliotheque-sfpe-at.com\/index.php\/wp-json\/wp\/v2\/posts\/5805\/revisions\/5806"}],"wp:attachment":[{"href":"https:\/\/bibliotheque-sfpe-at.com\/index.php\/wp-json\/wp\/v2\/media?parent=5805"}],"wp:term":[{"taxonomy":"category","embeddable":true,"href":"https:\/\/bibliotheque-sfpe-at.com\/index.php\/wp-json\/wp\/v2\/categories?post=5805"},{"taxonomy":"post_tag","embeddable":true,"href":"https:\/\/bibliotheque-sfpe-at.com\/index.php\/wp-json\/wp\/v2\/tags?post=5805"}],"curies":[{"name":"wp","href":"https:\/\/api.w.org\/{rel}","templated":true}]}}