{"id":5813,"date":"2025-06-17T19:24:26","date_gmt":"2025-06-17T17:24:26","guid":{"rendered":"https:\/\/bibliotheque-sfpe-at.com\/?p=5813"},"modified":"2025-06-17T19:53:32","modified_gmt":"2025-06-17T17:53:32","slug":"la-dynamique-fonctionnelle","status":"publish","type":"post","link":"https:\/\/bibliotheque-sfpe-at.com\/index.php\/2025\/06\/17\/la-dynamique-fonctionnelle\/","title":{"rendered":"La dynamique fonctionnelle"},"content":{"rendered":"\n<div class=\"wp-block-columns is-layout-flex wp-container-core-columns-is-layout-28f84493 wp-block-columns-is-layout-flex\">\n<div class=\"wp-block-column is-layout-flow wp-block-column-is-layout-flow\" style=\"flex-basis:66.66%\">\n<p class=\"has-text-align-left\"><\/p>\n\n\n\n<p class=\"has-text-align-left\">La th\u00e9rapie par le CRI provient de la conjonction de deux courants principaux apparus dans l&rsquo;arsenal th\u00e9rapeutique : &#8211; l\u2019analyse, non pas en tant que technique, mais en tant que t\u00e9moin d\u2019une d\u00e9marche particuli\u00e8re, et d\u2019un angle de vue sp\u00e9cifique quant au ph\u00e9nom\u00e8ne psychique ; le psychodrame, qui introduit dans la technique de nouveaux \u00e9l\u00e9ments : le groupe et les jeux de r\u00f4le.<br>Les pr\u00e9d\u00e9cesseurs les plus directs en sont Frederick Perls, Maslow, Silberman, Watts et les exp\u00e9riences de laboratoire du Training Group.<br>Plus r\u00e9cemment &#8211; et plus directement encore &#8211; le Dr Castriel, ancien Pr\u00e9sident de l&rsquo;Association des psychanalystes de New York, s&rsquo;occupant d&rsquo;institutions th\u00e9rapeutiques de drogu\u00e9s, remarqua que si les d\u00e9charges \u00e9motionnelles des patients s\u2019exprimaient librement, ceux-ci \u00e9taient ensuite plus stables d&rsquo;un point de vue affectif. Des individus qui avaient jusque-l\u00e0 manifest\u00e9 entre eux une agressivit\u00e9 violente pouvaient tout \u00e0 coup s\u2019accepter et reprendre une communication valable : d&rsquo;o\u00f9 un essai syst\u00e9matique de provoquer des d\u00e9charges \u00e9motionnelles les plus intenses possibles et surtout les moins contr\u00f4l\u00e9es \u00e0 un niveau conscient<br>11 s\u2019ensuivit une am\u00e9lioration tr\u00e8s nette des comportements et, au dire des patients, une modification du v\u00e9cu, l&rsquo;expression de leurs souffrances affectives entra\u00eenant un soulagement une diminution des tensions internes et partant un mieux-\u00eatre \u00e0 soi et \u00e0 l&rsquo;autre.<br>Dans le m\u00eame temps, Janov, sur la c\u00f4te ouest des \u00catats-Unis, se rend compte de l&rsquo;importance d&rsquo;une surchauffe \u00e9motionnelle, augment\u00e9e ou non par un isolement affectif. Il raconte qu\u2019un de ses patients, acteur com\u00e9dien, lui rapporta avoir eu une exp\u00e9rience bouleversante quand, au cours d&rsquo;une sc\u00e8ne, il avait \u00e9t\u00e9 amen\u00e9 \u00e0 dire une phrase dont le texte s\u2019appliquait int\u00e9gralement \u00e0 son v\u00e9cu personnel. Janov demanda la r\u00e9p\u00e9tition de cette sc\u00e8ne et le ph\u00e9nom\u00e8ne se reproduisit : le patient, libre d&rsquo;exprimer le traumatisme infantile aussi intens\u00e9ment qu\u2019il avait \u00e9t\u00e9 v\u00e9cu, s\u2019en trouva lib\u00e9r\u00e9. Janov donna \u00e0 ce ph\u00e9nom\u00e8ne le nom de CRI PRIMAL auquel nous pourrons reprocher de se vouloir panac\u00e9e et de souffrir, \u00e0 notre avis, d\u2019une \u00e9rotisation de la peine, associ\u00e9e \u00e0 un refus syst\u00e9matique d\u2019id\u00e9ation.<br>Actuellement, ces approches \u00e9motionnelles s\u2019exercent depuis une quinzaine d\u2019ann\u00e9es et les statistiques font appara\u00eetre une stabilit\u00e9 des r\u00e9sultats obtenus.<\/p>\n\n\n\n<p class=\"has-text-align-left\"><\/p>\n\n\n\n<p class=\"has-text-color has-link-color wp-elements-0c5dd61414d2cb4c88e3596780dedeb0\" style=\"color:#2753a5\"><strong><em>Pour lire le texte complet <a href=\"\/index.php\/options-dinscription\/\"><mark style=\"background-color:rgba(0, 0, 0, 0)\" class=\"has-inline-color has-vivid-cyan-blue-color\">s&rsquo;inscrire<\/mark><\/a> ou <a href=\"\/index.php\/my-account\/edit-account\/\"><mark style=\"background-color:rgba(0, 0, 0, 0)\" class=\"has-inline-color has-vivid-cyan-blue-color\">se connecter<\/mark><\/a><\/em><\/strong><\/p>\n\n\n\n\n\n<div style=\"height:100px\" aria-hidden=\"true\" class=\"wp-block-spacer\"><\/div>\n\n\n\n<div class=\"wp-block-buttons is-content-justification-center is-layout-flex wp-container-core-buttons-is-layout-a89b3969 wp-block-buttons-is-layout-flex\">\n<div class=\"wp-block-button is-style-fill\"><a class=\"wp-block-button__link has-vivid-red-background-color has-background has-small-font-size has-custom-font-size wp-element-button\" href=\"\/index.php\/2025\/06\/17\/1978-expression-et-signe-no-2\/\">&lt;&#8211;retour<\/a><\/div>\n<\/div>\n<\/div>\n\n\n\n<div class=\"wp-block-column is-layout-flow wp-block-column-is-layout-flow\" style=\"flex-basis:33.33%\">\n<figure class=\"wp-block-table\"><table class=\"has-background\" style=\"background-color:#f8f2f2\"><thead><tr><th><mark class=\"has-inline-color has-vivid-red-color\" style=\"background-color: rgba(0, 0, 0, 0);\"><strong>Auteur<\/strong><\/mark><\/th><\/tr><\/thead><tbody><tr><td><strong>Jalenques \u00c9tienne<\/strong><\/td><\/tr><\/tbody><\/table><\/figure>\n\n\n\n<figure class=\"wp-block-table\"><table><thead><tr><th><mark class=\"has-inline-color has-vivid-red-color\" style=\"background-color: rgba(0, 0, 0, 0);\"><strong>R\u00e9f\u00e9rence<\/strong><\/mark><\/th><\/tr><\/thead><tbody><tr><td><strong>RR19782-01<\/strong><br>Expression et Signe, n\u00b01, 1978<\/td><\/tr><\/tbody><\/table><\/figure>\n\n\n\n<figure class=\"wp-block-table\"><table><thead><tr><th><mark class=\"has-inline-color has-vivid-red-color\" style=\"background-color: rgba(0, 0, 0, 0);\"><strong>Cat\u00e9gories<\/strong><\/mark><\/th><\/tr><\/thead><tbody><tr><td>Psychanalyse<br>Th\u00e9\u00e2tre<br>Voix<\/td><\/tr><\/tbody><\/table><\/figure>\n<\/div>\n<\/div>\n\n\n\n<p><\/p>\n","protected":false},"excerpt":{"rendered":"<p>La th\u00e9rapie par le CRI provient de la conjonction de deux courants principaux apparus dans l&rsquo;arsenal th\u00e9rapeutique : &#8211; l\u2019analyse, non pas en tant que technique, mais en tant que t\u00e9moin d\u2019une d\u00e9marche particuli\u00e8re, et d\u2019un angle de vue sp\u00e9cifique quant au ph\u00e9nom\u00e8ne psychique ; le psychodrame, qui introduit dans&hellip;<\/p>\n","protected":false},"author":2,"featured_media":0,"comment_status":"closed","ping_status":"open","sticky":false,"template":"","format":"standard","meta":{"pmpro_default_level":"","ngg_post_thumbnail":0,"footnotes":""},"categories":[1196],"tags":[1197,494,1201,504,608],"class_list":["post-5813","post","type-post","status-publish","format-standard","hentry","category-jalenques-etienne","tag-expression-et-signe-1978-no2","tag-psychanalyse","tag-rr19782-01","tag-theatre","tag-voix","pmpro-has-access"],"_links":{"self":[{"href":"https:\/\/bibliotheque-sfpe-at.com\/index.php\/wp-json\/wp\/v2\/posts\/5813","targetHints":{"allow":["GET"]}}],"collection":[{"href":"https:\/\/bibliotheque-sfpe-at.com\/index.php\/wp-json\/wp\/v2\/posts"}],"about":[{"href":"https:\/\/bibliotheque-sfpe-at.com\/index.php\/wp-json\/wp\/v2\/types\/post"}],"author":[{"embeddable":true,"href":"https:\/\/bibliotheque-sfpe-at.com\/index.php\/wp-json\/wp\/v2\/users\/2"}],"replies":[{"embeddable":true,"href":"https:\/\/bibliotheque-sfpe-at.com\/index.php\/wp-json\/wp\/v2\/comments?post=5813"}],"version-history":[{"count":1,"href":"https:\/\/bibliotheque-sfpe-at.com\/index.php\/wp-json\/wp\/v2\/posts\/5813\/revisions"}],"predecessor-version":[{"id":5814,"href":"https:\/\/bibliotheque-sfpe-at.com\/index.php\/wp-json\/wp\/v2\/posts\/5813\/revisions\/5814"}],"wp:attachment":[{"href":"https:\/\/bibliotheque-sfpe-at.com\/index.php\/wp-json\/wp\/v2\/media?parent=5813"}],"wp:term":[{"taxonomy":"category","embeddable":true,"href":"https:\/\/bibliotheque-sfpe-at.com\/index.php\/wp-json\/wp\/v2\/categories?post=5813"},{"taxonomy":"post_tag","embeddable":true,"href":"https:\/\/bibliotheque-sfpe-at.com\/index.php\/wp-json\/wp\/v2\/tags?post=5813"}],"curies":[{"name":"wp","href":"https:\/\/api.w.org\/{rel}","templated":true}]}}