{"id":5817,"date":"2025-06-17T19:34:26","date_gmt":"2025-06-17T17:34:26","guid":{"rendered":"https:\/\/bibliotheque-sfpe-at.com\/?p=5817"},"modified":"2025-06-17T19:53:40","modified_gmt":"2025-06-17T17:53:40","slug":"les-enfants-victimes-de-leurs-camarades-a-lecole","status":"publish","type":"post","link":"https:\/\/bibliotheque-sfpe-at.com\/index.php\/2025\/06\/17\/les-enfants-victimes-de-leurs-camarades-a-lecole\/","title":{"rendered":"Les enfants victimes de leurs camarades \u00e0 l\u2019\u00e9cole"},"content":{"rendered":"\n<div class=\"wp-block-columns is-layout-flex wp-container-core-columns-is-layout-28f84493 wp-block-columns-is-layout-flex\">\n<div class=\"wp-block-column is-layout-flow wp-block-column-is-layout-flow\" style=\"flex-basis:66.66%\">\n<p class=\"has-text-align-left\"><\/p>\n\n\n\n<p class=\"has-text-align-left\">Une recherche est faite, concernant les enfants victimes de leurs camarades \u00e0 l\u2019\u00e9cole, parmi les consultants d\u2019un C.M.P.P. (12 cas sur 1 600 consultants par an, pendant trois ann\u00e9es) et les enfants de trois I.M.P. (10 cas sur 225 enfants), enfants \u00e2g\u00e9s de 3 \u00e0 18 ans. Tous sont des gar\u00e7ons, de niveau mental normal. Les s\u00e9vices sont r\u00e9pertories (verbaux ou par gestes).<br>Anamn\u00e8ses, entretiens avec l&rsquo;enfant tests de niveau et projectifs (y compris les suppl\u00e9ments au C.A.T., T.A.T., et le test de Rosenzweig), dessins cl cures psychoth\u00e9rapiques ont fourni, en r\u00e9sum\u00e9, les \u00e9l\u00e9ments ci-apr\u00e8s.<br>La plus grande partie de ces enfants avait des relations troubl\u00e9es avec leur p\u00e8re (50% de p\u00e8res absents, les autres p\u00e8res \u00e9tant ironiques ou violents). Les relations sont \u00e9galement difficiles avec leur m\u00e8re : dans 50 % des cas. le comportement r\u00e9ciproque est nettement sadomasochiste (coups, injures, m\u00e9pris, d\u00e9sob\u00e9issance, provocation, quatre \u00e9checs scolaires). En outre, dans la moiti\u00e9 des cas \u00e9galement, l\u2019enfant a un mauvais rapport avec son propre corps (maladresses, angoisses motrices).<\/p>\n\n\n\n<p class=\"has-text-align-left\"><\/p>\n\n\n\n<p class=\"has-text-align-left\"><\/p>\n\n\n\n<p class=\"has-text-color has-link-color wp-elements-0c5dd61414d2cb4c88e3596780dedeb0\" style=\"color:#2753a5\"><strong><em>Pour lire le texte complet <a href=\"\/index.php\/options-dinscription\/\"><mark style=\"background-color:rgba(0, 0, 0, 0)\" class=\"has-inline-color has-vivid-cyan-blue-color\">s&rsquo;inscrire<\/mark><\/a> ou <a href=\"\/index.php\/my-account\/edit-account\/\"><mark style=\"background-color:rgba(0, 0, 0, 0)\" class=\"has-inline-color has-vivid-cyan-blue-color\">se connecter<\/mark><\/a><\/em><\/strong><\/p>\n\n\n\n\n\n<div style=\"height:100px\" aria-hidden=\"true\" class=\"wp-block-spacer\"><\/div>\n\n\n\n<div class=\"wp-block-buttons is-content-justification-center is-layout-flex wp-container-core-buttons-is-layout-a89b3969 wp-block-buttons-is-layout-flex\">\n<div class=\"wp-block-button is-style-fill\"><a class=\"wp-block-button__link has-vivid-red-background-color has-background has-small-font-size has-custom-font-size wp-element-button\" href=\"\/index.php\/2025\/06\/17\/1978-expression-et-signe-no-2\/\">&lt;&#8211;retour<\/a><\/div>\n<\/div>\n<\/div>\n\n\n\n<div class=\"wp-block-column is-layout-flow wp-block-column-is-layout-flow\" style=\"flex-basis:33.33%\">\n<figure class=\"wp-block-table\"><table class=\"has-background\" style=\"background-color:#f8f2f2\"><thead><tr><th><mark class=\"has-inline-color has-vivid-red-color\" style=\"background-color: rgba(0, 0, 0, 0);\"><strong>Auteur<\/strong><\/mark><\/th><\/tr><\/thead><tbody><tr><td><strong>Guillemant Josyane<\/strong><\/td><\/tr><\/tbody><\/table><\/figure>\n\n\n\n<figure class=\"wp-block-table\"><table><thead><tr><th><mark class=\"has-inline-color has-vivid-red-color\" style=\"background-color: rgba(0, 0, 0, 0);\"><strong>R\u00e9f\u00e9rence<\/strong><\/mark><\/th><\/tr><\/thead><tbody><tr><td><strong>RR19782-02<\/strong><br>Expression et Signe, n\u00b01, 1978<\/td><\/tr><\/tbody><\/table><\/figure>\n\n\n\n<figure class=\"wp-block-table\"><table><thead><tr><th><mark class=\"has-inline-color has-vivid-red-color\" style=\"background-color: rgba(0, 0, 0, 0);\"><strong>Cat\u00e9gories<\/strong><\/mark><\/th><\/tr><\/thead><tbody><tr><td>Psychanalyse<br>M\u00e9thodologie<br>Dessin<br>\u00c9tude de cas<br>\u00c9valuation<br>Enfance<\/td><\/tr><\/tbody><\/table><\/figure>\n<\/div>\n<\/div>\n\n\n\n<p><\/p>\n","protected":false},"excerpt":{"rendered":"<p>Une recherche est faite, concernant les enfants victimes de leurs camarades \u00e0 l\u2019\u00e9cole, parmi les consultants d\u2019un C.M.P.P. (12 cas sur 1 600 consultants par an, pendant trois ann\u00e9es) et les enfants de trois I.M.P. (10 cas sur 225 enfants), enfants \u00e2g\u00e9s de 3 \u00e0 18 ans. Tous sont des&hellip;<\/p>\n","protected":false},"author":2,"featured_media":0,"comment_status":"closed","ping_status":"open","sticky":false,"template":"","format":"standard","meta":{"pmpro_default_level":"","ngg_post_thumbnail":0,"footnotes":""},"categories":[1199],"tags":[508,549,493,561,1197,786,494,1202],"class_list":["post-5817","post","type-post","status-publish","format-standard","hentry","category-guillemant-josyane","tag-dessin","tag-enfance","tag-cas-clinique","tag-evaluation","tag-expression-et-signe-1978-no2","tag-methodologie","tag-psychanalyse","tag-rr19782-02","pmpro-has-access"],"_links":{"self":[{"href":"https:\/\/bibliotheque-sfpe-at.com\/index.php\/wp-json\/wp\/v2\/posts\/5817","targetHints":{"allow":["GET"]}}],"collection":[{"href":"https:\/\/bibliotheque-sfpe-at.com\/index.php\/wp-json\/wp\/v2\/posts"}],"about":[{"href":"https:\/\/bibliotheque-sfpe-at.com\/index.php\/wp-json\/wp\/v2\/types\/post"}],"author":[{"embeddable":true,"href":"https:\/\/bibliotheque-sfpe-at.com\/index.php\/wp-json\/wp\/v2\/users\/2"}],"replies":[{"embeddable":true,"href":"https:\/\/bibliotheque-sfpe-at.com\/index.php\/wp-json\/wp\/v2\/comments?post=5817"}],"version-history":[{"count":1,"href":"https:\/\/bibliotheque-sfpe-at.com\/index.php\/wp-json\/wp\/v2\/posts\/5817\/revisions"}],"predecessor-version":[{"id":5818,"href":"https:\/\/bibliotheque-sfpe-at.com\/index.php\/wp-json\/wp\/v2\/posts\/5817\/revisions\/5818"}],"wp:attachment":[{"href":"https:\/\/bibliotheque-sfpe-at.com\/index.php\/wp-json\/wp\/v2\/media?parent=5817"}],"wp:term":[{"taxonomy":"category","embeddable":true,"href":"https:\/\/bibliotheque-sfpe-at.com\/index.php\/wp-json\/wp\/v2\/categories?post=5817"},{"taxonomy":"post_tag","embeddable":true,"href":"https:\/\/bibliotheque-sfpe-at.com\/index.php\/wp-json\/wp\/v2\/tags?post=5817"}],"curies":[{"name":"wp","href":"https:\/\/api.w.org\/{rel}","templated":true}]}}