{"id":5819,"date":"2025-06-17T19:41:15","date_gmt":"2025-06-17T17:41:15","guid":{"rendered":"https:\/\/bibliotheque-sfpe-at.com\/?p=5819"},"modified":"2025-06-17T19:53:46","modified_gmt":"2025-06-17T17:53:46","slug":"une-oeuvre-picturale-la-ou-le-dialogue-etait-difficile","status":"publish","type":"post","link":"https:\/\/bibliotheque-sfpe-at.com\/index.php\/2025\/06\/17\/une-oeuvre-picturale-la-ou-le-dialogue-etait-difficile\/","title":{"rendered":"Une \u0153uvre picturale\u2026 l\u00e0 o\u00f9 le dialogue \u00e9tait difficile"},"content":{"rendered":"\n<div class=\"wp-block-columns is-layout-flex wp-container-core-columns-is-layout-28f84493 wp-block-columns-is-layout-flex\">\n<div class=\"wp-block-column is-layout-flow wp-block-column-is-layout-flow\" style=\"flex-basis:66.66%\">\n<p class=\"has-text-align-left\"><\/p>\n\n\n\n<p class=\"has-text-align-left\">Celle production picturale, si riche dans sa diversit\u00e9 de formes et de couleurs. a \u00e9t\u00e9 \u00e9labor\u00e9e au cours de deux ann\u00e9es d\u2019une prise en charge ayant d\u00e9but\u00e9 apr\u00e8s une tentative de suicide dont Jo\u00ebl \u00e9tait rescap\u00e9 et qui avait marqu\u00e9 la fin d&rsquo;une p\u00e9riode de 8 mois de toxicomanie incluant l&rsquo;usage de haschich et de L.S.D.<br>Commentant son passage \u00e0 l&rsquo;acte auto-destructeur qui n\u00e9cessita une longue r\u00e9animation, il devait d\u00e9clarer : \u201cJe ne voulais pas me suicider, je voulais dormir\u2026 Au dixi\u00e8me comprim\u00e9. j\u2019\u00e9tais d\u00e9j\u00e0 parti, mais j\u2019ai continu\u00e9 car je voulais en abuser.\u201d Dans son \u0153uvre, le symbolisme se laisse prendre \u00e0 chaque contour du trait, \u00e0 chaque d\u00e9marquage de couleur. Jo\u00ebl \u00e9vacue une fantasmagorie d\u00e9bordante, essaie de neutraliser des \u00e9mergences pulsionnelles cr\u00fbment exprim\u00e9es, de pi\u00e9ger la repr\u00e9sentation primaire mena\u00e7ante dans un mouvement cr\u00e9ateur o\u00f9 r\u00e9alit\u00e9 et imaginaire tendent asymptotiquement \u00e0 se rejoindre.<br>Nous allons tout d&rsquo;abord rassembler les \u00e9l\u00e9ments principaux de sa biographie et de son histoire clinique.<br>N\u00e9 en avril 1952, il est l&rsquo;avant-dernier d\u2019une fratrie de six. L&rsquo;accouchement a \u00e9t\u00e9 normal, la premi\u00e8re enfance aussi, en dehors d&rsquo;une chute \u00e0 7 mois qui aurait d\u00e9clench\u00e9 une r\u00e9percussion \u00e9motionnelle.<br>Il fr\u00e9quente l&rsquo;\u00e9cole maternelle \u00e0 partir de 4 ans. puis l&rsquo;\u00e9cole primaire o\u00f9. vers l&rsquo;\u00e2ge de 9 ans. commencent \u00e0 apparaitre des difficult\u00e9s que la m\u00e8re r\u00e9sume en une phrase : \u201cIl ne se donnait plus aucun mal pour apprendre.\u201d A ce d\u00e9sint\u00e9ressement scolaire, s\u2019associent quelques troubles caract\u00e9riels : il se montre ent\u00eat\u00e9, instable, opposant. Il quille l\u2019\u00e9cole sans passer le C.E.P., refuse d&rsquo;entreprendre une formation professionnelle.<\/p>\n\n\n\n<p class=\"has-text-align-left\"><\/p>\n\n\n\n<p class=\"has-text-color has-link-color wp-elements-0c5dd61414d2cb4c88e3596780dedeb0\" style=\"color:#2753a5\"><strong><em>Pour lire le texte complet <a href=\"\/index.php\/options-dinscription\/\"><mark style=\"background-color:rgba(0, 0, 0, 0)\" class=\"has-inline-color has-vivid-cyan-blue-color\">s&rsquo;inscrire<\/mark><\/a> ou <a href=\"\/index.php\/my-account\/edit-account\/\"><mark style=\"background-color:rgba(0, 0, 0, 0)\" class=\"has-inline-color has-vivid-cyan-blue-color\">se connecter<\/mark><\/a><\/em><\/strong><\/p>\n\n\n\n\n\n<div style=\"height:100px\" aria-hidden=\"true\" class=\"wp-block-spacer\"><\/div>\n\n\n\n<div class=\"wp-block-buttons is-content-justification-center is-layout-flex wp-container-core-buttons-is-layout-a89b3969 wp-block-buttons-is-layout-flex\">\n<div class=\"wp-block-button is-style-fill\"><a class=\"wp-block-button__link has-vivid-red-background-color has-background has-small-font-size has-custom-font-size wp-element-button\" href=\"\/index.php\/2025\/06\/17\/1978-expression-et-signe-no-2\/\">&lt;&#8211;retour<\/a><\/div>\n<\/div>\n<\/div>\n\n\n\n<div class=\"wp-block-column is-layout-flow wp-block-column-is-layout-flow\" style=\"flex-basis:33.33%\">\n<figure class=\"wp-block-table\"><table class=\"has-background\" style=\"background-color:#f8f2f2\"><thead><tr><th><mark class=\"has-inline-color has-vivid-red-color\" style=\"background-color: rgba(0, 0, 0, 0);\"><strong>Auteur<\/strong><\/mark><\/th><\/tr><\/thead><tbody><tr><td><strong>Scharbach Henry<\/strong><\/td><\/tr><\/tbody><\/table><\/figure>\n\n\n\n<figure class=\"wp-block-table\"><table><thead><tr><th><mark class=\"has-inline-color has-vivid-red-color\" style=\"background-color: rgba(0, 0, 0, 0);\"><strong>R\u00e9f\u00e9rence<\/strong><\/mark><\/th><\/tr><\/thead><tbody><tr><td><strong>RR19782-03<\/strong><br>Expression et Signe, n\u00b01, 1978<\/td><\/tr><\/tbody><\/table><\/figure>\n\n\n\n<figure class=\"wp-block-table\"><table><thead><tr><th><mark class=\"has-inline-color has-vivid-red-color\" style=\"background-color: rgba(0, 0, 0, 0);\"><strong>Cat\u00e9gories<\/strong><\/mark><\/th><\/tr><\/thead><tbody><tr><td>Psychanalyse<br>Psychiatrie<br>Psychopathologie de l\u2019expression<br>Arts plastiques<br>Peinture<br>\u00c9tude de cas<\/td><\/tr><\/tbody><\/table><\/figure>\n<\/div>\n<\/div>\n\n\n\n<p><\/p>\n","protected":false},"excerpt":{"rendered":"<p>Celle production picturale, si riche dans sa diversit\u00e9 de formes et de couleurs. a \u00e9t\u00e9 \u00e9labor\u00e9e au cours de deux ann\u00e9es d\u2019une prise en charge ayant d\u00e9but\u00e9 apr\u00e8s une tentative de suicide dont Jo\u00ebl \u00e9tait rescap\u00e9 et qui avait marqu\u00e9 la fin d&rsquo;une p\u00e9riode de 8 mois de toxicomanie incluant&hellip;<\/p>\n","protected":false},"author":2,"featured_media":0,"comment_status":"closed","ping_status":"open","sticky":false,"template":"","format":"standard","meta":{"pmpro_default_level":"","ngg_post_thumbnail":0,"footnotes":""},"categories":[1200],"tags":[503,493,1197,484,494,574,488,1203],"class_list":["post-5819","post","type-post","status-publish","format-standard","hentry","category-scharbach-henry","tag-arts-plastiques","tag-cas-clinique","tag-expression-et-signe-1978-no2","tag-peinture","tag-psychanalyse","tag-psychiatrie","tag-psychopathologie-de-lexpression","tag-rr19782-03","pmpro-has-access"],"_links":{"self":[{"href":"https:\/\/bibliotheque-sfpe-at.com\/index.php\/wp-json\/wp\/v2\/posts\/5819","targetHints":{"allow":["GET"]}}],"collection":[{"href":"https:\/\/bibliotheque-sfpe-at.com\/index.php\/wp-json\/wp\/v2\/posts"}],"about":[{"href":"https:\/\/bibliotheque-sfpe-at.com\/index.php\/wp-json\/wp\/v2\/types\/post"}],"author":[{"embeddable":true,"href":"https:\/\/bibliotheque-sfpe-at.com\/index.php\/wp-json\/wp\/v2\/users\/2"}],"replies":[{"embeddable":true,"href":"https:\/\/bibliotheque-sfpe-at.com\/index.php\/wp-json\/wp\/v2\/comments?post=5819"}],"version-history":[{"count":1,"href":"https:\/\/bibliotheque-sfpe-at.com\/index.php\/wp-json\/wp\/v2\/posts\/5819\/revisions"}],"predecessor-version":[{"id":5820,"href":"https:\/\/bibliotheque-sfpe-at.com\/index.php\/wp-json\/wp\/v2\/posts\/5819\/revisions\/5820"}],"wp:attachment":[{"href":"https:\/\/bibliotheque-sfpe-at.com\/index.php\/wp-json\/wp\/v2\/media?parent=5819"}],"wp:term":[{"taxonomy":"category","embeddable":true,"href":"https:\/\/bibliotheque-sfpe-at.com\/index.php\/wp-json\/wp\/v2\/categories?post=5819"},{"taxonomy":"post_tag","embeddable":true,"href":"https:\/\/bibliotheque-sfpe-at.com\/index.php\/wp-json\/wp\/v2\/tags?post=5819"}],"curies":[{"name":"wp","href":"https:\/\/api.w.org\/{rel}","templated":true}]}}