{"id":6240,"date":"2025-08-31T12:21:45","date_gmt":"2025-08-31T10:21:45","guid":{"rendered":"https:\/\/bibliotheque-sfpe-at.com\/?p=6240"},"modified":"2025-08-31T12:46:50","modified_gmt":"2025-08-31T10:46:50","slug":"un-cas-denfant-arbre","status":"publish","type":"post","link":"https:\/\/bibliotheque-sfpe-at.com\/index.php\/2025\/08\/31\/un-cas-denfant-arbre\/","title":{"rendered":"Un cas d\u2019enfant-arbre"},"content":{"rendered":"\n<div class=\"wp-block-columns is-layout-flex wp-container-core-columns-is-layout-28f84493 wp-block-columns-is-layout-flex\">\n<div class=\"wp-block-column is-layout-flow wp-block-column-is-layout-flow\" style=\"flex-basis:66.66%\">\n<p class=\"has-text-align-left\"><\/p>\n\n\n\n<p class=\"has-text-align-left\">Certains souvenirs de cliniciens m\u00e9ritent d\u2019\u00eatre cit\u00e9s avant que Michel ne nous entra\u00eene dans son monde.<br>Dans la publication d&rsquo;Ir\u00e8ne Jakab et de Marqaret Howard intitul\u00e9e \u00ab\u00a0Les Cr\u00e9atures d&rsquo;un monde d\u00e9shumanis\u00e9\u00a0\u00bb, on peut voir dans l\u2019iconographie qui l&rsquo;accompagne une femme transform\u00e9e partiellement en arbre et un arbre anthropomorphe.<br>Joseph Bieder cite le cas d&rsquo;un jeune schizophr\u00e8ne qu&rsquo;il soigne, retrouvant avec plaisir la solitude des bois o\u00f9 il pouvait \u201chumer\u00a0\u00bb l&rsquo;air \u00e0 \u00ab\u00a0pleins poumons\u00a0\u00bb et avoir, seulement en ces lieux, le sentiment de vivre.<br>Nous avons connu un autre malade des h\u00f4pitaux psychiatriques venant montrer, avec l&rsquo;angoisse que l\u2019on peut imaginer, la feuille qu&rsquo;il perdait il montrait sa main qu il creusait alors et dans un petit mouvement ascendant, le pouce frottant l\u00e9g\u00e8rement la paume, les doigts dirig\u00e9s vers le sol, le feuille se d\u00e9tachait.<br>Sachant que de telles identifications aux v\u00e9g\u00e9taux sont exceptionnelles, tant il est difficile de projeter sur eux notre image et nos \u00e9mois, nous pensons qu\u2019une autre pr\u00e9sentation, m\u00eame anecdotique, n&rsquo;est pas sans int\u00e9r\u00eat, m\u00eame si nous n\u2019en tirons pas des conclusions tr\u00e8s savantes.<\/p>\n\n\n\n<p class=\"has-text-align-left\"><\/p>\n\n\n\n<p class=\"has-text-align-left\"><\/p>\n\n\n\n<p class=\"has-text-align-left\"><\/p>\n\n\n\n<p class=\"has-text-color has-link-color wp-elements-0c5dd61414d2cb4c88e3596780dedeb0\" style=\"color:#2753a5\"><strong><em>Pour lire le texte complet <a href=\"\/index.php\/options-dinscription\/\"><mark style=\"background-color:rgba(0, 0, 0, 0)\" class=\"has-inline-color has-vivid-cyan-blue-color\">s&rsquo;inscrire<\/mark><\/a> ou <a href=\"\/index.php\/my-account\/edit-account\/\"><mark style=\"background-color:rgba(0, 0, 0, 0)\" class=\"has-inline-color has-vivid-cyan-blue-color\">se connecter<\/mark><\/a><\/em><\/strong><\/p>\n\n\n\n\n\n<div style=\"height:100px\" aria-hidden=\"true\" class=\"wp-block-spacer\"><\/div>\n\n\n\n<div class=\"wp-block-buttons is-content-justification-center is-layout-flex wp-container-core-buttons-is-layout-a89b3969 wp-block-buttons-is-layout-flex\">\n<div class=\"wp-block-button is-style-fill\"><a class=\"wp-block-button__link has-vivid-red-background-color has-background has-small-font-size has-custom-font-size wp-element-button\" href=\"\/index.php\/2025\/08\/31\/1975-expression-et-signe-no-2\/\">&lt;&#8211;retour<\/a><\/div>\n<\/div>\n<\/div>\n\n\n\n<div class=\"wp-block-column is-layout-flow wp-block-column-is-layout-flow\" style=\"flex-basis:33.33%\">\n<figure class=\"wp-block-table\"><table class=\"has-background\" style=\"background-color:#f8f2f2\"><thead><tr><th><mark class=\"has-inline-color has-vivid-red-color\" style=\"background-color: rgba(0, 0, 0, 0);\"><strong>Auteur<\/strong><\/mark><\/th><\/tr><\/thead><tbody><tr><td><strong>Nespor Claude<br>Pons Mich\u00e8le<br>Brunin Jean-Pierre<\/strong><\/td><\/tr><\/tbody><\/table><\/figure>\n\n\n\n<figure class=\"wp-block-table\"><table><thead><tr><th><mark class=\"has-inline-color has-vivid-red-color\" style=\"background-color: rgba(0, 0, 0, 0);\"><strong>R\u00e9f\u00e9rence<\/strong><\/mark><\/th><\/tr><\/thead><tbody><tr><td><strong>RR19752-02<\/strong><br>Expression et Signe, n\u00b02, 1975<\/td><\/tr><\/tbody><\/table><\/figure>\n\n\n\n<figure class=\"wp-block-table\"><table><thead><tr><th><mark class=\"has-inline-color has-vivid-red-color\" style=\"background-color: rgba(0, 0, 0, 0);\"><strong>Cat\u00e9gories<\/strong><\/mark><\/th><\/tr><\/thead><tbody><tr><td>P\u00e9dopsychiatrie<br>Dessin<br>Jardinage<br>\u00c9tude de cas<\/td><\/tr><\/tbody><\/table><\/figure>\n<\/div>\n<\/div>\n\n\n\n<p><\/p>\n","protected":false},"excerpt":{"rendered":"<p>Certains souvenirs de cliniciens m\u00e9ritent d\u2019\u00eatre cit\u00e9s avant que Michel ne nous entra\u00eene dans son monde.Dans la publication d&rsquo;Ir\u00e8ne Jakab et de Marqaret Howard intitul\u00e9e \u00ab\u00a0Les Cr\u00e9atures d&rsquo;un monde d\u00e9shumanis\u00e9\u00a0\u00bb, on peut voir dans l\u2019iconographie qui l&rsquo;accompagne une femme transform\u00e9e partiellement en arbre et un arbre anthropomorphe.Joseph Bieder cite le&hellip;<\/p>\n","protected":false},"author":2,"featured_media":0,"comment_status":"closed","ping_status":"open","sticky":false,"template":"","format":"standard","meta":{"pmpro_default_level":"","ngg_post_thumbnail":0,"footnotes":""},"categories":[1215,1213,1214],"tags":[508,493,1211,1216,669,1219],"class_list":["post-6240","post","type-post","status-publish","format-standard","hentry","category-brunin-jean-pierre","category-nespor-claude","category-pons-michele","tag-dessin","tag-cas-clinique","tag-expression-et-signe-1975-no2","tag-jardinage","tag-pedopsychiatrie","tag-rr19752-02","pmpro-has-access"],"_links":{"self":[{"href":"https:\/\/bibliotheque-sfpe-at.com\/index.php\/wp-json\/wp\/v2\/posts\/6240","targetHints":{"allow":["GET"]}}],"collection":[{"href":"https:\/\/bibliotheque-sfpe-at.com\/index.php\/wp-json\/wp\/v2\/posts"}],"about":[{"href":"https:\/\/bibliotheque-sfpe-at.com\/index.php\/wp-json\/wp\/v2\/types\/post"}],"author":[{"embeddable":true,"href":"https:\/\/bibliotheque-sfpe-at.com\/index.php\/wp-json\/wp\/v2\/users\/2"}],"replies":[{"embeddable":true,"href":"https:\/\/bibliotheque-sfpe-at.com\/index.php\/wp-json\/wp\/v2\/comments?post=6240"}],"version-history":[{"count":1,"href":"https:\/\/bibliotheque-sfpe-at.com\/index.php\/wp-json\/wp\/v2\/posts\/6240\/revisions"}],"predecessor-version":[{"id":6241,"href":"https:\/\/bibliotheque-sfpe-at.com\/index.php\/wp-json\/wp\/v2\/posts\/6240\/revisions\/6241"}],"wp:attachment":[{"href":"https:\/\/bibliotheque-sfpe-at.com\/index.php\/wp-json\/wp\/v2\/media?parent=6240"}],"wp:term":[{"taxonomy":"category","embeddable":true,"href":"https:\/\/bibliotheque-sfpe-at.com\/index.php\/wp-json\/wp\/v2\/categories?post=6240"},{"taxonomy":"post_tag","embeddable":true,"href":"https:\/\/bibliotheque-sfpe-at.com\/index.php\/wp-json\/wp\/v2\/tags?post=6240"}],"curies":[{"name":"wp","href":"https:\/\/api.w.org\/{rel}","templated":true}]}}