{"id":6253,"date":"2025-08-31T19:21:03","date_gmt":"2025-08-31T17:21:03","guid":{"rendered":"https:\/\/bibliotheque-sfpe-at.com\/?p=6253"},"modified":"2025-08-31T19:39:29","modified_gmt":"2025-08-31T17:39:29","slug":"larchitecte-ideologie-et-imaginaire","status":"publish","type":"post","link":"https:\/\/bibliotheque-sfpe-at.com\/index.php\/2025\/08\/31\/larchitecte-ideologie-et-imaginaire\/","title":{"rendered":"L\u2019architecte, id\u00e9ologie et imaginaire"},"content":{"rendered":"\n<div class=\"wp-block-columns is-layout-flex wp-container-core-columns-is-layout-28f84493 wp-block-columns-is-layout-flex\">\n<div class=\"wp-block-column is-layout-flow wp-block-column-is-layout-flow\" style=\"flex-basis:66.66%\">\n<p class=\"has-text-align-right\"><\/p>\n\n\n\n<p class=\"has-text-align-left\">Si l\u2019architecte lib\u00e9ral demeure, dans le public et parfois dans les \u00e9coles d&rsquo;architecture, l&rsquo;image de l&rsquo;architecte, cette image est singuli\u00e8rement trompeuse car le jeune dipl\u00f4m\u00e9 ne devient que rarement patron d&rsquo;agence ; comme tant d&rsquo;autres il devient un cadre. Jeunes cadres et glorieux patrons, tous sont formels : \u00ab L&rsquo;architecture et les architectes sont en crise \u00bb. Ce d\u00e9senchantement trouve aujourd&rsquo;hui un large \u00e9cho, alors m\u00eame que la crise est depuis des si\u00e8cles le mode quasi naturel de fonctionnement de cette profession lib\u00e9rale. Mais peut-\u00eatre la violence quotidienne, avec laquelle chacun ressent la ville, n&rsquo;est-elle pas \u00e9trang\u00e8re au regain d&rsquo;int\u00e9r\u00eat manifest\u00e9 pour ceux que l\u2019on voudrait tenir pour responsables : les architectes ?<br>Inquiets sur leur avenir, ces architectes sont aujourd&rsquo;hui singuli\u00e8rement bavards et singuli\u00e8rement muets. Bavards, ils le sont dans le priv\u00e9 o\u00f9 ils s&rsquo;\u00e9tendent \u00e0 plaisir sur la grandeur et la d\u00e9cadence de leur profession. Muets, ils se taisent dans les grands organes d&rsquo;information o\u00f9 ne discourent que quelques mages patent\u00e9s. Mais le discours de ces mages est tr\u00e8s diff\u00e9rent de celui des mages d&rsquo;hier.<br>Sans exag\u00e9rer l&rsquo;impact des fonctionnalistes, dont le message au moins en France n&rsquo;a \u00e9t\u00e9 pris en consid\u00e9ration que lorsque le fonctionnalisme lui-m\u00eame n&rsquo;\u00e9tait plus qu&rsquo;un cadavre, des architectes comme Gropius. Wright ou Le Corbusier portaient sur la place publique le probl\u00e8me de l&rsquo;homme et de la ville. Ils se sentaient investis pour formuler un message, car ils pensaient que l&rsquo;architecture elle-m\u00eame pouvait transformer les rapports sociaux.<\/p>\n\n\n\n<p class=\"has-text-align-left\"><\/p>\n\n\n\n<p><\/p>\n\n\n\n<p><\/p>\n\n\n\n<p class=\"has-text-align-left\"><\/p>\n\n\n\n<p class=\"has-text-align-left\"><\/p>\n\n\n\n<p class=\"has-text-color has-link-color wp-elements-0c5dd61414d2cb4c88e3596780dedeb0\" style=\"color:#2753a5\"><strong><em>Pour lire le texte complet <a href=\"\/index.php\/options-dinscription\/\"><mark style=\"background-color:rgba(0, 0, 0, 0)\" class=\"has-inline-color has-vivid-cyan-blue-color\">s&rsquo;inscrire<\/mark><\/a> ou <a href=\"\/index.php\/my-account\/edit-account\/\"><mark style=\"background-color:rgba(0, 0, 0, 0)\" class=\"has-inline-color has-vivid-cyan-blue-color\">se connecter<\/mark><\/a><\/em><\/strong><\/p>\n\n\n\n\n\n<div style=\"height:100px\" aria-hidden=\"true\" class=\"wp-block-spacer\"><\/div>\n\n\n\n<div class=\"wp-block-buttons is-content-justification-center is-layout-flex wp-container-core-buttons-is-layout-a89b3969 wp-block-buttons-is-layout-flex\">\n<div class=\"wp-block-button is-style-fill\"><a class=\"wp-block-button__link has-vivid-red-background-color has-background has-small-font-size has-custom-font-size wp-element-button\" href=\"\/index.php\/2025\/06\/14\/1974-expression-et-signe-no-2\/\">&lt;&#8211;retour<\/a><\/div>\n<\/div>\n<\/div>\n\n\n\n<div class=\"wp-block-column is-layout-flow wp-block-column-is-layout-flow\" style=\"flex-basis:33.33%\">\n<figure class=\"wp-block-table\"><table class=\"has-background\" style=\"background-color:#f8f2f2\"><thead><tr><th><mark class=\"has-inline-color has-vivid-red-color\" style=\"background-color: rgba(0, 0, 0, 0);\"><strong>Auteur<\/strong><\/mark><\/th><\/tr><\/thead><tbody><tr><td><strong>Nick Philippe<\/strong><\/td><\/tr><\/tbody><\/table><\/figure>\n\n\n\n<figure class=\"wp-block-table\"><table><thead><tr><th><mark class=\"has-inline-color has-vivid-red-color\" style=\"background-color: rgba(0, 0, 0, 0);\"><strong>R\u00e9f\u00e9rence<\/strong><\/mark><\/th><\/tr><\/thead><tbody><tr><td><strong>RR19742-07<\/strong><br>Expression et Signe, n\u00b02, 1974<\/td><\/tr><\/tbody><\/table><\/figure>\n\n\n\n<figure class=\"wp-block-table\"><table><thead><tr><th><mark class=\"has-inline-color has-vivid-red-color\" style=\"background-color: rgba(0, 0, 0, 0);\"><strong>Cat\u00e9gories<\/strong><\/mark><\/th><\/tr><\/thead><tbody><tr><td>Psychologie<br>Sociologie<br>Architecture<br>Bricolage<br>\u00c9valuation<\/td><\/tr><\/tbody><\/table><\/figure>\n<\/div>\n<\/div>\n\n\n\n<p><\/p>\n","protected":false},"excerpt":{"rendered":"<p>Si l\u2019architecte lib\u00e9ral demeure, dans le public et parfois dans les \u00e9coles d&rsquo;architecture, l&rsquo;image de l&rsquo;architecte, cette image est singuli\u00e8rement trompeuse car le jeune dipl\u00f4m\u00e9 ne devient que rarement patron d&rsquo;agence ; comme tant d&rsquo;autres il devient un cadre. Jeunes cadres et glorieux patrons, tous sont formels : \u00ab L&rsquo;architecture&hellip;<\/p>\n","protected":false},"author":2,"featured_media":0,"comment_status":"closed","ping_status":"open","sticky":false,"template":"","format":"standard","meta":{"pmpro_default_level":"","ngg_post_thumbnail":0,"footnotes":""},"categories":[1224],"tags":[513,816,561,1098,498,1226,558],"class_list":["post-6253","post","type-post","status-publish","format-standard","hentry","category-nick-philippe","tag-architecture","tag-bricolage","tag-evaluation","tag-expression-et-signe-1974-no2","tag-psychologie","tag-rr19742-07","tag-sociologie","pmpro-has-access"],"_links":{"self":[{"href":"https:\/\/bibliotheque-sfpe-at.com\/index.php\/wp-json\/wp\/v2\/posts\/6253","targetHints":{"allow":["GET"]}}],"collection":[{"href":"https:\/\/bibliotheque-sfpe-at.com\/index.php\/wp-json\/wp\/v2\/posts"}],"about":[{"href":"https:\/\/bibliotheque-sfpe-at.com\/index.php\/wp-json\/wp\/v2\/types\/post"}],"author":[{"embeddable":true,"href":"https:\/\/bibliotheque-sfpe-at.com\/index.php\/wp-json\/wp\/v2\/users\/2"}],"replies":[{"embeddable":true,"href":"https:\/\/bibliotheque-sfpe-at.com\/index.php\/wp-json\/wp\/v2\/comments?post=6253"}],"version-history":[{"count":1,"href":"https:\/\/bibliotheque-sfpe-at.com\/index.php\/wp-json\/wp\/v2\/posts\/6253\/revisions"}],"predecessor-version":[{"id":6254,"href":"https:\/\/bibliotheque-sfpe-at.com\/index.php\/wp-json\/wp\/v2\/posts\/6253\/revisions\/6254"}],"wp:attachment":[{"href":"https:\/\/bibliotheque-sfpe-at.com\/index.php\/wp-json\/wp\/v2\/media?parent=6253"}],"wp:term":[{"taxonomy":"category","embeddable":true,"href":"https:\/\/bibliotheque-sfpe-at.com\/index.php\/wp-json\/wp\/v2\/categories?post=6253"},{"taxonomy":"post_tag","embeddable":true,"href":"https:\/\/bibliotheque-sfpe-at.com\/index.php\/wp-json\/wp\/v2\/tags?post=6253"}],"curies":[{"name":"wp","href":"https:\/\/api.w.org\/{rel}","templated":true}]}}