{"id":6257,"date":"2025-08-31T19:38:26","date_gmt":"2025-08-31T17:38:26","guid":{"rendered":"https:\/\/bibliotheque-sfpe-at.com\/?p=6257"},"modified":"2025-08-31T19:39:49","modified_gmt":"2025-08-31T17:39:49","slug":"limaginaire-et-la-pensee-de-la-ville-la-provocation-du-reel","status":"publish","type":"post","link":"https:\/\/bibliotheque-sfpe-at.com\/index.php\/2025\/08\/31\/limaginaire-et-la-pensee-de-la-ville-la-provocation-du-reel\/","title":{"rendered":"L\u2019imaginaire et la pens\u00e9e de la ville. \u00ab La provocation du r\u00e9el \u00bb"},"content":{"rendered":"\n<div class=\"wp-block-columns is-layout-flex wp-container-core-columns-is-layout-28f84493 wp-block-columns-is-layout-flex\">\n<div class=\"wp-block-column is-layout-flow wp-block-column-is-layout-flow\" style=\"flex-basis:66.66%\">\n<p class=\"has-text-align-right\"><\/p>\n\n\n\n<p class=\"has-text-align-left\"><strong>LA PROVOCATION DU R\u00c9EL<\/strong><br>Nul ne peut plus l&rsquo;ignorer aujourd&rsquo;hui : il faut construire des villes.<br>Et il y faut vivre comme il faut vivre dans ce que sont devenues les villes d&rsquo;hier.<br>Alors on se demande ce qu&rsquo;est une ville, ce qu&rsquo;est la ville. De quoi il s&rsquo;agit.<br>C&rsquo;est que la ville, pratiquement, \u00e7a ne va plus de soi. Autrefois, peut-\u00eatre, nos villes se sont faites, et transform\u00e9es, par le jeu des rapports sociaux et des projets multiples dont elles \u00e9taient le lieu. Projets multiples, mais congruents comme on dit. c&rsquo;est-\u00e0-dire se composant entre eux pour former un ensemble articul\u00e9 coh\u00e9rent, ou s\u2019ordonnant les uns les autres sous l&rsquo;\u00e9gide de l&rsquo;un d&rsquo;entre eux qui s&rsquo;imposait : d&rsquo;o\u00f9 ces villes, dites maintenant historiques, \u00e0 visiter pendant les vacances, comme ce Paris \u2014 ou plut\u00f4t ces morceaux choisis de Paris \u2014 qu&rsquo;on se fait le plaisir de montrer aux amis de passage. Mais on sait bien que ce plaisir est limit\u00e9 et r\u00e9serv\u00e9 : limit\u00e9 dans l&rsquo;espace \u00e0 quelques isolats d&rsquo;un pass\u00e9 r\u00e9volu quoique sauvegard\u00e9 de-ci de-l\u00e0 pour m\u00e9moire; et r\u00e9serv\u00e9 a ceux qui. avec ou sans guide \u00e0 l&rsquo;appui, peuvent et savent en profiter.<\/p>\n\n\n\n<p class=\"has-text-align-left\"><\/p>\n\n\n\n<p class=\"has-text-align-left\"><\/p>\n\n\n\n<p class=\"has-text-align-left\"><\/p>\n\n\n\n<p class=\"has-text-color has-link-color wp-elements-0c5dd61414d2cb4c88e3596780dedeb0\" style=\"color:#2753a5\"><strong><em>Pour lire le texte complet <a href=\"\/index.php\/options-dinscription\/\"><mark style=\"background-color:rgba(0, 0, 0, 0)\" class=\"has-inline-color has-vivid-cyan-blue-color\">s&rsquo;inscrire<\/mark><\/a> ou <a href=\"\/index.php\/my-account\/edit-account\/\"><mark style=\"background-color:rgba(0, 0, 0, 0)\" class=\"has-inline-color has-vivid-cyan-blue-color\">se connecter<\/mark><\/a><\/em><\/strong><\/p>\n\n\n\n\n\n<div style=\"height:100px\" aria-hidden=\"true\" class=\"wp-block-spacer\"><\/div>\n\n\n\n<div class=\"wp-block-buttons is-content-justification-center is-layout-flex wp-container-core-buttons-is-layout-a89b3969 wp-block-buttons-is-layout-flex\">\n<div class=\"wp-block-button is-style-fill\"><a class=\"wp-block-button__link has-vivid-red-background-color has-background has-small-font-size has-custom-font-size wp-element-button\" href=\"\/index.php\/2025\/06\/14\/1974-expression-et-signe-no-2\/\">&lt;&#8211;retour<\/a><\/div>\n<\/div>\n<\/div>\n\n\n\n<div class=\"wp-block-column is-layout-flow wp-block-column-is-layout-flow\" style=\"flex-basis:33.33%\">\n<figure class=\"wp-block-table\"><table class=\"has-background\" style=\"background-color:#f8f2f2\"><thead><tr><th><mark class=\"has-inline-color has-vivid-red-color\" style=\"background-color: rgba(0, 0, 0, 0);\"><strong>Auteur<\/strong><\/mark><\/th><\/tr><\/thead><tbody><tr><td><strong>Gaillard \u00a0Claude<\/strong><\/td><\/tr><\/tbody><\/table><\/figure>\n\n\n\n<figure class=\"wp-block-table\"><table><thead><tr><th><mark class=\"has-inline-color has-vivid-red-color\" style=\"background-color: rgba(0, 0, 0, 0);\"><strong>R\u00e9f\u00e9rence<\/strong><\/mark><\/th><\/tr><\/thead><tbody><tr><td><strong>RR19742-09<\/strong><br>Expression et Signe, n\u00b02, 1974<\/td><\/tr><\/tbody><\/table><\/figure>\n\n\n\n<figure class=\"wp-block-table\"><table><thead><tr><th><mark class=\"has-inline-color has-vivid-red-color\" style=\"background-color: rgba(0, 0, 0, 0);\"><strong>Cat\u00e9gories<\/strong><\/mark><\/th><\/tr><\/thead><tbody><tr><td>Anthropologie<br>Psychologie<br>Sociologie<br>Architecture<br>\u00c9valuation<\/td><\/tr><\/tbody><\/table><\/figure>\n<\/div>\n<\/div>\n\n\n\n<p><\/p>\n","protected":false},"excerpt":{"rendered":"<p>LA PROVOCATION DU R\u00c9ELNul ne peut plus l&rsquo;ignorer aujourd&rsquo;hui : il faut construire des villes.Et il y faut vivre comme il faut vivre dans ce que sont devenues les villes d&rsquo;hier.Alors on se demande ce qu&rsquo;est une ville, ce qu&rsquo;est la ville. De quoi il s&rsquo;agit.C&rsquo;est que la ville, pratiquement,&hellip;<\/p>\n","protected":false},"author":2,"featured_media":0,"comment_status":"closed","ping_status":"open","sticky":false,"template":"","format":"standard","meta":{"pmpro_default_level":"","ngg_post_thumbnail":0,"footnotes":""},"categories":[1225],"tags":[501,513,561,1098,498,1228,558],"class_list":["post-6257","post","type-post","status-publish","format-standard","hentry","category-gaillard-claude","tag-anthropologie","tag-architecture","tag-evaluation","tag-expression-et-signe-1974-no2","tag-psychologie","tag-rr19742-09","tag-sociologie","pmpro-has-access"],"_links":{"self":[{"href":"https:\/\/bibliotheque-sfpe-at.com\/index.php\/wp-json\/wp\/v2\/posts\/6257","targetHints":{"allow":["GET"]}}],"collection":[{"href":"https:\/\/bibliotheque-sfpe-at.com\/index.php\/wp-json\/wp\/v2\/posts"}],"about":[{"href":"https:\/\/bibliotheque-sfpe-at.com\/index.php\/wp-json\/wp\/v2\/types\/post"}],"author":[{"embeddable":true,"href":"https:\/\/bibliotheque-sfpe-at.com\/index.php\/wp-json\/wp\/v2\/users\/2"}],"replies":[{"embeddable":true,"href":"https:\/\/bibliotheque-sfpe-at.com\/index.php\/wp-json\/wp\/v2\/comments?post=6257"}],"version-history":[{"count":1,"href":"https:\/\/bibliotheque-sfpe-at.com\/index.php\/wp-json\/wp\/v2\/posts\/6257\/revisions"}],"predecessor-version":[{"id":6258,"href":"https:\/\/bibliotheque-sfpe-at.com\/index.php\/wp-json\/wp\/v2\/posts\/6257\/revisions\/6258"}],"wp:attachment":[{"href":"https:\/\/bibliotheque-sfpe-at.com\/index.php\/wp-json\/wp\/v2\/media?parent=6257"}],"wp:term":[{"taxonomy":"category","embeddable":true,"href":"https:\/\/bibliotheque-sfpe-at.com\/index.php\/wp-json\/wp\/v2\/categories?post=6257"},{"taxonomy":"post_tag","embeddable":true,"href":"https:\/\/bibliotheque-sfpe-at.com\/index.php\/wp-json\/wp\/v2\/tags?post=6257"}],"curies":[{"name":"wp","href":"https:\/\/api.w.org\/{rel}","templated":true}]}}