{"id":6262,"date":"2025-06-15T08:51:19","date_gmt":"2025-06-15T06:51:19","guid":{"rendered":"https:\/\/bibliotheque-sfpe-at.com\/?p=6262"},"modified":"2025-09-30T19:38:19","modified_gmt":"2025-09-30T17:38:19","slug":"1975-expression-et-signe-no-1","status":"publish","type":"post","link":"https:\/\/bibliotheque-sfpe-at.com\/index.php\/2025\/06\/15\/1975-expression-et-signe-no-1\/","title":{"rendered":"1975 expression et signe No 1"},"content":{"rendered":"<div class=\"wp-block-image\">\n<figure class=\"aligncenter size-large is-resized\"><a href=\"https:\/\/bibliotheque-sfpe-at.com\/wp-content\/uploads\/2025\/09\/RR197501.jpg\"><img loading=\"lazy\" decoding=\"async\" width=\"733\" height=\"1024\" src=\"https:\/\/bibliotheque-sfpe-at.com\/wp-content\/uploads\/2025\/09\/RR197501-733x1024.jpg\" alt=\"\" class=\"wp-image-6263\" style=\"width:350px\" srcset=\"https:\/\/bibliotheque-sfpe-at.com\/wp-content\/uploads\/2025\/09\/RR197501-733x1024.jpg 733w, https:\/\/bibliotheque-sfpe-at.com\/wp-content\/uploads\/2025\/09\/RR197501-215x300.jpg 215w, https:\/\/bibliotheque-sfpe-at.com\/wp-content\/uploads\/2025\/09\/RR197501-768x1073.jpg 768w, https:\/\/bibliotheque-sfpe-at.com\/wp-content\/uploads\/2025\/09\/RR197501-1099x1536.jpg 1099w, https:\/\/bibliotheque-sfpe-at.com\/wp-content\/uploads\/2025\/09\/RR197501-1466x2048.jpg 1466w, https:\/\/bibliotheque-sfpe-at.com\/wp-content\/uploads\/2025\/09\/RR197501-243x340.jpg 243w, https:\/\/bibliotheque-sfpe-at.com\/wp-content\/uploads\/2025\/09\/RR197501-429x600.jpg 429w, https:\/\/bibliotheque-sfpe-at.com\/wp-content\/uploads\/2025\/09\/RR197501-600x838.jpg 600w, https:\/\/bibliotheque-sfpe-at.com\/wp-content\/uploads\/2025\/09\/RR197501.jpg 1832w\" sizes=\"auto, (max-width: 733px) 100vw, 733px\" \/><\/a><\/figure>\n<\/div>\n\n\n<p><\/p>\n\n\n<div class='pt-cv-wrapper'> <div class=\"pt-cv-view pt-cv-blockgrid iscvblock iscvreal grid1 layout2 cveffect-zoomin\" id=\"pt-cv-view-3i0h7lt2\"><div data-id=\"pt-cv-page-1\" class=\"pt-cv-page\" data-cvc=\"4\"><div class=\" pt-cv-content-item pt-cv-1-col\" ><div class=\"pt-cv-taxoterm above_title\"><a href='https:\/\/bibliotheque-sfpe-at.com\/index.php\/category\/auteurs\/ebtinger-j\/' title='Ebtinger J.' class='pt-cv-tax-ebtinger-j'>Ebtinger J.<\/a><a href='https:\/\/bibliotheque-sfpe-at.com\/index.php\/category\/auteurs\/ebtinger-rene\/' title='Ebtinger Ren\u00e9' class='pt-cv-tax-ebtinger-rene'>Ebtinger Ren\u00e9<\/a><\/div>\n<h4 class=\"pt-cv-title\"><a href=\"https:\/\/bibliotheque-sfpe-at.com\/index.php\/2025\/09\/30\/le-tir-sur-le-pere-mort-de-hans-baldung-grien\/\" class=\"_self\" target=\"_self\" >\u00ab\u00a0Le tir sur le p\u00e8re mort\u00a0\u00bb\u00a0de Hans Baldung Grien<\/a><\/h4>\n<div class=\"pt-cv-content\">\u00ab\u00a0Artiste du plus haut rang, \u00e0 la conscience de soi exalt\u00e9e \u00ab\u00a0, Hans Baldung a largement contribu\u00e9, tant par l&rsquo;ampleur que par l&rsquo;originalit\u00e9 de son \u0153uvre, au rayonnement de Strasbourg, au temps des humanistes et des r\u00e9formateurs.N\u00e9 peut-\u00eatre dans une petite localit\u00e9 au nord de &#8230;<\/div>\n<div class=\"pt-cv-rmwrap\"><a href=\"https:\/\/bibliotheque-sfpe-at.com\/index.php\/2025\/09\/30\/le-tir-sur-le-pere-mort-de-hans-baldung-grien\/\" class=\"_self pt-cv-readmore btn btn-success\" target=\"_self\" >Lire La Suite\u2026<\/a><\/div><\/div>\n<div class=\" pt-cv-content-item pt-cv-1-col\" ><div class=\"pt-cv-taxoterm above_title\"><a href='https:\/\/bibliotheque-sfpe-at.com\/index.php\/category\/auteurs\/falcou-s\/' title='Falcou S.' class='pt-cv-tax-falcou-s'>Falcou S.<\/a><a href='https:\/\/bibliotheque-sfpe-at.com\/index.php\/category\/auteurs\/verdeau-pailles-jacqueline\/' title='Verdeau-Paill\u00e8s Jacqueline' class='pt-cv-tax-verdeau-pailles-jacqueline'>Verdeau-Paill\u00e8s Jacqueline<\/a><\/div>\n<h4 class=\"pt-cv-title\"><a href=\"https:\/\/bibliotheque-sfpe-at.com\/index.php\/2025\/09\/30\/traduction-picturale-directe-du-message-musical-par-des-groupes-dadolescents\/\" class=\"_self\" target=\"_self\" >Traduction picturale directe du message musical par des groupes d\u2019adolescents<\/a><\/h4>\n<div class=\"pt-cv-content\">L&rsquo;exp\u00e9rience que nous avons r\u00e9alis\u00e9e part d&rsquo;un fait de constatation courante : il est souvent plus facile de s&rsquo;exprimer par le dessin ou la peinture lorsqu&rsquo;une audition musicale accompagne l&rsquo;\u00e9laboration de l&rsquo;\u0153uvre dessin\u00e9e ou peinte.Point de d\u00e9part des recherches : le dessin au cours de &#8230;<\/div>\n<div class=\"pt-cv-rmwrap\"><a href=\"https:\/\/bibliotheque-sfpe-at.com\/index.php\/2025\/09\/30\/traduction-picturale-directe-du-message-musical-par-des-groupes-dadolescents\/\" class=\"_self pt-cv-readmore btn btn-success\" target=\"_self\" >Lire La Suite\u2026<\/a><\/div><\/div>\n<div class=\" pt-cv-content-item pt-cv-1-col\" ><div class=\"pt-cv-taxoterm above_title\"><a href='https:\/\/bibliotheque-sfpe-at.com\/index.php\/category\/auteurs\/racamier-paul-claude\/' title='Racamier Paul-Claude' class='pt-cv-tax-racamier-paul-claude'>Racamier Paul-Claude<\/a><\/div>\n<h4 class=\"pt-cv-title\"><a href=\"https:\/\/bibliotheque-sfpe-at.com\/index.php\/2025\/09\/30\/dun-mecanisme-commun-a-lart-et-a-la-psychose-et-de-leur-opposition\/\" class=\"_self\" target=\"_self\" >D\u2019un m\u00e9canisme commun \u00e0 l\u2019art et \u00e0 la psychose et de leur opposition<\/a><\/h4>\n<div class=\"pt-cv-content\">Le clivage du moi est un des m\u00e9canismes qu&rsquo;on voit \u00e0 l&rsquo;\u0153uvre \u00e0 la fois mais diff\u00e9remment dans l&rsquo;art et la psychose. Je le prendrai pour base d&rsquo;une rapide \u00e9tude comparative de ces deux registres de l&rsquo;activit\u00e9 mentale. Pour \u00e9viter tout malentendu, je pr\u00e9ciserai d&#8217;embl\u00e9e &#8230;<\/div>\n<div class=\"pt-cv-rmwrap\"><a href=\"https:\/\/bibliotheque-sfpe-at.com\/index.php\/2025\/09\/30\/dun-mecanisme-commun-a-lart-et-a-la-psychose-et-de-leur-opposition\/\" class=\"_self pt-cv-readmore btn btn-success\" target=\"_self\" >Lire La Suite\u2026<\/a><\/div><\/div>\n<div class=\" pt-cv-content-item pt-cv-1-col\" ><div class=\"pt-cv-taxoterm above_title\"><a href='https:\/\/bibliotheque-sfpe-at.com\/index.php\/category\/auteurs\/benoit-j-c\/' title='Beno\u00eet J-C.' class='pt-cv-tax-benoit-j-c'>Beno\u00eet J-C.<\/a><\/div>\n<h4 class=\"pt-cv-title\"><a href=\"https:\/\/bibliotheque-sfpe-at.com\/index.php\/2025\/09\/30\/creation-et-activation-en-art-therapie\/\" class=\"_self\" target=\"_self\" >Cr\u00e9ation et activation en art-th\u00e9rapie<\/a><\/h4>\n<div class=\"pt-cv-content\">La pr\u00e9sence d&rsquo;un objet du patient apport\u00e9 par lui ou cr\u00e9\u00e9 au cours de la s\u00e9ance psychoth\u00e9rapique \u2014 gestes constitutifs de l&rsquo;art-th\u00e9rapie &#8211; est pour la psychoth\u00e9rapie un apport consid\u00e9rable. Une dimension suppl\u00e9mentaire s&rsquo;ouvre, \u00e9largissant la relation au-del\u00e0 du seul langage verbal.Avec cet objet et &#8230;<\/div>\n<div class=\"pt-cv-rmwrap\"><a href=\"https:\/\/bibliotheque-sfpe-at.com\/index.php\/2025\/09\/30\/creation-et-activation-en-art-therapie\/\" class=\"_self pt-cv-readmore btn btn-success\" target=\"_self\" >Lire La Suite\u2026<\/a><\/div><\/div>\n<div class=\" pt-cv-content-item pt-cv-1-col\" ><div class=\"pt-cv-taxoterm above_title\"><a href='https:\/\/bibliotheque-sfpe-at.com\/index.php\/category\/auteurs\/gruais-m\/' title='Gruais M.' class='pt-cv-tax-gruais-m'>Gruais M.<\/a><\/div>\n<h4 class=\"pt-cv-title\"><a href=\"https:\/\/bibliotheque-sfpe-at.com\/index.php\/2025\/09\/30\/la-structuration-de-lespace-a-trois-dimensions-et-la-perception-de-la-forme-par-les-jeunes-enfants-de-4-a-5-ans\/\" class=\"_self\" target=\"_self\" >La structuration de l\u2019espace \u00e0 trois dimensions et la perception de la forme par les jeunes enfants de 4 \u00e0 5 ans<\/a><\/h4>\n<div class=\"pt-cv-content\">Probl\u00e9matique et objet de la recherche L&rsquo;enfant peut-il structurer l&rsquo;espace d&rsquo;une mani\u00e8re diff\u00e9rente de celle qui lui est propos\u00e9e habituellement ?Des jeux architecturaux sont \u00e9labor\u00e9s et pr\u00e9sent\u00e9s \u00e0 des enfants de 4 \u00e0 5 ans dans une classe d&rsquo;\u00e9cole maternelle : jeux \u00e0 \u00e9chelle r\u00e9duite, &#8230;<\/div>\n<div class=\"pt-cv-rmwrap\"><a href=\"https:\/\/bibliotheque-sfpe-at.com\/index.php\/2025\/09\/30\/la-structuration-de-lespace-a-trois-dimensions-et-la-perception-de-la-forme-par-les-jeunes-enfants-de-4-a-5-ans\/\" class=\"_self pt-cv-readmore btn btn-success\" target=\"_self\" >Lire La Suite\u2026<\/a><\/div><\/div><\/div><\/div> <\/div> <style>\n\n#pt-cv-view-3i0h7lt2 .pt-cv-meta-fields {  }#pt-cv-view-3i0h7lt2 .pt-cv-meta-fields * { font-size: 13px; }#pt-cv-view-3i0h7lt2 .pt-cv-thumb-wrapper:not(.miniwrap) {  }#pt-cv-view-3i0h7lt2 .pt-cv-thumbnail:not(.pt-cv-thumbnailsm) { height: 250px; }#pt-cv-view-3i0h7lt2 .pt-cv-title a { display: block;color: #a83838; }#pt-cv-view-3i0h7lt2 .pt-cv-title:not(.pt-cv-titlesm) a { font-weight: 600;text-decoration: none;font-size: 20px; }#pt-cv-view-3i0h7lt2 .pt-cv-titlesm a { font-weight: 600;font-size: 18px; }#pt-cv-view-3i0h7lt2 .pt-cv-content { font-size: 12px; }#pt-cv-view-3i0h7lt2 .pt-cv-rmwrap {  }#pt-cv-view-3i0h7lt2 .pt-cv-readmore { color: #951a1a;background-color: #ffffff00;font-style: italic;font-size: 12px; }#pt-cv-view-3i0h7lt2 .pt-cv-taxoterm {  }#pt-cv-view-3i0h7lt2 .pt-cv-taxoterm * { color: #9badb7;background-color: #f5f0f057;border-style: solid;font-size: 14px;border-width: 1.5px 1.5px 1.5px 1.5px;border-radius: 8px 8px 8px 8px; }#pt-cv-view-3i0h7lt2 + .pt-cv-pagination-wrapper {  }#pt-cv-view-3i0h7lt2 + .pt-cv-pagination-wrapper a { font-size: 14px; }#pt-cv-view-3i0h7lt2 > .pt-cv-page {grid-template-columns: repeat(4, 1fr);grid-gap: 13px;}\n@media all and (max-width: 1024px) { \n#pt-cv-view-3i0h7lt2 > .pt-cv-page {}\n} \n@media all and (max-width: 767px) { \n#pt-cv-view-3i0h7lt2 > .pt-cv-page {grid-template-columns: repeat(1, 1fr);}\n} <\/style>\n\n\n<div style=\"height:54px\" aria-hidden=\"true\" class=\"wp-block-spacer\"><\/div>\n\n\n\n<div class=\"wp-block-buttons is-content-justification-center is-layout-flex wp-container-core-buttons-is-layout-a89b3969 wp-block-buttons-is-layout-flex\">\n<div class=\"wp-block-button\"><a class=\"wp-block-button__link has-vivid-red-background-color has-background has-small-font-size has-custom-font-size wp-element-button\" href=\"\/index.php\/revues-avant-2010\/\">&lt;&#8211; retour<\/a><\/div>\n<\/div>\n","protected":false},"excerpt":{"rendered":"","protected":false},"author":2,"featured_media":6263,"comment_status":"closed","ping_status":"open","sticky":false,"template":"","format":"standard","meta":{"pmpro_default_level":"","ngg_post_thumbnail":0,"footnotes":""},"categories":[1],"tags":[26],"class_list":["post-6262","post","type-post","status-publish","format-standard","has-post-thumbnail","hentry","category-non-classe","tag-avant-2010","pmpro-has-access"],"_links":{"self":[{"href":"https:\/\/bibliotheque-sfpe-at.com\/index.php\/wp-json\/wp\/v2\/posts\/6262","targetHints":{"allow":["GET"]}}],"collection":[{"href":"https:\/\/bibliotheque-sfpe-at.com\/index.php\/wp-json\/wp\/v2\/posts"}],"about":[{"href":"https:\/\/bibliotheque-sfpe-at.com\/index.php\/wp-json\/wp\/v2\/types\/post"}],"author":[{"embeddable":true,"href":"https:\/\/bibliotheque-sfpe-at.com\/index.php\/wp-json\/wp\/v2\/users\/2"}],"replies":[{"embeddable":true,"href":"https:\/\/bibliotheque-sfpe-at.com\/index.php\/wp-json\/wp\/v2\/comments?post=6262"}],"version-history":[{"count":2,"href":"https:\/\/bibliotheque-sfpe-at.com\/index.php\/wp-json\/wp\/v2\/posts\/6262\/revisions"}],"predecessor-version":[{"id":6267,"href":"https:\/\/bibliotheque-sfpe-at.com\/index.php\/wp-json\/wp\/v2\/posts\/6262\/revisions\/6267"}],"wp:featuredmedia":[{"embeddable":true,"href":"https:\/\/bibliotheque-sfpe-at.com\/index.php\/wp-json\/wp\/v2\/media\/6263"}],"wp:attachment":[{"href":"https:\/\/bibliotheque-sfpe-at.com\/index.php\/wp-json\/wp\/v2\/media?parent=6262"}],"wp:term":[{"taxonomy":"category","embeddable":true,"href":"https:\/\/bibliotheque-sfpe-at.com\/index.php\/wp-json\/wp\/v2\/categories?post=6262"},{"taxonomy":"post_tag","embeddable":true,"href":"https:\/\/bibliotheque-sfpe-at.com\/index.php\/wp-json\/wp\/v2\/tags?post=6262"}],"curies":[{"name":"wp","href":"https:\/\/api.w.org\/{rel}","templated":true}]}}