{"id":6265,"date":"2025-09-30T19:02:38","date_gmt":"2025-09-30T17:02:38","guid":{"rendered":"https:\/\/bibliotheque-sfpe-at.com\/?p=6265"},"modified":"2025-09-30T19:36:22","modified_gmt":"2025-09-30T17:36:22","slug":"le-tir-sur-le-pere-mort-de-hans-baldung-grien","status":"publish","type":"post","link":"https:\/\/bibliotheque-sfpe-at.com\/index.php\/2025\/09\/30\/le-tir-sur-le-pere-mort-de-hans-baldung-grien\/","title":{"rendered":"\u00ab\u00a0Le tir sur le p\u00e8re mort\u00a0\u00bb\u00a0de Hans Baldung Grien"},"content":{"rendered":"\n<div class=\"wp-block-columns is-layout-flex wp-container-core-columns-is-layout-28f84493 wp-block-columns-is-layout-flex\">\n<div class=\"wp-block-column is-layout-flow wp-block-column-is-layout-flow\" style=\"flex-basis:66.66%\">\n<p class=\"has-text-align-right\"><\/p>\n\n\n\n<p class=\"has-text-align-left\">\u00ab\u00a0Artiste du plus haut rang, \u00e0 la conscience de soi exalt\u00e9e \u00ab\u00a0, Hans Baldung a largement contribu\u00e9, tant par l&rsquo;ampleur que par l&rsquo;originalit\u00e9 de son \u0153uvre, au rayonnement de Strasbourg, au temps des humanistes et des r\u00e9formateurs.<br>N\u00e9 peut-\u00eatre dans une petite localit\u00e9 au nord de la ville (Weyersheim), il acquiert le droit de bourgeoisie en 1510, ainsi que l&rsquo;attestent les Archives Municipales, et il se donnera des armoiries.<br>Hans Baldung \u0153uvrera \u00e0 Strasbourg, \u00e0 l&rsquo;exception de deux p\u00e9riodes : la premi\u00e8re, nurembergeoise (1505-1507), o\u00f9 il sera dans l&rsquo;atelier de Durer, ami autant \u2014 et peut-\u00eatre davantage \u2014 qu&rsquo;\u00e9l\u00e8ve, travaillant du reste beaucoup pour le vitrail, et il quitte cette ville avant le retour de D\u00fcrer de Venise (il n&rsquo;a donc gu\u00e8re pu, ou b\u00e9n\u00e9ficier, ou \u00eatre affect\u00e9 par la moisson italienne de son \u00a0\u00bb ma\u00eetre \u00ab\u00a0) ; la seconde, interruption de quatre ans entre 1513 et 1517, ne l&rsquo;\u00e9loignera que peu de l&rsquo;Alsace : ce sera pour ex\u00e9cuter l&rsquo;importante commande du chapitre de la cath\u00e9drale de Fribourg-en-Brisgau, occasion d\u2019ex\u00e9cuter son \u0153uvre ma\u00eetresse, le retable du ma\u00eetre-autel.<br>Hans Baldung, on le sait, a re\u00e7u le surnom de \u00a0\u00bb Grien \u00a0\u00bb (Gr\u00fcn, vert) et cette d\u00e9nomination a suscit\u00e9 bien des gloses. Mais il importe au fond peu que ce surnom ait \u00e9t\u00e9 donn\u00e9 \u00e0 Hans Baldung pour souligner sa jeunesse &#8211; toute relative, D\u00fcrer est n\u00e9 en 1471. Cranach en 1472.<\/p>\n\n\n\n<p class=\"has-text-align-left\"><\/p>\n\n\n\n<p class=\"has-text-align-left\"><\/p>\n\n\n\n<p class=\"has-text-align-left\"><\/p>\n\n\n\n<p class=\"has-text-align-left\"><\/p>\n\n\n\n<p class=\"has-text-color has-link-color wp-elements-0c5dd61414d2cb4c88e3596780dedeb0\" style=\"color:#2753a5\"><strong><em>Pour lire le texte complet <a href=\"\/index.php\/options-dinscription\/\"><mark style=\"background-color:rgba(0, 0, 0, 0)\" class=\"has-inline-color has-vivid-cyan-blue-color\">s&rsquo;inscrire<\/mark><\/a> ou <a href=\"\/index.php\/my-account\/edit-account\/\"><mark style=\"background-color:rgba(0, 0, 0, 0)\" class=\"has-inline-color has-vivid-cyan-blue-color\">se connecter<\/mark><\/a><\/em><\/strong><\/p>\n\n\n\n\n\n<div style=\"height:100px\" aria-hidden=\"true\" class=\"wp-block-spacer\"><\/div>\n\n\n\n<div class=\"wp-block-buttons is-content-justification-center is-layout-flex wp-container-core-buttons-is-layout-a89b3969 wp-block-buttons-is-layout-flex\">\n<div class=\"wp-block-button is-style-fill\"><a class=\"wp-block-button__link has-vivid-red-background-color has-background has-small-font-size has-custom-font-size wp-element-button\" href=\"\/index.php\/2025\/09\/30\/1975-expression-et-signe-no-1\/\">&lt;&#8211;retour<\/a><\/div>\n<\/div>\n<\/div>\n\n\n\n<div class=\"wp-block-column is-layout-flow wp-block-column-is-layout-flow\" style=\"flex-basis:33.33%\">\n<figure class=\"wp-block-table\"><table class=\"has-background\" style=\"background-color:#f8f2f2\"><thead><tr><th><mark class=\"has-inline-color has-vivid-red-color\" style=\"background-color: rgba(0, 0, 0, 0);\"><strong>Auteur<\/strong><\/mark><\/th><\/tr><\/thead><tbody><tr><td><strong>Ebtinger Ren\u00e9. et Ebtinger J.<\/strong><\/td><\/tr><\/tbody><\/table><\/figure>\n\n\n\n<figure class=\"wp-block-table\"><table><thead><tr><th><mark class=\"has-inline-color has-vivid-red-color\" style=\"background-color: rgba(0, 0, 0, 0);\"><strong>R\u00e9f\u00e9rence<\/strong><\/mark><\/th><\/tr><\/thead><tbody><tr><td><strong>RR19751-01<\/strong><br>Expression et Signe, n\u00b01, 1975<\/td><\/tr><\/tbody><\/table><\/figure>\n\n\n\n<figure class=\"wp-block-table\"><table><thead><tr><th><mark class=\"has-inline-color has-vivid-red-color\" style=\"background-color: rgba(0, 0, 0, 0);\"><strong>Cat\u00e9gories<\/strong><\/mark><\/th><\/tr><\/thead><tbody><tr><td>Arts plastiques<br>Psychopathologie de l\u2019expression<br>Psychanalyse<\/td><\/tr><\/tbody><\/table><\/figure>\n<\/div>\n<\/div>\n\n\n\n<p><\/p>\n","protected":false},"excerpt":{"rendered":"<p>\u00ab\u00a0Artiste du plus haut rang, \u00e0 la conscience de soi exalt\u00e9e \u00ab\u00a0, Hans Baldung a largement contribu\u00e9, tant par l&rsquo;ampleur que par l&rsquo;originalit\u00e9 de son \u0153uvre, au rayonnement de Strasbourg, au temps des humanistes et des r\u00e9formateurs.N\u00e9 peut-\u00eatre dans une petite localit\u00e9 au nord de la ville (Weyersheim), il acquiert&hellip;<\/p>\n","protected":false},"author":2,"featured_media":0,"comment_status":"closed","ping_status":"open","sticky":false,"template":"","format":"standard","meta":{"pmpro_default_level":"","ngg_post_thumbnail":0,"footnotes":""},"categories":[1229,952],"tags":[503,1230,494,488,1237],"class_list":["post-6265","post","type-post","status-publish","format-standard","hentry","category-ebtinger-j","category-ebtinger-rene","tag-arts-plastiques","tag-expression-et-signe-1975-no1","tag-psychanalyse","tag-psychopathologie-de-lexpression","tag-rr19751-01","pmpro-has-access"],"_links":{"self":[{"href":"https:\/\/bibliotheque-sfpe-at.com\/index.php\/wp-json\/wp\/v2\/posts\/6265","targetHints":{"allow":["GET"]}}],"collection":[{"href":"https:\/\/bibliotheque-sfpe-at.com\/index.php\/wp-json\/wp\/v2\/posts"}],"about":[{"href":"https:\/\/bibliotheque-sfpe-at.com\/index.php\/wp-json\/wp\/v2\/types\/post"}],"author":[{"embeddable":true,"href":"https:\/\/bibliotheque-sfpe-at.com\/index.php\/wp-json\/wp\/v2\/users\/2"}],"replies":[{"embeddable":true,"href":"https:\/\/bibliotheque-sfpe-at.com\/index.php\/wp-json\/wp\/v2\/comments?post=6265"}],"version-history":[{"count":1,"href":"https:\/\/bibliotheque-sfpe-at.com\/index.php\/wp-json\/wp\/v2\/posts\/6265\/revisions"}],"predecessor-version":[{"id":6266,"href":"https:\/\/bibliotheque-sfpe-at.com\/index.php\/wp-json\/wp\/v2\/posts\/6265\/revisions\/6266"}],"wp:attachment":[{"href":"https:\/\/bibliotheque-sfpe-at.com\/index.php\/wp-json\/wp\/v2\/media?parent=6265"}],"wp:term":[{"taxonomy":"category","embeddable":true,"href":"https:\/\/bibliotheque-sfpe-at.com\/index.php\/wp-json\/wp\/v2\/categories?post=6265"},{"taxonomy":"post_tag","embeddable":true,"href":"https:\/\/bibliotheque-sfpe-at.com\/index.php\/wp-json\/wp\/v2\/tags?post=6265"}],"curies":[{"name":"wp","href":"https:\/\/api.w.org\/{rel}","templated":true}]}}