{"id":6270,"date":"2025-09-30T19:20:31","date_gmt":"2025-09-30T17:20:31","guid":{"rendered":"https:\/\/bibliotheque-sfpe-at.com\/?p=6270"},"modified":"2025-09-30T19:36:34","modified_gmt":"2025-09-30T17:36:34","slug":"dun-mecanisme-commun-a-lart-et-a-la-psychose-et-de-leur-opposition","status":"publish","type":"post","link":"https:\/\/bibliotheque-sfpe-at.com\/index.php\/2025\/09\/30\/dun-mecanisme-commun-a-lart-et-a-la-psychose-et-de-leur-opposition\/","title":{"rendered":"D\u2019un m\u00e9canisme commun \u00e0 l\u2019art et \u00e0 la psychose et de leur opposition"},"content":{"rendered":"\n<div class=\"wp-block-columns is-layout-flex wp-container-core-columns-is-layout-28f84493 wp-block-columns-is-layout-flex\">\n<div class=\"wp-block-column is-layout-flow wp-block-column-is-layout-flow\" style=\"flex-basis:66.66%\">\n<p class=\"has-text-align-right\"><\/p>\n\n\n\n<p class=\"has-text-align-left\">Le clivage du moi est un des m\u00e9canismes qu&rsquo;on voit \u00e0 l&rsquo;\u0153uvre \u00e0 la fois mais diff\u00e9remment dans l&rsquo;art et la psychose. Je le prendrai pour base d&rsquo;une rapide \u00e9tude comparative de ces deux registres de l&rsquo;activit\u00e9 mentale. Pour \u00e9viter tout malentendu, je pr\u00e9ciserai d&#8217;embl\u00e9e qu&rsquo;en aucune fa\u00e7on je ne tiens la folie pour une condition de l&rsquo;activit\u00e9 cr\u00e9atrice, bien au contraire.<br>Le clivage dont je parle est un m\u00e9canisme que d\u00e9crit la psychanalyse; nous le connaissons sous deux aspects et divers degr\u00e9s.<br>Dans plusieurs travaux tardifs (dont l&rsquo;un est rest\u00e9 inachev\u00e9) Freud a d\u00e9crit le clivage du moi dans les m\u00e9canismes de d\u00e9fense. Dans certains cas. remarquait Freud, une partie du moi accepte et reconna\u00eet une donn\u00e9e de r\u00e9alit\u00e9 qui lui d\u00e9pla\u00eet; l&rsquo;autre partie la nie et la tient pour nulle. Le moi se coupe en deux, celui qui sait et celui qui ne sait pas. et ces deux parties coexistent sans interf\u00e9rer l&rsquo;une, avec l&rsquo;autre : c\u2019est un clivage.<br>L&rsquo;enjeu est certes d&rsquo;importance, puisqu&rsquo;il s&rsquo;agit de la castration f\u00e9minine, repr\u00e9sentant une confirmation de l&rsquo;angoisse de castration.<\/p>\n\n\n\n<p class=\"has-text-align-left\"><\/p>\n\n\n\n<p class=\"has-text-align-left\"><\/p>\n\n\n\n<p class=\"has-text-color has-link-color wp-elements-0c5dd61414d2cb4c88e3596780dedeb0\" style=\"color:#2753a5\"><strong><em>Pour lire le texte complet <a href=\"\/index.php\/options-dinscription\/\"><mark style=\"background-color:rgba(0, 0, 0, 0)\" class=\"has-inline-color has-vivid-cyan-blue-color\">s&rsquo;inscrire<\/mark><\/a> ou <a href=\"\/index.php\/my-account\/edit-account\/\"><mark style=\"background-color:rgba(0, 0, 0, 0)\" class=\"has-inline-color has-vivid-cyan-blue-color\">se connecter<\/mark><\/a><\/em><\/strong><\/p>\n\n\n\n\n\n<div style=\"height:100px\" aria-hidden=\"true\" class=\"wp-block-spacer\"><\/div>\n\n\n\n<div class=\"wp-block-buttons is-content-justification-center is-layout-flex wp-container-core-buttons-is-layout-a89b3969 wp-block-buttons-is-layout-flex\">\n<div class=\"wp-block-button is-style-fill\"><a class=\"wp-block-button__link has-vivid-red-background-color has-background has-small-font-size has-custom-font-size wp-element-button\" href=\"\/index.php\/2025\/09\/30\/1975-expression-et-signe-no-1\/\">&lt;&#8211;retour<\/a><\/div>\n<\/div>\n<\/div>\n\n\n\n<div class=\"wp-block-column is-layout-flow wp-block-column-is-layout-flow\" style=\"flex-basis:33.33%\">\n<figure class=\"wp-block-table\"><table class=\"has-background\" style=\"background-color:#f8f2f2\"><thead><tr><th><mark class=\"has-inline-color has-vivid-red-color\" style=\"background-color: rgba(0, 0, 0, 0);\"><strong>Auteur<\/strong><\/mark><\/th><\/tr><\/thead><tbody><tr><td><strong>Racamier Paul-Claude<\/strong><\/td><\/tr><\/tbody><\/table><\/figure>\n\n\n\n<figure class=\"wp-block-table\"><table><thead><tr><th><mark class=\"has-inline-color has-vivid-red-color\" style=\"background-color: rgba(0, 0, 0, 0);\"><strong>R\u00e9f\u00e9rence<\/strong><\/mark><\/th><\/tr><\/thead><tbody><tr><td><strong>RR19751-03<\/strong><br>Expression et Signe, n\u00b01, 1975<\/td><\/tr><\/tbody><\/table><\/figure>\n\n\n\n<figure class=\"wp-block-table\"><table><thead><tr><th><mark class=\"has-inline-color has-vivid-red-color\" style=\"background-color: rgba(0, 0, 0, 0);\"><strong>Cat\u00e9gories<\/strong><\/mark><\/th><\/tr><\/thead><tbody><tr><td>Art<br>Psychanalyse<br>Psychiatrie<\/td><\/tr><\/tbody><\/table><\/figure>\n<\/div>\n<\/div>\n\n\n\n<p><\/p>\n","protected":false},"excerpt":{"rendered":"<p>Le clivage du moi est un des m\u00e9canismes qu&rsquo;on voit \u00e0 l&rsquo;\u0153uvre \u00e0 la fois mais diff\u00e9remment dans l&rsquo;art et la psychose. Je le prendrai pour base d&rsquo;une rapide \u00e9tude comparative de ces deux registres de l&rsquo;activit\u00e9 mentale. Pour \u00e9viter tout malentendu, je pr\u00e9ciserai d&#8217;embl\u00e9e qu&rsquo;en aucune fa\u00e7on je ne&hellip;<\/p>\n","protected":false},"author":2,"featured_media":0,"comment_status":"closed","ping_status":"open","sticky":false,"template":"","format":"standard","meta":{"pmpro_default_level":"","ngg_post_thumbnail":0,"footnotes":""},"categories":[1234],"tags":[483,1230,494,574,1239],"class_list":["post-6270","post","type-post","status-publish","format-standard","hentry","category-racamier-paul-claude","tag-art","tag-expression-et-signe-1975-no1","tag-psychanalyse","tag-psychiatrie","tag-rr19751-03","pmpro-has-access"],"_links":{"self":[{"href":"https:\/\/bibliotheque-sfpe-at.com\/index.php\/wp-json\/wp\/v2\/posts\/6270","targetHints":{"allow":["GET"]}}],"collection":[{"href":"https:\/\/bibliotheque-sfpe-at.com\/index.php\/wp-json\/wp\/v2\/posts"}],"about":[{"href":"https:\/\/bibliotheque-sfpe-at.com\/index.php\/wp-json\/wp\/v2\/types\/post"}],"author":[{"embeddable":true,"href":"https:\/\/bibliotheque-sfpe-at.com\/index.php\/wp-json\/wp\/v2\/users\/2"}],"replies":[{"embeddable":true,"href":"https:\/\/bibliotheque-sfpe-at.com\/index.php\/wp-json\/wp\/v2\/comments?post=6270"}],"version-history":[{"count":1,"href":"https:\/\/bibliotheque-sfpe-at.com\/index.php\/wp-json\/wp\/v2\/posts\/6270\/revisions"}],"predecessor-version":[{"id":6271,"href":"https:\/\/bibliotheque-sfpe-at.com\/index.php\/wp-json\/wp\/v2\/posts\/6270\/revisions\/6271"}],"wp:attachment":[{"href":"https:\/\/bibliotheque-sfpe-at.com\/index.php\/wp-json\/wp\/v2\/media?parent=6270"}],"wp:term":[{"taxonomy":"category","embeddable":true,"href":"https:\/\/bibliotheque-sfpe-at.com\/index.php\/wp-json\/wp\/v2\/categories?post=6270"},{"taxonomy":"post_tag","embeddable":true,"href":"https:\/\/bibliotheque-sfpe-at.com\/index.php\/wp-json\/wp\/v2\/tags?post=6270"}],"curies":[{"name":"wp","href":"https:\/\/api.w.org\/{rel}","templated":true}]}}