{"id":6272,"date":"2025-09-30T19:25:54","date_gmt":"2025-09-30T17:25:54","guid":{"rendered":"https:\/\/bibliotheque-sfpe-at.com\/?p=6272"},"modified":"2025-09-30T19:36:40","modified_gmt":"2025-09-30T17:36:40","slug":"creation-et-activation-en-art-therapie","status":"publish","type":"post","link":"https:\/\/bibliotheque-sfpe-at.com\/index.php\/2025\/09\/30\/creation-et-activation-en-art-therapie\/","title":{"rendered":"Cr\u00e9ation et activation en art-th\u00e9rapie"},"content":{"rendered":"\n<div class=\"wp-block-columns is-layout-flex wp-container-core-columns-is-layout-28f84493 wp-block-columns-is-layout-flex\">\n<div class=\"wp-block-column is-layout-flow wp-block-column-is-layout-flow\" style=\"flex-basis:66.66%\">\n<p class=\"has-text-align-right\"><\/p>\n\n\n\n<p class=\"has-text-align-left\">La pr\u00e9sence d&rsquo;un objet du patient apport\u00e9 par lui ou cr\u00e9\u00e9 au cours de la s\u00e9ance psychoth\u00e9rapique \u2014 gestes constitutifs de l&rsquo;art-th\u00e9rapie &#8211; est pour la psychoth\u00e9rapie un apport consid\u00e9rable. Une dimension suppl\u00e9mentaire s&rsquo;ouvre, \u00e9largissant la relation au-del\u00e0 du seul langage verbal.<br>Avec cet objet et avec la conduite qui l&rsquo;a fait \u00eatre, se pose une de ces questions difficiles auxquelles la Soci\u00e9t\u00e9 de Psychopathologie de l&rsquo;Expression tente de r\u00e9pondre. Une formulation de cette question peut \u00eatre la cr\u00e9ation est-elle r\u00e9serv\u00e9e \u00e0 l&rsquo;artiste, est-elle de fait limit\u00e9e \u00e0 tels individus pr\u00e9alablement d\u00e9sign\u00e9s ? Le patient engag\u00e9 dans une demande psychoth\u00e9rapique peut-il \u00eatre dit cr\u00e9ateur, avec des productions o\u00f9 les possibilit\u00e9s esth\u00e9tiques et techniques limit\u00e9es ont pour justification \u2014 en quelque sorte \u2014 un message affectif, r\u00e9v\u00e9lation d&rsquo;une forme en de\u00e7\u00e0 du sympt\u00f4me ou de l&rsquo;angoisse ? L&rsquo;exemple de l&rsquo;enfant devrait assurer ici une r\u00e9ponse positive. Le d\u00e9veloppement affectif fait na\u00eetre &#8211; et se d\u00e9velopper dans un bon encadrement p\u00e9dagogique \u2014 des possibilit\u00e9s d&rsquo;expressions plastiques saisissantes. Dans d&rsquo;autres domaines esth\u00e9tiques moins explor\u00e9s. moins \u00ab spectaculaires \u00bb. cela s&rsquo;observe aussi.<\/p>\n\n\n\n<p class=\"has-text-align-left\"><\/p>\n\n\n\n<p class=\"has-text-align-left\"><\/p>\n\n\n\n<p class=\"has-text-align-left\"><\/p>\n\n\n\n<p class=\"has-text-color has-link-color wp-elements-0c5dd61414d2cb4c88e3596780dedeb0\" style=\"color:#2753a5\"><strong><em>Pour lire le texte complet <a href=\"\/index.php\/options-dinscription\/\"><mark style=\"background-color:rgba(0, 0, 0, 0)\" class=\"has-inline-color has-vivid-cyan-blue-color\">s&rsquo;inscrire<\/mark><\/a> ou <a href=\"\/index.php\/my-account\/edit-account\/\"><mark style=\"background-color:rgba(0, 0, 0, 0)\" class=\"has-inline-color has-vivid-cyan-blue-color\">se connecter<\/mark><\/a><\/em><\/strong><\/p>\n\n\n\n\n\n<div style=\"height:100px\" aria-hidden=\"true\" class=\"wp-block-spacer\"><\/div>\n\n\n\n<div class=\"wp-block-buttons is-content-justification-center is-layout-flex wp-container-core-buttons-is-layout-a89b3969 wp-block-buttons-is-layout-flex\">\n<div class=\"wp-block-button is-style-fill\"><a class=\"wp-block-button__link has-vivid-red-background-color has-background has-small-font-size has-custom-font-size wp-element-button\" href=\"\/index.php\/2025\/09\/30\/1975-expression-et-signe-no-1\/\">&lt;&#8211;retour<\/a><\/div>\n<\/div>\n<\/div>\n\n\n\n<div class=\"wp-block-column is-layout-flow wp-block-column-is-layout-flow\" style=\"flex-basis:33.33%\">\n<figure class=\"wp-block-table\"><table class=\"has-background\" style=\"background-color:#f8f2f2\"><thead><tr><th><mark class=\"has-inline-color has-vivid-red-color\" style=\"background-color: rgba(0, 0, 0, 0);\"><strong>Auteur<\/strong><\/mark><\/th><\/tr><\/thead><tbody><tr><td><strong>Beno\u00eet J-C.<\/strong><\/td><\/tr><\/tbody><\/table><\/figure>\n\n\n\n<figure class=\"wp-block-table\"><table><thead><tr><th><mark class=\"has-inline-color has-vivid-red-color\" style=\"background-color: rgba(0, 0, 0, 0);\"><strong>R\u00e9f\u00e9rence<\/strong><\/mark><\/th><\/tr><\/thead><tbody><tr><td><strong>RR19751-04<\/strong><br>Expression et Signe, n\u00b01, 1975<\/td><\/tr><\/tbody><\/table><\/figure>\n\n\n\n<figure class=\"wp-block-table\"><table><thead><tr><th><mark class=\"has-inline-color has-vivid-red-color\" style=\"background-color: rgba(0, 0, 0, 0);\"><strong>Cat\u00e9gories<\/strong><\/mark><\/th><\/tr><\/thead><tbody><tr><td>Art-th\u00e9rapie<br>Dispositif de m\u00e9diation<br>Enfance<br>Ph\u00e9nom\u00e9nologie<br>Psychanalyse<\/td><\/tr><\/tbody><\/table><\/figure>\n<\/div>\n<\/div>\n\n\n\n<p><\/p>\n","protected":false},"excerpt":{"rendered":"<p>La pr\u00e9sence d&rsquo;un objet du patient apport\u00e9 par lui ou cr\u00e9\u00e9 au cours de la s\u00e9ance psychoth\u00e9rapique \u2014 gestes constitutifs de l&rsquo;art-th\u00e9rapie &#8211; est pour la psychoth\u00e9rapie un apport consid\u00e9rable. Une dimension suppl\u00e9mentaire s&rsquo;ouvre, \u00e9largissant la relation au-del\u00e0 du seul langage verbal.Avec cet objet et avec la conduite qui l&rsquo;a&hellip;<\/p>\n","protected":false},"author":2,"featured_media":0,"comment_status":"closed","ping_status":"open","sticky":false,"template":"","format":"standard","meta":{"pmpro_default_level":"","ngg_post_thumbnail":0,"footnotes":""},"categories":[1235],"tags":[492,505,1230,486,494,1240],"class_list":["post-6272","post","type-post","status-publish","format-standard","hentry","category-benoit-j-c","tag-art-therapie","tag-dispositif-de-mediation","tag-expression-et-signe-1975-no1","tag-phenomenologie","tag-psychanalyse","tag-rr19751-04","pmpro-has-access"],"_links":{"self":[{"href":"https:\/\/bibliotheque-sfpe-at.com\/index.php\/wp-json\/wp\/v2\/posts\/6272","targetHints":{"allow":["GET"]}}],"collection":[{"href":"https:\/\/bibliotheque-sfpe-at.com\/index.php\/wp-json\/wp\/v2\/posts"}],"about":[{"href":"https:\/\/bibliotheque-sfpe-at.com\/index.php\/wp-json\/wp\/v2\/types\/post"}],"author":[{"embeddable":true,"href":"https:\/\/bibliotheque-sfpe-at.com\/index.php\/wp-json\/wp\/v2\/users\/2"}],"replies":[{"embeddable":true,"href":"https:\/\/bibliotheque-sfpe-at.com\/index.php\/wp-json\/wp\/v2\/comments?post=6272"}],"version-history":[{"count":1,"href":"https:\/\/bibliotheque-sfpe-at.com\/index.php\/wp-json\/wp\/v2\/posts\/6272\/revisions"}],"predecessor-version":[{"id":6273,"href":"https:\/\/bibliotheque-sfpe-at.com\/index.php\/wp-json\/wp\/v2\/posts\/6272\/revisions\/6273"}],"wp:attachment":[{"href":"https:\/\/bibliotheque-sfpe-at.com\/index.php\/wp-json\/wp\/v2\/media?parent=6272"}],"wp:term":[{"taxonomy":"category","embeddable":true,"href":"https:\/\/bibliotheque-sfpe-at.com\/index.php\/wp-json\/wp\/v2\/categories?post=6272"},{"taxonomy":"post_tag","embeddable":true,"href":"https:\/\/bibliotheque-sfpe-at.com\/index.php\/wp-json\/wp\/v2\/tags?post=6272"}],"curies":[{"name":"wp","href":"https:\/\/api.w.org\/{rel}","templated":true}]}}