{"id":6274,"date":"2025-09-30T19:30:58","date_gmt":"2025-09-30T17:30:58","guid":{"rendered":"https:\/\/bibliotheque-sfpe-at.com\/?p=6274"},"modified":"2025-09-30T19:36:46","modified_gmt":"2025-09-30T17:36:46","slug":"la-structuration-de-lespace-a-trois-dimensions-et-la-perception-de-la-forme-par-les-jeunes-enfants-de-4-a-5-ans","status":"publish","type":"post","link":"https:\/\/bibliotheque-sfpe-at.com\/index.php\/2025\/09\/30\/la-structuration-de-lespace-a-trois-dimensions-et-la-perception-de-la-forme-par-les-jeunes-enfants-de-4-a-5-ans\/","title":{"rendered":"La structuration de l\u2019espace \u00e0 trois dimensions et la perception de la forme par les jeunes enfants de 4 \u00e0 5 ans"},"content":{"rendered":"\n<div class=\"wp-block-columns is-layout-flex wp-container-core-columns-is-layout-28f84493 wp-block-columns-is-layout-flex\">\n<div class=\"wp-block-column is-layout-flow wp-block-column-is-layout-flow\" style=\"flex-basis:66.66%\">\n<p class=\"has-text-align-right\"><\/p>\n\n\n\n<p class=\"has-text-align-left\"><strong>Probl\u00e9matique et objet de la recherche<\/strong><\/p>\n\n\n\n<p>L&rsquo;enfant peut-il structurer l&rsquo;espace d&rsquo;une mani\u00e8re diff\u00e9rente de celle qui lui est propos\u00e9e habituellement ?<br>Des jeux architecturaux sont \u00e9labor\u00e9s et pr\u00e9sent\u00e9s \u00e0 des enfants de 4 \u00e0 5 ans dans une classe d&rsquo;\u00e9cole maternelle : jeux \u00e0 \u00e9chelle r\u00e9duite, jeux \u00e0 \u00e9chelle grandeur nature.<br>Les performances g\u00e9om\u00e9triques de ces jeux autorisent des combinaisons spatiales \u201c non orthonorm\u00e9es \u00ab\u00a0, c&rsquo;est-\u00e0-dire diff\u00e9rentes de celles habituellement \u00ab\u00a0v\u00e9cues\u00a0\u00bb par l&rsquo;enfant dans le cadre b\u00e2ti.<br>Questions :<\/p>\n\n\n\n<p class=\"has-text-align-left\">Les performances g\u00e9om\u00e9triques \u00a0\u00bb non orthonorm\u00e9es \u00a0\u00bb des jeux architecturaux sont-elles ou ne sont-elles pas utilis\u00e9es ? Si oui. quelle est leur importance dans le per\u00e7u des espaces ?<\/p>\n\n\n\n<p>Existe-t-il un parall\u00e9lisme entre la perception des \u00e9l\u00e9ments \u00e9chelle r\u00e9duite et des \u00e9l\u00e9ments \u00e9chelle grandeur nature pendant l&rsquo;utilisation de ces derniers?<\/p>\n\n\n\n<p>Quels sont les m\u00e9canismes perceptifs mis en jeu ?<\/p>\n\n\n\n<p>Quelles sont les conduites et formes d&rsquo;appropriation des sujets au cours des exp\u00e9rimentations ?<\/p>\n\n\n\n<p>A \u00e9chelle grandeur nature existe-t-il une relation entre l&rsquo;organisation et la repr\u00e9sentation des espaces et la fa\u00e7on dont ces espaces sont construits et\/ou explor\u00e9s ?<\/p>\n\n\n\n<p>Peut-on observer certaines analogies entre l&rsquo;\u00e9laboration, la perception des espaces, et l&rsquo;expression de certaines conduites st\u00e9r\u00e9otyp\u00e9es r\u00e9sultantes du v\u00e9cu spatial, cons\u00e9cutif au mode d&rsquo;habitat du sujet?<\/p>\n\n\n\n<p class=\"has-text-align-left\"><\/p>\n\n\n\n<p class=\"has-text-align-left\"><\/p>\n\n\n\n<p class=\"has-text-align-left\"><\/p>\n\n\n\n<p class=\"has-text-color has-link-color wp-elements-0c5dd61414d2cb4c88e3596780dedeb0\" style=\"color:#2753a5\"><strong><em>Pour lire le texte complet <a href=\"\/index.php\/options-dinscription\/\"><mark style=\"background-color:rgba(0, 0, 0, 0)\" class=\"has-inline-color has-vivid-cyan-blue-color\">s&rsquo;inscrire<\/mark><\/a> ou <a href=\"\/index.php\/my-account\/edit-account\/\"><mark style=\"background-color:rgba(0, 0, 0, 0)\" class=\"has-inline-color has-vivid-cyan-blue-color\">se connecter<\/mark><\/a><\/em><\/strong><\/p>\n\n\n\n\n\n<div style=\"height:100px\" aria-hidden=\"true\" class=\"wp-block-spacer\"><\/div>\n\n\n\n<div class=\"wp-block-buttons is-content-justification-center is-layout-flex wp-container-core-buttons-is-layout-a89b3969 wp-block-buttons-is-layout-flex\">\n<div class=\"wp-block-button is-style-fill\"><a class=\"wp-block-button__link has-vivid-red-background-color has-background has-small-font-size has-custom-font-size wp-element-button\" href=\"\/index.php\/2025\/09\/30\/1975-expression-et-signe-no-1\/\">&lt;&#8211;retour<\/a><\/div>\n<\/div>\n<\/div>\n\n\n\n<div class=\"wp-block-column is-layout-flow wp-block-column-is-layout-flow\" style=\"flex-basis:33.33%\">\n<figure class=\"wp-block-table\"><table class=\"has-background\" style=\"background-color:#f8f2f2\"><thead><tr><th><mark class=\"has-inline-color has-vivid-red-color\" style=\"background-color: rgba(0, 0, 0, 0);\"><strong>Auteur<\/strong><\/mark><\/th><\/tr><\/thead><tbody><tr><td><strong>Gruais M.<\/strong><\/td><\/tr><\/tbody><\/table><\/figure>\n\n\n\n<figure class=\"wp-block-table\"><table><thead><tr><th><mark class=\"has-inline-color has-vivid-red-color\" style=\"background-color: rgba(0, 0, 0, 0);\"><strong>R\u00e9f\u00e9rence<\/strong><\/mark><\/th><\/tr><\/thead><tbody><tr><td><strong>RR19751-05<\/strong><br>Expression et Signe, n\u00b01, 1975<\/td><\/tr><\/tbody><\/table><\/figure>\n\n\n\n<figure class=\"wp-block-table\"><table><thead><tr><th><mark class=\"has-inline-color has-vivid-red-color\" style=\"background-color: rgba(0, 0, 0, 0);\"><strong>Cat\u00e9gories<\/strong><\/mark><\/th><\/tr><\/thead><tbody><tr><td>Cas cliniques<br>Dispositif de m\u00e9diation<br>Enfance<br>\u00c9ducation<\/td><\/tr><\/tbody><\/table><\/figure>\n<\/div>\n<\/div>\n\n\n\n<p><\/p>\n","protected":false},"excerpt":{"rendered":"<p>Probl\u00e9matique et objet de la recherche L&rsquo;enfant peut-il structurer l&rsquo;espace d&rsquo;une mani\u00e8re diff\u00e9rente de celle qui lui est propos\u00e9e habituellement ?Des jeux architecturaux sont \u00e9labor\u00e9s et pr\u00e9sent\u00e9s \u00e0 des enfants de 4 \u00e0 5 ans dans une classe d&rsquo;\u00e9cole maternelle : jeux \u00e0 \u00e9chelle r\u00e9duite, jeux \u00e0 \u00e9chelle grandeur nature.Les&hellip;<\/p>\n","protected":false},"author":2,"featured_media":0,"comment_status":"closed","ping_status":"open","sticky":false,"template":"","format":"standard","meta":{"pmpro_default_level":"","ngg_post_thumbnail":0,"footnotes":""},"categories":[1236],"tags":[505,831,549,493,1230,1241],"class_list":["post-6274","post","type-post","status-publish","format-standard","hentry","category-gruais-m","tag-dispositif-de-mediation","tag-education","tag-enfance","tag-cas-clinique","tag-expression-et-signe-1975-no1","tag-rr19751-05","pmpro-has-access"],"_links":{"self":[{"href":"https:\/\/bibliotheque-sfpe-at.com\/index.php\/wp-json\/wp\/v2\/posts\/6274","targetHints":{"allow":["GET"]}}],"collection":[{"href":"https:\/\/bibliotheque-sfpe-at.com\/index.php\/wp-json\/wp\/v2\/posts"}],"about":[{"href":"https:\/\/bibliotheque-sfpe-at.com\/index.php\/wp-json\/wp\/v2\/types\/post"}],"author":[{"embeddable":true,"href":"https:\/\/bibliotheque-sfpe-at.com\/index.php\/wp-json\/wp\/v2\/users\/2"}],"replies":[{"embeddable":true,"href":"https:\/\/bibliotheque-sfpe-at.com\/index.php\/wp-json\/wp\/v2\/comments?post=6274"}],"version-history":[{"count":2,"href":"https:\/\/bibliotheque-sfpe-at.com\/index.php\/wp-json\/wp\/v2\/posts\/6274\/revisions"}],"predecessor-version":[{"id":6276,"href":"https:\/\/bibliotheque-sfpe-at.com\/index.php\/wp-json\/wp\/v2\/posts\/6274\/revisions\/6276"}],"wp:attachment":[{"href":"https:\/\/bibliotheque-sfpe-at.com\/index.php\/wp-json\/wp\/v2\/media?parent=6274"}],"wp:term":[{"taxonomy":"category","embeddable":true,"href":"https:\/\/bibliotheque-sfpe-at.com\/index.php\/wp-json\/wp\/v2\/categories?post=6274"},{"taxonomy":"post_tag","embeddable":true,"href":"https:\/\/bibliotheque-sfpe-at.com\/index.php\/wp-json\/wp\/v2\/tags?post=6274"}],"curies":[{"name":"wp","href":"https:\/\/api.w.org\/{rel}","templated":true}]}}