{"id":6282,"date":"2025-09-30T19:57:43","date_gmt":"2025-09-30T17:57:43","guid":{"rendered":"https:\/\/bibliotheque-sfpe-at.com\/?p=6282"},"modified":"2025-09-30T20:14:30","modified_gmt":"2025-09-30T18:14:30","slug":"a-lecoute-de-lexpression-picturale","status":"publish","type":"post","link":"https:\/\/bibliotheque-sfpe-at.com\/index.php\/2025\/09\/30\/a-lecoute-de-lexpression-picturale\/","title":{"rendered":"\u00c0 l\u2019\u00e9coute de l\u2019expression picturale"},"content":{"rendered":"\n<div class=\"wp-block-columns is-layout-flex wp-container-core-columns-is-layout-28f84493 wp-block-columns-is-layout-flex\">\n<div class=\"wp-block-column is-layout-flow wp-block-column-is-layout-flow\" style=\"flex-basis:66.66%\">\n<p class=\"has-text-align-right\"><\/p>\n\n\n\n<p class=\"has-text-align-left\">Le litre retenu pour cette journ\u00e9e \u00a0\u00bb Rentabilit\u00e9 du non-verbal, approches th\u00e9oriques et th\u00e9rapeutiques \u00ab\u00a0, comme le titre choisi par le Docteur Ferdi\u00e8re \u201c Permanence et \u00e9volution des \u00e9tudes sur les expressions non purement verbales \u00ab\u00a0, montrent, par leur prudence m\u00eame, le chemin parcouru depuis le temps o\u00f9, dans ces m\u00eames assembl\u00e9es, on parlait sous le titre \u201c L\u2019art et la folie \u00a0\u00bb ou encore \u00a0\u00bb L&rsquo;art psychopathologique \u201d et, plus pr\u00e8s de nous, \u201c La psychopathologie de l&rsquo;expression \u201d<br>Si l\u2019on y parlait de l&rsquo;art, il apparaissait aussit\u00f4t que la v\u00e9rit\u00e9 intrins\u00e8que de toute production artistique \u00e9chappait au discours qui voulait la cerner, qu&rsquo;il y avait un irr\u00e9ductible que Rosolato, Wiart et Volmat \u00e9non\u00e7aient en ces termes: \u00ab\u00a0\u2026 L&rsquo;art ne se r\u00e9duit pas \u00e0 un syst\u00e8me de signification, Toute tentative dans ce sens, aussi fructueuse qu&rsquo;elle puisse \u00eatre sous un certain angle (th\u00e9rapeutique par exemple) voit s&rsquo;\u00e9vanouir le ph\u00e9nom\u00e8ne esth\u00e9tique et laisse une impression de carence conceptuelle. Cependant l&rsquo;art n&rsquo;est pas \u00e9tranger aux significations: il les vise sans s\u2019y r\u00e9soudre \u00ab\u00a0<br>Si l\u2019on parlait de la jubilation esth\u00e9tique, cela semblait un biais peu \u00e9clairant pour rendre compte de \u00a0\u00bb l&rsquo;expression \u201d. Si l\u2019on parlait psychopathologie, c&rsquo;\u00e9tait pour mettre en rapport une ph\u00e9nom\u00e9nologie de la maladie mentale avec une description tout autant ph\u00e9nom\u00e9nologique des productions picturales.<br>Sur quelque versant qu\u2019on se situe, on ne s\u2019en interroge pas moins sur le probl\u00e8me qui reste \u00e0 nous pos\u00e9, et qui est celui du sens de l\u2019expression picturale et de sa fonction de communication. <\/p>\n\n\n\n<p class=\"has-text-align-left\"><\/p>\n\n\n\n<p class=\"has-text-color has-link-color wp-elements-0c5dd61414d2cb4c88e3596780dedeb0\" style=\"color:#2753a5\"><strong><em>Pour lire le texte complet <a href=\"\/index.php\/options-dinscription\/\"><mark style=\"background-color:rgba(0, 0, 0, 0)\" class=\"has-inline-color has-vivid-cyan-blue-color\">s&rsquo;inscrire<\/mark><\/a> ou <a href=\"\/index.php\/my-account\/edit-account\/\"><mark style=\"background-color:rgba(0, 0, 0, 0)\" class=\"has-inline-color has-vivid-cyan-blue-color\">se connecter<\/mark><\/a><\/em><\/strong><\/p>\n\n\n\n\n\n<div style=\"height:100px\" aria-hidden=\"true\" class=\"wp-block-spacer\"><\/div>\n\n\n\n<div class=\"wp-block-buttons is-content-justification-center is-layout-flex wp-container-core-buttons-is-layout-a89b3969 wp-block-buttons-is-layout-flex\">\n<div class=\"wp-block-button is-style-fill\"><a class=\"wp-block-button__link has-vivid-red-background-color has-background has-small-font-size has-custom-font-size wp-element-button\" href=\"\/index.php\/2025\/09\/30\/1977-expression-et-signe-no-3\/\">&lt;&#8211;retour<\/a><\/div>\n<\/div>\n<\/div>\n\n\n\n<div class=\"wp-block-column is-layout-flow wp-block-column-is-layout-flow\" style=\"flex-basis:33.33%\">\n<figure class=\"wp-block-table\"><table class=\"has-background\" style=\"background-color:#f8f2f2\"><thead><tr><th><mark class=\"has-inline-color has-vivid-red-color\" style=\"background-color: rgba(0, 0, 0, 0);\"><strong>Auteur<\/strong><\/mark><\/th><\/tr><\/thead><tbody><tr><td><strong>Chemama B\u00e9atrice<\/strong><\/td><\/tr><\/tbody><\/table><\/figure>\n\n\n\n<figure class=\"wp-block-table\"><table><thead><tr><th><mark class=\"has-inline-color has-vivid-red-color\" style=\"background-color: rgba(0, 0, 0, 0);\"><strong>R\u00e9f\u00e9rence<\/strong><\/mark><\/th><\/tr><\/thead><tbody><tr><td><strong>RR19773-01<\/strong><br>Expression et Signe, n\u00b03, 1977<\/td><\/tr><\/tbody><\/table><\/figure>\n\n\n\n<figure class=\"wp-block-table\"><table><thead><tr><th><mark class=\"has-inline-color has-vivid-red-color\" style=\"background-color: rgba(0, 0, 0, 0);\"><strong>Cat\u00e9gories<\/strong><\/mark><\/th><\/tr><\/thead><tbody><tr><td>Psychanalyse<br>Psychopathologie de l\u2019expression<br>Peinture<br>Philosophie<br>Esth\u00e9tique<\/td><\/tr><\/tbody><\/table><\/figure>\n<\/div>\n<\/div>\n\n\n\n<p><\/p>\n","protected":false},"excerpt":{"rendered":"<p>Le litre retenu pour cette journ\u00e9e \u00a0\u00bb Rentabilit\u00e9 du non-verbal, approches th\u00e9oriques et th\u00e9rapeutiques \u00ab\u00a0, comme le titre choisi par le Docteur Ferdi\u00e8re \u201c Permanence et \u00e9volution des \u00e9tudes sur les expressions non purement verbales \u00ab\u00a0, montrent, par leur prudence m\u00eame, le chemin parcouru depuis le temps o\u00f9, dans ces&hellip;<\/p>\n","protected":false},"author":2,"featured_media":0,"comment_status":"closed","ping_status":"open","sticky":false,"template":"","format":"standard","meta":{"pmpro_default_level":"","ngg_post_thumbnail":0,"footnotes":""},"categories":[54],"tags":[491,1242,484,487,494,488,1245],"class_list":["post-6282","post","type-post","status-publish","format-standard","hentry","category-chemama-steiner-beatrice","tag-esthetique","tag-expression-et-signe-1977-no3","tag-peinture","tag-philosophie","tag-psychanalyse","tag-psychopathologie-de-lexpression","tag-rr19773-01","pmpro-has-access"],"_links":{"self":[{"href":"https:\/\/bibliotheque-sfpe-at.com\/index.php\/wp-json\/wp\/v2\/posts\/6282","targetHints":{"allow":["GET"]}}],"collection":[{"href":"https:\/\/bibliotheque-sfpe-at.com\/index.php\/wp-json\/wp\/v2\/posts"}],"about":[{"href":"https:\/\/bibliotheque-sfpe-at.com\/index.php\/wp-json\/wp\/v2\/types\/post"}],"author":[{"embeddable":true,"href":"https:\/\/bibliotheque-sfpe-at.com\/index.php\/wp-json\/wp\/v2\/users\/2"}],"replies":[{"embeddable":true,"href":"https:\/\/bibliotheque-sfpe-at.com\/index.php\/wp-json\/wp\/v2\/comments?post=6282"}],"version-history":[{"count":2,"href":"https:\/\/bibliotheque-sfpe-at.com\/index.php\/wp-json\/wp\/v2\/posts\/6282\/revisions"}],"predecessor-version":[{"id":6285,"href":"https:\/\/bibliotheque-sfpe-at.com\/index.php\/wp-json\/wp\/v2\/posts\/6282\/revisions\/6285"}],"wp:attachment":[{"href":"https:\/\/bibliotheque-sfpe-at.com\/index.php\/wp-json\/wp\/v2\/media?parent=6282"}],"wp:term":[{"taxonomy":"category","embeddable":true,"href":"https:\/\/bibliotheque-sfpe-at.com\/index.php\/wp-json\/wp\/v2\/categories?post=6282"},{"taxonomy":"post_tag","embeddable":true,"href":"https:\/\/bibliotheque-sfpe-at.com\/index.php\/wp-json\/wp\/v2\/tags?post=6282"}],"curies":[{"name":"wp","href":"https:\/\/api.w.org\/{rel}","templated":true}]}}