{"id":6364,"date":"2025-12-27T16:33:12","date_gmt":"2025-12-27T15:33:12","guid":{"rendered":"https:\/\/bibliotheque-sfpe-at.com\/?p=6364"},"modified":"2026-04-21T13:55:01","modified_gmt":"2026-04-21T11:55:01","slug":"1980-psychologie-medicale","status":"publish","type":"post","link":"https:\/\/bibliotheque-sfpe-at.com\/index.php\/2025\/12\/27\/1980-psychologie-medicale\/","title":{"rendered":"1980 Psychologie M\u00e9dicale"},"content":{"rendered":"<div class=\"wp-block-image\">\n<figure class=\"aligncenter size-large is-resized\"><a href=\"https:\/\/bibliotheque-sfpe-at.com\/wp-content\/uploads\/2025\/12\/RB-1980-Couverture.jpg\"><img loading=\"lazy\" decoding=\"async\" width=\"792\" height=\"1024\" src=\"https:\/\/bibliotheque-sfpe-at.com\/wp-content\/uploads\/2025\/12\/RB-1980-Couverture-792x1024.jpg\" alt=\"\" class=\"wp-image-6365\" style=\"width:350px\" srcset=\"https:\/\/bibliotheque-sfpe-at.com\/wp-content\/uploads\/2025\/12\/RB-1980-Couverture-792x1024.jpg 792w, https:\/\/bibliotheque-sfpe-at.com\/wp-content\/uploads\/2025\/12\/RB-1980-Couverture-232x300.jpg 232w, https:\/\/bibliotheque-sfpe-at.com\/wp-content\/uploads\/2025\/12\/RB-1980-Couverture-768x993.jpg 768w, https:\/\/bibliotheque-sfpe-at.com\/wp-content\/uploads\/2025\/12\/RB-1980-Couverture-263x340.jpg 263w, https:\/\/bibliotheque-sfpe-at.com\/wp-content\/uploads\/2025\/12\/RB-1980-Couverture-464x600.jpg 464w, https:\/\/bibliotheque-sfpe-at.com\/wp-content\/uploads\/2025\/12\/RB-1980-Couverture-600x776.jpg 600w, https:\/\/bibliotheque-sfpe-at.com\/wp-content\/uploads\/2025\/12\/RB-1980-Couverture.jpg 928w\" sizes=\"auto, (max-width: 792px) 100vw, 792px\" \/><\/a><\/figure>\n<\/div>\n\n\n<p><\/p>\n\n\n<div class='pt-cv-wrapper'> <div class=\"pt-cv-view pt-cv-blockgrid iscvblock iscvreal grid1 layout2 cveffect-zoomin\" id=\"pt-cv-view-3i0h7lt2\"><div data-id=\"pt-cv-page-1\" class=\"pt-cv-page\" data-cvc=\"4\"><div class=\" pt-cv-content-item pt-cv-1-col\" ><div class=\"pt-cv-taxoterm above_title\"><a href='https:\/\/bibliotheque-sfpe-at.com\/index.php\/category\/auteurs\/lemoine-patrick\/' title='Lemoine Patrick' class='pt-cv-tax-lemoine-patrick'>Lemoine Patrick<\/a><\/div>\n<h4 class=\"pt-cv-title\"><a href=\"https:\/\/bibliotheque-sfpe-at.com\/index.php\/2025\/12\/27\/introduction-est-il-possible-de-creer-dans-linstitution-psychiatrique-actuelle\/\" class=\"_self\" target=\"_self\" >Introduction. Est-il possible de cr\u00e9er dans l\u2019institution psychiatrique actuelle\u00a0?<\/a><\/h4>\n<div class=\"pt-cv-content\">EN 1937, Sylvain FUSCO, schizophr\u00e8ne autistique, mutique, cr\u00e9e en 18 mois une \u0153uvre remarquable, soutenu par l&rsquo;int\u00e9r\u00eat passionn\u00e9 de son th\u00e9rapeute, le docteur REQUET.Le pouvoir cr\u00e9ateur des malades est-il respect\u00e9 actuellement malgr\u00e9 ou gr\u00e2ce aux techniques psychiatriques ? Le 4 mai 1979, s&rsquo;est tenue \u00e0 &#8230;<\/div>\n<div class=\"pt-cv-rmwrap\"><a href=\"https:\/\/bibliotheque-sfpe-at.com\/index.php\/2025\/12\/27\/introduction-est-il-possible-de-creer-dans-linstitution-psychiatrique-actuelle\/\" class=\"_self pt-cv-readmore btn btn-success\" target=\"_self\" >Lire La Suite\u2026<\/a><\/div><\/div>\n<div class=\" pt-cv-content-item pt-cv-1-col\" ><div class=\"pt-cv-taxoterm above_title\"><a href='https:\/\/bibliotheque-sfpe-at.com\/index.php\/category\/auteurs\/revol-louis\/' title='Revol Louis' class='pt-cv-tax-revol-louis'>Revol Louis<\/a><\/div>\n<h4 class=\"pt-cv-title\"><a href=\"https:\/\/bibliotheque-sfpe-at.com\/index.php\/2025\/12\/27\/la-production-picturale-du-malade-mental\/\" class=\"_self\" target=\"_self\" >La production picturale du malade mental<\/a><\/h4>\n<div class=\"pt-cv-content\">Cette \u0153uvre, ind\u00e9pendante de la mode du jour, est de g\u00e9n\u00e9ration spontan\u00e9e, elle traduit le v\u00e9cu hallucinatoire du malade et exalte sa propre personnalit\u00e9 sans souci de plaisir ou de d\u00e9plaisir, elle r\u00e9pond g\u00e9n\u00e9ralement aux crit\u00e8res suivants : projection des images, richesse symbolique des ouvres, &#8230;<\/div>\n<div class=\"pt-cv-rmwrap\"><a href=\"https:\/\/bibliotheque-sfpe-at.com\/index.php\/2025\/12\/27\/la-production-picturale-du-malade-mental\/\" class=\"_self pt-cv-readmore btn btn-success\" target=\"_self\" >Lire La Suite\u2026<\/a><\/div><\/div>\n<div class=\" pt-cv-content-item pt-cv-1-col\" ><div class=\"pt-cv-taxoterm above_title\"><a href='https:\/\/bibliotheque-sfpe-at.com\/index.php\/category\/auteurs\/gillet-michel\/' title='Gillet MIchel' class='pt-cv-tax-gillet-michel'>Gillet MIchel<\/a><\/div>\n<h4 class=\"pt-cv-title\"><a href=\"https:\/\/bibliotheque-sfpe-at.com\/index.php\/2025\/12\/27\/les-psychotropes-dans-la-dialectique-entre-limaginaire-et-le-reel\/\" class=\"_self\" target=\"_self\" >Les psychotropes dans la dialectique entre l\u2019imaginaire et le r\u00e9el<\/a><\/h4>\n<div class=\"pt-cv-content\">Le psychotrope, mol\u00e9cule r\u00e9elle, va laisser intacte la r\u00e9alit\u00e9 ext\u00e9rieure tout en bouleversant l&rsquo;imaginaire. L&rsquo;auteur s\u00e9pare les psychotropes en 3 classes : ceux qui provoquent une inflation de l&rsquo;imaginaire au point que disparaissent aussi bien le r\u00e9el que le symbolique, ceux qui tuent l&rsquo;imaginaire tout &#8230;<\/div>\n<div class=\"pt-cv-rmwrap\"><a href=\"https:\/\/bibliotheque-sfpe-at.com\/index.php\/2025\/12\/27\/les-psychotropes-dans-la-dialectique-entre-limaginaire-et-le-reel\/\" class=\"_self pt-cv-readmore btn btn-success\" target=\"_self\" >Lire La Suite\u2026<\/a><\/div><\/div>\n<div class=\" pt-cv-content-item pt-cv-1-col\" ><div class=\"pt-cv-taxoterm above_title\"><a href='https:\/\/bibliotheque-sfpe-at.com\/index.php\/category\/auteurs\/planche-suzanne\/' title='Planche Suzanne' class='pt-cv-tax-planche-suzanne'>Planche Suzanne<\/a><\/div>\n<h4 class=\"pt-cv-title\"><a href=\"https:\/\/bibliotheque-sfpe-at.com\/index.php\/2025\/12\/27\/les-psychotropes-dans-la-dialectique-entre-limaginaire-et-le-reel-2\/\" class=\"_self\" target=\"_self\" >Restructuration des personnalit\u00e9s toxicomanes sous sulpiride* et sous psychoth\u00e9rapie jungienne<\/a><\/h4>\n<div class=\"pt-cv-content\">Sous sulpiride, deux toxicomanes pr\u00e9-psychotiques ont pu b\u00e9n\u00e9ficier d&rsquo;une psychoth\u00e9rapie Jungienne. L&rsquo;aspect cr\u00e9ateur et po\u00e9tique de cette pens\u00e9e a permis de revitaliser les symboles chez ces patients. Pour lire le texte complet s&rsquo;inscrire ou se connecter Lire le texte complet ici &lt;&#8211;retour AuteurPlanche Suzanne R\u00e9f\u00e9renceRB-011980-04Art &#8230;<\/div>\n<div class=\"pt-cv-rmwrap\"><a href=\"https:\/\/bibliotheque-sfpe-at.com\/index.php\/2025\/12\/27\/les-psychotropes-dans-la-dialectique-entre-limaginaire-et-le-reel-2\/\" class=\"_self pt-cv-readmore btn btn-success\" target=\"_self\" >Lire La Suite\u2026<\/a><\/div><\/div>\n<div class=\" pt-cv-content-item pt-cv-1-col\" ><div class=\"pt-cv-taxoterm above_title\"><a href='https:\/\/bibliotheque-sfpe-at.com\/index.php\/category\/auteurs\/drevet-michel\/' title='Drevet Michel' class='pt-cv-tax-drevet-michel'>Drevet Michel<\/a><\/div>\n<h4 class=\"pt-cv-title\"><a href=\"https:\/\/bibliotheque-sfpe-at.com\/index.php\/2025\/12\/27\/creation-picturale-et-re-expression-generale-sous-sulpiride-psychosomatique-ou-leurre-dattendre\/\" class=\"_self\" target=\"_self\" >Cr\u00e9ation picturale et r\u00e9-expression g\u00e9n\u00e9rale sous sulpiride*. Psychosomatique ou leurre d\u2019attendre<\/a><\/h4>\n<div class=\"pt-cv-content\">L&rsquo;auteur a conduit une \u00e9tude portant sur 3 termes :\u2014 l&rsquo;action du sulpiride\u2014 sur des processus suppos\u00e9s psychosomatiques\u2014 \u00e0 travers l&rsquo;expression plastique de patients s\u00e9lectionn\u00e9s.Le sulpiride, avec 4 ans de recul, appara\u00eet comme un m\u00e9dicament mobilisateur de bien des processus chroniques au niveau psychique, comme &#8230;<\/div>\n<div class=\"pt-cv-rmwrap\"><a href=\"https:\/\/bibliotheque-sfpe-at.com\/index.php\/2025\/12\/27\/creation-picturale-et-re-expression-generale-sous-sulpiride-psychosomatique-ou-leurre-dattendre\/\" class=\"_self pt-cv-readmore btn btn-success\" target=\"_self\" >Lire La Suite\u2026<\/a><\/div><\/div>\n<div class=\" pt-cv-content-item pt-cv-1-col\" ><div class=\"pt-cv-taxoterm above_title\"><a href='https:\/\/bibliotheque-sfpe-at.com\/index.php\/category\/auteurs\/requet-andre\/' title='Requet Andr\u00e9' class='pt-cv-tax-requet-andre'>Requet Andr\u00e9<\/a><\/div>\n<h4 class=\"pt-cv-title\"><a href=\"https:\/\/bibliotheque-sfpe-at.com\/index.php\/2025\/12\/27\/les-annees-folles-de-sylvain-fusco\/\" class=\"_self\" target=\"_self\" >Les ann\u00e9es folles de Sylvain Fusco<\/a><\/h4>\n<div class=\"pt-cv-content\">Je n&rsquo;ai pas \u00e0 pr\u00e9senter le Docteur REQUET et pourtant j&rsquo;aurais aim\u00e9 le faire car c&rsquo;est la premi\u00e8re fois que cela m&rsquo;arrive et je n&rsquo;ai jamais eu l&rsquo;occasion de lui dire publiquement toute mon admiration et mon estime pour son \u0153uvre de psychiatre. Pour nous &#8230;<\/div>\n<div class=\"pt-cv-rmwrap\"><a href=\"https:\/\/bibliotheque-sfpe-at.com\/index.php\/2025\/12\/27\/les-annees-folles-de-sylvain-fusco\/\" class=\"_self pt-cv-readmore btn btn-success\" target=\"_self\" >Lire La Suite\u2026<\/a><\/div><\/div>\n<div class=\" pt-cv-content-item pt-cv-1-col\" ><div class=\"pt-cv-taxoterm above_title\"><a href='https:\/\/bibliotheque-sfpe-at.com\/index.php\/category\/auteurs\/marie-cardine-michel\/' title='Marie-Cardine Michel' class='pt-cv-tax-marie-cardine-michel'>Marie-Cardine Michel<\/a><a href='https:\/\/bibliotheque-sfpe-at.com\/index.php\/category\/auteurs\/saltel-pierre\/' title='Saltel Pierre' class='pt-cv-tax-saltel-pierre'>Saltel Pierre<\/a><\/div>\n<h4 class=\"pt-cv-title\"><a href=\"https:\/\/bibliotheque-sfpe-at.com\/index.php\/2025\/12\/27\/processus-de-creation-et-psychotherapie-institutionnelle\/\" class=\"_self\" target=\"_self\" >Processus de cr\u00e9ation et psychoth\u00e9rapie institutionnelle<\/a><\/h4>\n<div class=\"pt-cv-content\">L&rsquo;auteur tente une mise \u00e0 jour d&rsquo;une v\u00e9ritable psychoth\u00e9rapie institutionnelle, ax\u00e9e autour de l&rsquo;histoire d&rsquo;un malade, auteur d&rsquo;une \u0153uvre double : l&rsquo;une priv\u00e9e, expression de tous ses fantasmes, l\u2019autre officielle, \u00e0 tendance acad\u00e9mique. Pour lire le texte complet s&rsquo;inscrire ou se connecter Lire le texte &#8230;<\/div>\n<div class=\"pt-cv-rmwrap\"><a href=\"https:\/\/bibliotheque-sfpe-at.com\/index.php\/2025\/12\/27\/processus-de-creation-et-psychotherapie-institutionnelle\/\" class=\"_self pt-cv-readmore btn btn-success\" target=\"_self\" >Lire La Suite\u2026<\/a><\/div><\/div>\n<div class=\" pt-cv-content-item pt-cv-1-col\" ><div class=\"pt-cv-taxoterm above_title\"><a href='https:\/\/bibliotheque-sfpe-at.com\/index.php\/category\/auteurs\/wiart-claude\/' title='Wiart Claude' class='pt-cv-tax-wiart-claude'>Wiart Claude<\/a><\/div>\n<h4 class=\"pt-cv-title\"><a href=\"https:\/\/bibliotheque-sfpe-at.com\/index.php\/2025\/12\/27\/fol-art-folle-therapie-commentaire-du-film-les-annees-folles-de-sylvain-fusco\/\" class=\"_self\" target=\"_self\" >Fol art ? Folle th\u00e9rapie ?\u00a0 Commentaire du film \u00ab\u00a0Les ann\u00e9es folles de Sylvain Fusco\u00a0\u00bb<\/a><\/h4>\n<div class=\"pt-cv-content\">\u00c0 travers l&rsquo;expression plastique suscit\u00e9e par l\u2019auteur, celui-ci montre l&rsquo;amorce d&rsquo;une triangulation :peintre &#8211; ouvre &#8211; spectateurqui se fait jour et qui peut \u00eatre l&rsquo;amorce d&rsquo;une psychoth\u00e9rapie. Pour lire le texte complet s&rsquo;inscrire ou se connecter Lire le texte complet ici &lt;&#8211;retour AuteurWiart Claude R\u00e9f\u00e9renceRB-011980-08Art &#8230;<\/div>\n<div class=\"pt-cv-rmwrap\"><a href=\"https:\/\/bibliotheque-sfpe-at.com\/index.php\/2025\/12\/27\/fol-art-folle-therapie-commentaire-du-film-les-annees-folles-de-sylvain-fusco\/\" class=\"_self pt-cv-readmore btn btn-success\" target=\"_self\" >Lire La Suite\u2026<\/a><\/div><\/div>\n<div class=\" pt-cv-content-item pt-cv-1-col\" ><div class=\"pt-cv-taxoterm above_title\"><a href='https:\/\/bibliotheque-sfpe-at.com\/index.php\/category\/auteurs\/genevieve-jean-marie\/' title='Genevi\u00e8ve Jean-Marie' class='pt-cv-tax-genevieve-jean-marie'>Genevi\u00e8ve Jean-Marie<\/a><a href='https:\/\/bibliotheque-sfpe-at.com\/index.php\/category\/auteurs\/steyaert-michel\/' title='Steyaert Michel' class='pt-cv-tax-steyaert-michel'>Steyaert Michel<\/a><\/div>\n<h4 class=\"pt-cv-title\"><a href=\"https:\/\/bibliotheque-sfpe-at.com\/index.php\/2025\/12\/27\/temoignage-sur-lessai-dimplantation-dun-atelier-dart-therapie-dans-un-hopital-psychiatrique\/\" class=\"_self\" target=\"_self\" >T\u00e9moignage sur l\u2019essai d\u2019implantation d\u2019un atelier d\u2019art-th\u00e9rapie dans un h\u00f4pital psychiatrique<\/a><\/h4>\n<div class=\"pt-cv-content\">La cr\u00e9ation d&rsquo;un atelier d&rsquo;Art-Th\u00e9rapie dans une institution traditionnelle ne s&rsquo;av\u00e8re ni vaine, ni inutile. C&rsquo;est un moyen de p\u00e9n\u00e9tration privil\u00e9gi\u00e9 du sentiment artistique dans un monde qui a bien besoin de fantaisie. Pour lire le texte complet s&rsquo;inscrire ou se connecter Lire le texte &#8230;<\/div>\n<div class=\"pt-cv-rmwrap\"><a href=\"https:\/\/bibliotheque-sfpe-at.com\/index.php\/2025\/12\/27\/temoignage-sur-lessai-dimplantation-dun-atelier-dart-therapie-dans-un-hopital-psychiatrique\/\" class=\"_self pt-cv-readmore btn btn-success\" target=\"_self\" >Lire La Suite\u2026<\/a><\/div><\/div>\n<div class=\" pt-cv-content-item pt-cv-1-col\" ><div class=\"pt-cv-taxoterm above_title\"><a href='https:\/\/bibliotheque-sfpe-at.com\/index.php\/category\/auteurs\/lustin-jean-jacques\/' title='Lustin Jean-Jacques' class='pt-cv-tax-lustin-jean-jacques'>Lustin Jean-Jacques<\/a><\/div>\n<h4 class=\"pt-cv-title\"><a href=\"https:\/\/bibliotheque-sfpe-at.com\/index.php\/2025\/12\/27\/psychoses-infantiles-et-creativite\/\" class=\"_self\" target=\"_self\" >Psychoses infantiles et cr\u00e9ativit\u00e9<\/a><\/h4>\n<div class=\"pt-cv-content\">L&rsquo;auteur, \u00e0 travers 6 observations d&rsquo;enfants autistes ou psychotiques, montre le danger qu&rsquo;l y a \u00e0 se laisser fasciner par une production artistique qui, en deuxi\u00e8me analyse s&rsquo;av\u00e8re inutilisable en psychoth\u00e9rapie et d\u00e9tourne l&rsquo;attention du th\u00e9rapeute de l&rsquo;important. Pour lire le texte complet s&rsquo;inscrire ou &#8230;<\/div>\n<div class=\"pt-cv-rmwrap\"><a href=\"https:\/\/bibliotheque-sfpe-at.com\/index.php\/2025\/12\/27\/psychoses-infantiles-et-creativite\/\" class=\"_self pt-cv-readmore btn btn-success\" target=\"_self\" >Lire La Suite\u2026<\/a><\/div><\/div><\/div><\/div> <\/div> <style>\n\n#pt-cv-view-3i0h7lt2 .pt-cv-meta-fields {  }#pt-cv-view-3i0h7lt2 .pt-cv-meta-fields * { font-size: 13px; }#pt-cv-view-3i0h7lt2 .pt-cv-thumb-wrapper:not(.miniwrap) {  }#pt-cv-view-3i0h7lt2 .pt-cv-thumbnail:not(.pt-cv-thumbnailsm) { height: 250px; }#pt-cv-view-3i0h7lt2 .pt-cv-title a { display: block;color: #a83838; }#pt-cv-view-3i0h7lt2 .pt-cv-title:not(.pt-cv-titlesm) a { font-weight: 600;text-decoration: none;font-size: 20px; }#pt-cv-view-3i0h7lt2 .pt-cv-titlesm a { font-weight: 600;font-size: 18px; }#pt-cv-view-3i0h7lt2 .pt-cv-content { font-size: 12px; }#pt-cv-view-3i0h7lt2 .pt-cv-rmwrap {  }#pt-cv-view-3i0h7lt2 .pt-cv-readmore { color: #951a1a;background-color: #ffffff00;font-style: italic;font-size: 12px; }#pt-cv-view-3i0h7lt2 .pt-cv-taxoterm {  }#pt-cv-view-3i0h7lt2 .pt-cv-taxoterm * { color: #9badb7;background-color: #f5f0f057;border-style: solid;font-size: 14px;border-width: 1.5px 1.5px 1.5px 1.5px;border-radius: 8px 8px 8px 8px; }#pt-cv-view-3i0h7lt2 + .pt-cv-pagination-wrapper {  }#pt-cv-view-3i0h7lt2 + .pt-cv-pagination-wrapper a { font-size: 14px; }#pt-cv-view-3i0h7lt2 > .pt-cv-page {grid-template-columns: repeat(4, 1fr);grid-gap: 13px;}\n@media all and (max-width: 1024px) { \n#pt-cv-view-3i0h7lt2 > .pt-cv-page {}\n} \n@media all and (max-width: 767px) { \n#pt-cv-view-3i0h7lt2 > .pt-cv-page {grid-template-columns: repeat(1, 1fr);}\n} <\/style>\n\n\n<div style=\"height:54px\" aria-hidden=\"true\" class=\"wp-block-spacer\"><\/div>\n\n\n\n<div class=\"wp-block-buttons is-content-justification-center is-layout-flex wp-container-core-buttons-is-layout-a89b3969 wp-block-buttons-is-layout-flex\">\n<div class=\"wp-block-button\"><a class=\"wp-block-button__link has-vivid-red-background-color has-background has-small-font-size has-custom-font-size wp-element-button\" href=\"\/index.php\/1980-1995-expression-et-signe-parait-dans-la-revue-psychologie-medicale\/\">&lt;&#8211; retour<\/a><\/div>\n<\/div>\n","protected":false},"excerpt":{"rendered":"","protected":false},"author":2,"featured_media":6365,"comment_status":"closed","ping_status":"open","sticky":false,"template":"","format":"standard","meta":{"pmpro_default_level":"","ngg_post_thumbnail":0,"footnotes":""},"categories":[1],"tags":[1295],"class_list":["post-6364","post","type-post","status-publish","format-standard","has-post-thumbnail","hentry","category-non-classe","tag-1980-1995","pmpro-has-access"],"_links":{"self":[{"href":"https:\/\/bibliotheque-sfpe-at.com\/index.php\/wp-json\/wp\/v2\/posts\/6364","targetHints":{"allow":["GET"]}}],"collection":[{"href":"https:\/\/bibliotheque-sfpe-at.com\/index.php\/wp-json\/wp\/v2\/posts"}],"about":[{"href":"https:\/\/bibliotheque-sfpe-at.com\/index.php\/wp-json\/wp\/v2\/types\/post"}],"author":[{"embeddable":true,"href":"https:\/\/bibliotheque-sfpe-at.com\/index.php\/wp-json\/wp\/v2\/users\/2"}],"replies":[{"embeddable":true,"href":"https:\/\/bibliotheque-sfpe-at.com\/index.php\/wp-json\/wp\/v2\/comments?post=6364"}],"version-history":[{"count":3,"href":"https:\/\/bibliotheque-sfpe-at.com\/index.php\/wp-json\/wp\/v2\/posts\/6364\/revisions"}],"predecessor-version":[{"id":6609,"href":"https:\/\/bibliotheque-sfpe-at.com\/index.php\/wp-json\/wp\/v2\/posts\/6364\/revisions\/6609"}],"wp:featuredmedia":[{"embeddable":true,"href":"https:\/\/bibliotheque-sfpe-at.com\/index.php\/wp-json\/wp\/v2\/media\/6365"}],"wp:attachment":[{"href":"https:\/\/bibliotheque-sfpe-at.com\/index.php\/wp-json\/wp\/v2\/media?parent=6364"}],"wp:term":[{"taxonomy":"category","embeddable":true,"href":"https:\/\/bibliotheque-sfpe-at.com\/index.php\/wp-json\/wp\/v2\/categories?post=6364"},{"taxonomy":"post_tag","embeddable":true,"href":"https:\/\/bibliotheque-sfpe-at.com\/index.php\/wp-json\/wp\/v2\/tags?post=6364"}],"curies":[{"name":"wp","href":"https:\/\/api.w.org\/{rel}","templated":true}]}}