{"id":6367,"date":"2025-12-27T17:13:55","date_gmt":"2025-12-27T16:13:55","guid":{"rendered":"https:\/\/bibliotheque-sfpe-at.com\/?p=6367"},"modified":"2025-12-27T18:39:10","modified_gmt":"2025-12-27T17:39:10","slug":"introduction-est-il-possible-de-creer-dans-linstitution-psychiatrique-actuelle","status":"publish","type":"post","link":"https:\/\/bibliotheque-sfpe-at.com\/index.php\/2025\/12\/27\/introduction-est-il-possible-de-creer-dans-linstitution-psychiatrique-actuelle\/","title":{"rendered":"Introduction. Est-il possible de cr\u00e9er dans l\u2019institution psychiatrique actuelle\u00a0?"},"content":{"rendered":"\n<div class=\"wp-block-columns is-layout-flex wp-container-core-columns-is-layout-28f84493 wp-block-columns-is-layout-flex\">\n<div class=\"wp-block-column is-layout-flow wp-block-column-is-layout-flow\" style=\"flex-basis:66.66%\">\n<p class=\"has-text-align-left\"><\/p>\n\n\n\n<p class=\"has-text-align-left\">EN 1937, Sylvain FUSCO, schizophr\u00e8ne autistique, mutique, cr\u00e9e en 18 mois une \u0153uvre remarquable, soutenu par l&rsquo;int\u00e9r\u00eat passionn\u00e9 de son th\u00e9rapeute, le docteur REQUET.<br>Le pouvoir cr\u00e9ateur des malades est-il respect\u00e9 actuellement malgr\u00e9 ou gr\u00e2ce aux techniques psychiatriques ?<\/p>\n\n\n\n<p class=\"has-text-align-left\">Le 4 mai 1979, s&rsquo;est tenue \u00e0 Lyon sous l&rsquo;\u00e9gide de l&rsquo;Association Lyonnaise pour la Recherche psychologique sur l&rsquo;Art et la Cr\u00e9ativit\u00e9 et des Laboratoires DELAGRANGE une journ\u00e9e d&rsquo;\u00e9tudes ayant pour but de poser la question : qu&rsquo;en est-il des possibilit\u00e9s de cr\u00e9ation dans l&rsquo;institution psychiatrique actuelle ? et d&rsquo;essayer dans une certaine mesure d&rsquo;apporter des \u00e9l\u00e9ments de r\u00e9ponse. Cette manifestation faisait suite \u00e0 une exposition ouverte au grand public, de l&rsquo;\u0153uvre du peintre Sylvain FUSCO\u2026<\/p>\n\n\n\n<p class=\"has-text-align-left\"><\/p>\n\n\n\n<p class=\"has-text-align-left\"><\/p>\n\n\n\n<p class=\"has-text-color has-link-color wp-elements-0c5dd61414d2cb4c88e3596780dedeb0\" style=\"color:#2753a5\"><strong><em>Pour lire le texte complet <a href=\"\/index.php\/options-dinscription\/\"><mark style=\"background-color:rgba(0, 0, 0, 0)\" class=\"has-inline-color has-vivid-cyan-blue-color\">s&rsquo;inscrire<\/mark><\/a> ou <a href=\"\/index.php\/my-account\/edit-account\/\"><mark style=\"background-color:rgba(0, 0, 0, 0)\" class=\"has-inline-color has-vivid-cyan-blue-color\">se connecter<\/mark><\/a><\/em><\/strong><\/p>\n\n\n\n\n\n<div style=\"height:100px\" aria-hidden=\"true\" class=\"wp-block-spacer\"><\/div>\n\n\n\n<div class=\"wp-block-buttons is-content-justification-center is-layout-flex wp-container-core-buttons-is-layout-a89b3969 wp-block-buttons-is-layout-flex\">\n<div class=\"wp-block-button is-style-fill\"><a class=\"wp-block-button__link has-vivid-red-background-color has-background has-small-font-size has-custom-font-size wp-element-button\" href=\"https:\/\/bibliotheque-sfpe-at.com\/index.php\/2025\/12\/27\/1980-psychologie-medicale\/\">&lt;&#8211;retour<\/a><\/div>\n<\/div>\n<\/div>\n\n\n\n<div class=\"wp-block-column is-layout-flow wp-block-column-is-layout-flow\" style=\"flex-basis:33.33%\">\n<figure class=\"wp-block-table\"><table class=\"has-background\" style=\"background-color:#f8f2f2\"><thead><tr><th><mark class=\"has-inline-color has-vivid-red-color\" style=\"background-color: rgba(0, 0, 0, 0);\"><strong>Auteur<\/strong><\/mark><\/th><\/tr><\/thead><tbody><tr><td><strong>Lemoine Patrick<\/strong><\/td><\/tr><\/tbody><\/table><\/figure>\n\n\n\n<figure class=\"wp-block-table\"><table><thead><tr><th><mark class=\"has-inline-color has-vivid-red-color\" style=\"background-color: rgba(0, 0, 0, 0);\"><strong>R\u00e9f\u00e9rence<\/strong><\/mark><\/th><\/tr><\/thead><tbody><tr><td><strong>RB-011980-01<\/strong><br>Art et cr\u00e9ativit\u00e9 dans l&rsquo;institution psychiatrique, Lyon, Vinatier, 1979<\/td><\/tr><\/tbody><\/table><\/figure>\n\n\n\n<figure class=\"wp-block-table\"><table><thead><tr><th><mark class=\"has-inline-color has-vivid-red-color\" style=\"background-color: rgba(0, 0, 0, 0);\"><strong>Cat\u00e9gories<\/strong><\/mark><\/th><\/tr><\/thead><tbody><tr><td>Art<br>Psychiatrie<br>\u00c9tude de cas<\/td><\/tr><\/tbody><\/table><\/figure>\n<\/div>\n<\/div>\n\n\n\n<p><\/p>\n","protected":false},"excerpt":{"rendered":"<p>EN 1937, Sylvain FUSCO, schizophr\u00e8ne autistique, mutique, cr\u00e9e en 18 mois une \u0153uvre remarquable, soutenu par l&rsquo;int\u00e9r\u00eat passionn\u00e9 de son th\u00e9rapeute, le docteur REQUET.Le pouvoir cr\u00e9ateur des malades est-il respect\u00e9 actuellement malgr\u00e9 ou gr\u00e2ce aux techniques psychiatriques ? Le 4 mai 1979, s&rsquo;est tenue \u00e0 Lyon sous l&rsquo;\u00e9gide de l&rsquo;Association&hellip;<\/p>\n","protected":false},"author":2,"featured_media":0,"comment_status":"closed","ping_status":"open","sticky":false,"template":"","format":"standard","meta":{"pmpro_default_level":"","ngg_post_thumbnail":0,"footnotes":""},"categories":[1248],"tags":[483,493,574,1250,1262],"class_list":["post-6367","post","type-post","status-publish","format-standard","hentry","category-lemoine-patrick","tag-art","tag-cas-clinique","tag-psychiatrie","tag-psychologie-medicale-1980","tag-rb-011980-01","pmpro-has-access"],"_links":{"self":[{"href":"https:\/\/bibliotheque-sfpe-at.com\/index.php\/wp-json\/wp\/v2\/posts\/6367","targetHints":{"allow":["GET"]}}],"collection":[{"href":"https:\/\/bibliotheque-sfpe-at.com\/index.php\/wp-json\/wp\/v2\/posts"}],"about":[{"href":"https:\/\/bibliotheque-sfpe-at.com\/index.php\/wp-json\/wp\/v2\/types\/post"}],"author":[{"embeddable":true,"href":"https:\/\/bibliotheque-sfpe-at.com\/index.php\/wp-json\/wp\/v2\/users\/2"}],"replies":[{"embeddable":true,"href":"https:\/\/bibliotheque-sfpe-at.com\/index.php\/wp-json\/wp\/v2\/comments?post=6367"}],"version-history":[{"count":2,"href":"https:\/\/bibliotheque-sfpe-at.com\/index.php\/wp-json\/wp\/v2\/posts\/6367\/revisions"}],"predecessor-version":[{"id":6383,"href":"https:\/\/bibliotheque-sfpe-at.com\/index.php\/wp-json\/wp\/v2\/posts\/6367\/revisions\/6383"}],"wp:attachment":[{"href":"https:\/\/bibliotheque-sfpe-at.com\/index.php\/wp-json\/wp\/v2\/media?parent=6367"}],"wp:term":[{"taxonomy":"category","embeddable":true,"href":"https:\/\/bibliotheque-sfpe-at.com\/index.php\/wp-json\/wp\/v2\/categories?post=6367"},{"taxonomy":"post_tag","embeddable":true,"href":"https:\/\/bibliotheque-sfpe-at.com\/index.php\/wp-json\/wp\/v2\/tags?post=6367"}],"curies":[{"name":"wp","href":"https:\/\/api.w.org\/{rel}","templated":true}]}}