{"id":6392,"date":"2025-12-27T18:16:05","date_gmt":"2025-12-27T17:16:05","guid":{"rendered":"https:\/\/bibliotheque-sfpe-at.com\/?p=6392"},"modified":"2025-12-27T18:39:53","modified_gmt":"2025-12-27T17:39:53","slug":"les-annees-folles-de-sylvain-fusco","status":"publish","type":"post","link":"https:\/\/bibliotheque-sfpe-at.com\/index.php\/2025\/12\/27\/les-annees-folles-de-sylvain-fusco\/","title":{"rendered":"Les ann\u00e9es folles de Sylvain Fusco"},"content":{"rendered":"\n<div class=\"wp-block-columns is-layout-flex wp-container-core-columns-is-layout-28f84493 wp-block-columns-is-layout-flex\">\n<div class=\"wp-block-column is-layout-flow wp-block-column-is-layout-flow\" style=\"flex-basis:66.66%\">\n<p class=\"has-text-align-left\"><\/p>\n\n\n\n<p class=\"has-text-align-left\">Je n&rsquo;ai pas \u00e0 pr\u00e9senter le Docteur REQUET et pourtant j&rsquo;aurais aim\u00e9 le faire car c&rsquo;est la premi\u00e8re fois que cela m&rsquo;arrive et je n&rsquo;ai jamais eu l&rsquo;occasion de lui dire publiquement toute mon admiration et mon estime pour son \u0153uvre de psychiatre. Pour nous \u00e0 l&rsquo;H\u00f4pital du Vinatier, il reste le mod\u00e8le du psychiatre, de celui qui sait d\u00e9couvrir ce qu&rsquo;il y a d&rsquo;humain, de richesse, de cr\u00e9ateur chez un patient et c&rsquo;est absolument fondamental.<\/p>\n\n\n\n<p>L&rsquo;auteur relate le destin tragique de Sylvain FUSCO, catatonique artistique qui brusquement a produit une \u0153uvre artistique remarquable comme dans une esp\u00e8ce de r\u00e9surrection psychique, peut-\u00eatre gr\u00e2ce \u00e0 la seule pr\u00e9sence attentive de son th\u00e9rapeute.<\/p>\n\n\n\n<p class=\"has-text-align-left\"><\/p>\n\n\n\n<p class=\"has-text-align-left\"><\/p>\n\n\n\n<p class=\"has-text-align-left\"><\/p>\n\n\n\n<p class=\"has-text-color has-link-color wp-elements-0c5dd61414d2cb4c88e3596780dedeb0\" style=\"color:#2753a5\"><strong><em>Pour lire le texte complet <a href=\"\/index.php\/options-dinscription\/\"><mark style=\"background-color:rgba(0, 0, 0, 0)\" class=\"has-inline-color has-vivid-cyan-blue-color\">s&rsquo;inscrire<\/mark><\/a> ou <a href=\"\/index.php\/my-account\/edit-account\/\"><mark style=\"background-color:rgba(0, 0, 0, 0)\" class=\"has-inline-color has-vivid-cyan-blue-color\">se connecter<\/mark><\/a><\/em><\/strong><\/p>\n\n\n\n\n\n<div style=\"height:100px\" aria-hidden=\"true\" class=\"wp-block-spacer\"><\/div>\n\n\n\n<div class=\"wp-block-buttons is-content-justification-center is-layout-flex wp-container-core-buttons-is-layout-a89b3969 wp-block-buttons-is-layout-flex\">\n<div class=\"wp-block-button is-style-fill\"><a class=\"wp-block-button__link has-vivid-red-background-color has-background has-small-font-size has-custom-font-size wp-element-button\" href=\"https:\/\/bibliotheque-sfpe-at.com\/index.php\/2025\/12\/27\/1980-psychologie-medicale\/\">&lt;&#8211;retour<\/a><\/div>\n<\/div>\n<\/div>\n\n\n\n<div class=\"wp-block-column is-layout-flow wp-block-column-is-layout-flow\" style=\"flex-basis:33.33%\">\n<figure class=\"wp-block-table\"><table class=\"has-background\" style=\"background-color:#f8f2f2\"><thead><tr><th><mark class=\"has-inline-color has-vivid-red-color\" style=\"background-color: rgba(0, 0, 0, 0);\"><strong>Auteur<\/strong><\/mark><\/th><\/tr><\/thead><tbody><tr><td><strong>Requet Andr\u00e9<\/strong><\/td><\/tr><\/tbody><\/table><\/figure>\n\n\n\n<figure class=\"wp-block-table\"><table><thead><tr><th><mark class=\"has-inline-color has-vivid-red-color\" style=\"background-color: rgba(0, 0, 0, 0);\"><strong>R\u00e9f\u00e9rence<\/strong><\/mark><\/th><\/tr><\/thead><tbody><tr><td><strong>RB-011980-06<\/strong><br>Art et cr\u00e9ativit\u00e9 dans l&rsquo;institution psychiatrique, Lyon, Vinatier, 1979<\/td><\/tr><\/tbody><\/table><\/figure>\n\n\n\n<figure class=\"wp-block-table\"><table><thead><tr><th><mark class=\"has-inline-color has-vivid-red-color\" style=\"background-color: rgba(0, 0, 0, 0);\"><strong>Cat\u00e9gories<\/strong><\/mark><\/th><\/tr><\/thead><tbody><tr><td>Psychiatrie<br>Psychopathologie de l\u2019expression<br>Peinture<br>Cas clinique<\/td><\/tr><\/tbody><\/table><\/figure>\n<\/div>\n<\/div>\n\n\n\n<p><\/p>\n","protected":false},"excerpt":{"rendered":"<p>Je n&rsquo;ai pas \u00e0 pr\u00e9senter le Docteur REQUET et pourtant j&rsquo;aurais aim\u00e9 le faire car c&rsquo;est la premi\u00e8re fois que cela m&rsquo;arrive et je n&rsquo;ai jamais eu l&rsquo;occasion de lui dire publiquement toute mon admiration et mon estime pour son \u0153uvre de psychiatre. Pour nous \u00e0 l&rsquo;H\u00f4pital du Vinatier, il&hellip;<\/p>\n","protected":false},"author":2,"featured_media":0,"comment_status":"closed","ping_status":"open","sticky":false,"template":"","format":"standard","meta":{"pmpro_default_level":"","ngg_post_thumbnail":0,"footnotes":""},"categories":[1256],"tags":[493,484,574,1250,488,1267],"class_list":["post-6392","post","type-post","status-publish","format-standard","hentry","category-requet-andre","tag-cas-clinique","tag-peinture","tag-psychiatrie","tag-psychologie-medicale-1980","tag-psychopathologie-de-lexpression","tag-rb-011980-06","pmpro-has-access"],"_links":{"self":[{"href":"https:\/\/bibliotheque-sfpe-at.com\/index.php\/wp-json\/wp\/v2\/posts\/6392","targetHints":{"allow":["GET"]}}],"collection":[{"href":"https:\/\/bibliotheque-sfpe-at.com\/index.php\/wp-json\/wp\/v2\/posts"}],"about":[{"href":"https:\/\/bibliotheque-sfpe-at.com\/index.php\/wp-json\/wp\/v2\/types\/post"}],"author":[{"embeddable":true,"href":"https:\/\/bibliotheque-sfpe-at.com\/index.php\/wp-json\/wp\/v2\/users\/2"}],"replies":[{"embeddable":true,"href":"https:\/\/bibliotheque-sfpe-at.com\/index.php\/wp-json\/wp\/v2\/comments?post=6392"}],"version-history":[{"count":1,"href":"https:\/\/bibliotheque-sfpe-at.com\/index.php\/wp-json\/wp\/v2\/posts\/6392\/revisions"}],"predecessor-version":[{"id":6393,"href":"https:\/\/bibliotheque-sfpe-at.com\/index.php\/wp-json\/wp\/v2\/posts\/6392\/revisions\/6393"}],"wp:attachment":[{"href":"https:\/\/bibliotheque-sfpe-at.com\/index.php\/wp-json\/wp\/v2\/media?parent=6392"}],"wp:term":[{"taxonomy":"category","embeddable":true,"href":"https:\/\/bibliotheque-sfpe-at.com\/index.php\/wp-json\/wp\/v2\/categories?post=6392"},{"taxonomy":"post_tag","embeddable":true,"href":"https:\/\/bibliotheque-sfpe-at.com\/index.php\/wp-json\/wp\/v2\/tags?post=6392"}],"curies":[{"name":"wp","href":"https:\/\/api.w.org\/{rel}","templated":true}]}}