{"id":6405,"date":"2026-01-02T18:29:57","date_gmt":"2026-01-02T17:29:57","guid":{"rendered":"https:\/\/bibliotheque-sfpe-at.com\/?p=6405"},"modified":"2026-04-21T13:54:21","modified_gmt":"2026-04-21T11:54:21","slug":"1981-psychologie-medicale","status":"publish","type":"post","link":"https:\/\/bibliotheque-sfpe-at.com\/index.php\/2026\/01\/02\/1981-psychologie-medicale\/","title":{"rendered":"1981 Psychologie M\u00e9dicale"},"content":{"rendered":"<div class=\"wp-block-image\">\n<figure class=\"aligncenter size-large is-resized\"><a href=\"https:\/\/bibliotheque-sfpe-at.com\/wp-content\/uploads\/2026\/01\/RB-1981-Couverture.jpg\"><img loading=\"lazy\" decoding=\"async\" width=\"792\" height=\"1024\" src=\"https:\/\/bibliotheque-sfpe-at.com\/wp-content\/uploads\/2026\/01\/RB-1981-Couverture-792x1024.jpg\" alt=\"\" class=\"wp-image-6406\" style=\"width:350px\" srcset=\"https:\/\/bibliotheque-sfpe-at.com\/wp-content\/uploads\/2026\/01\/RB-1981-Couverture-792x1024.jpg 792w, https:\/\/bibliotheque-sfpe-at.com\/wp-content\/uploads\/2026\/01\/RB-1981-Couverture-232x300.jpg 232w, https:\/\/bibliotheque-sfpe-at.com\/wp-content\/uploads\/2026\/01\/RB-1981-Couverture-768x993.jpg 768w, https:\/\/bibliotheque-sfpe-at.com\/wp-content\/uploads\/2026\/01\/RB-1981-Couverture-263x340.jpg 263w, https:\/\/bibliotheque-sfpe-at.com\/wp-content\/uploads\/2026\/01\/RB-1981-Couverture-464x600.jpg 464w, https:\/\/bibliotheque-sfpe-at.com\/wp-content\/uploads\/2026\/01\/RB-1981-Couverture-600x776.jpg 600w, https:\/\/bibliotheque-sfpe-at.com\/wp-content\/uploads\/2026\/01\/RB-1981-Couverture.jpg 928w\" sizes=\"auto, (max-width: 792px) 100vw, 792px\" \/><\/a><\/figure>\n<\/div>\n\n\n<p><\/p>\n\n\n<div class='pt-cv-wrapper'> <div class=\"pt-cv-view pt-cv-blockgrid iscvblock iscvreal grid1 layout2 cveffect-zoomin\" id=\"pt-cv-view-3i0h7lt2\"><div data-id=\"pt-cv-page-1\" class=\"pt-cv-page\" data-cvc=\"4\"><div class=\" pt-cv-content-item pt-cv-1-col\" ><div class=\"pt-cv-taxoterm above_title\"><a href='https:\/\/bibliotheque-sfpe-at.com\/index.php\/category\/auteurs\/chervet-bernard\/' title='Chervet Bernard' class='pt-cv-tax-chervet-bernard'>Chervet Bernard<\/a><\/div>\n<h4 class=\"pt-cv-title\"><a href=\"https:\/\/bibliotheque-sfpe-at.com\/index.php\/2026\/01\/02\/un-art-tant-ferme-loracle\/\" class=\"_self\" target=\"_self\" >Un art tant ferm\u00e9\u00a0: l\u2019oracle<\/a><\/h4>\n<div class=\"pt-cv-content\">L&rsquo;oracle appara\u00eet comme un texte \u00e0 lecture unique, une croyance infinie ; mais celle-ci se limite elle-m\u00eame des multiples autres possibles. Les contes de E T A. Hoffmann, les histoires de E. A. Poe. les mythes t\u00e9moignent de l&rsquo;art oraculaire comme ordonnance de la pulsion &#8230;<\/div>\n<div class=\"pt-cv-rmwrap\"><a href=\"https:\/\/bibliotheque-sfpe-at.com\/index.php\/2026\/01\/02\/un-art-tant-ferme-loracle\/\" class=\"_self pt-cv-readmore btn btn-success\" target=\"_self\" >Lire La Suite\u2026<\/a><\/div><\/div>\n<div class=\" pt-cv-content-item pt-cv-1-col\" ><div class=\"pt-cv-taxoterm above_title\"><a href='https:\/\/bibliotheque-sfpe-at.com\/index.php\/category\/auteurs\/hardouin-fugier-elisabeth\/' title='Hardouin-Fugier Elisabeth' class='pt-cv-tax-hardouin-fugier-elisabeth'>Hardouin-Fugier Elisabeth<\/a><\/div>\n<h4 class=\"pt-cv-title\"><a href=\"https:\/\/bibliotheque-sfpe-at.com\/index.php\/2026\/01\/02\/le-theme-de-lenfermement-dans-le-poeme-de-lame-1835-1881-par-janmot\/\" class=\"_self\" target=\"_self\" >Le th\u00e8me de l\u2019enfermement dans le Po\u00e8me de l\u2019\u00c2me (1835-1881) par Janmot<\/a><\/h4>\n<div class=\"pt-cv-content\">Une des sources majeures du Po\u00e8me de l\u2019\u00c2me est la doctrine illuministe, selon laquelle le corps est une prison de l\u2019\u00e2me, primitivement cr\u00e9\u00e9e pour vivre dans l&rsquo;intemporalit\u00e9 c\u00e9leste. Cette id\u00e9e sous-jacente \u00e0 de nombreux vers du Po\u00e8me de l\u2019\u00c2me est pr\u00e9sente dans plusieurs des tableaux &#8230;<\/div>\n<div class=\"pt-cv-rmwrap\"><a href=\"https:\/\/bibliotheque-sfpe-at.com\/index.php\/2026\/01\/02\/le-theme-de-lenfermement-dans-le-poeme-de-lame-1835-1881-par-janmot\/\" class=\"_self pt-cv-readmore btn btn-success\" target=\"_self\" >Lire La Suite\u2026<\/a><\/div><\/div>\n<div class=\" pt-cv-content-item pt-cv-1-col\" ><div class=\"pt-cv-taxoterm above_title\"><a href='https:\/\/bibliotheque-sfpe-at.com\/index.php\/category\/auteurs\/chartier-didier\/' title='Chartier Didier' class='pt-cv-tax-chartier-didier'>Chartier Didier<\/a><\/div>\n<h4 class=\"pt-cv-title\"><a href=\"https:\/\/bibliotheque-sfpe-at.com\/index.php\/2026\/01\/02\/la-place-de-lart-dans-le-champ-de-la-psychotherapie\/\" class=\"_self\" target=\"_self\" >La place de l\u2019art dans le champ de la psychoth\u00e9rapie<\/a><\/h4>\n<div class=\"pt-cv-content\">L&rsquo;introduction dans le cadre d&rsquo;un processus psychoth\u00e9rapique ou de ce cadre par un jeu de transgression des structures qui enrichit les psychanalytique du ph\u00e9nom\u00e8ne artistique entra\u00eene une modification espaces de communication. . Pour lire le texte complet s&rsquo;inscrire ou se connecter Lire le texte complet &#8230;<\/div>\n<div class=\"pt-cv-rmwrap\"><a href=\"https:\/\/bibliotheque-sfpe-at.com\/index.php\/2026\/01\/02\/la-place-de-lart-dans-le-champ-de-la-psychotherapie\/\" class=\"_self pt-cv-readmore btn btn-success\" target=\"_self\" >Lire La Suite\u2026<\/a><\/div><\/div>\n<div class=\" pt-cv-content-item pt-cv-1-col\" ><div class=\"pt-cv-taxoterm above_title\"><a href='https:\/\/bibliotheque-sfpe-at.com\/index.php\/category\/auteurs\/chemama-steiner-beatrice\/' title='Chemama-Steiner B\u00e9atrice' class='pt-cv-tax-chemama-steiner-beatrice'>Chemama-Steiner B\u00e9atrice<\/a><\/div>\n<h4 class=\"pt-cv-title\"><a href=\"https:\/\/bibliotheque-sfpe-at.com\/index.php\/2026\/01\/02\/la-seduction-infernale\/\" class=\"_self\" target=\"_self\" >La s\u00e9duction infernale<\/a><\/h4>\n<div class=\"pt-cv-content\">S\u00e9duit par le leurre dans le trompe l&rsquo;\u0153il du peintre, le psychoth\u00e9rapeute perd-il sa fonction ? L&rsquo;art fait miroiter tout l&rsquo;artifice imaginaire et rejoue quelque chose de l&rsquo;exp\u00e9rience fondatrice du Moi (Stade du Miroir). C\u2019est \u00e0 partir de ce pr\u00e9-texte \u00e0 la parole que s&rsquo;instaure &#8230;<\/div>\n<div class=\"pt-cv-rmwrap\"><a href=\"https:\/\/bibliotheque-sfpe-at.com\/index.php\/2026\/01\/02\/la-seduction-infernale\/\" class=\"_self pt-cv-readmore btn btn-success\" target=\"_self\" >Lire La Suite\u2026<\/a><\/div><\/div>\n<div class=\" pt-cv-content-item pt-cv-1-col\" ><div class=\"pt-cv-taxoterm above_title\"><a href='https:\/\/bibliotheque-sfpe-at.com\/index.php\/category\/auteurs\/clero-claude\/' title='Clero Claude' class='pt-cv-tax-clero-claude'>Clero Claude<\/a><\/div>\n<h4 class=\"pt-cv-title\"><a href=\"https:\/\/bibliotheque-sfpe-at.com\/index.php\/2026\/01\/02\/formation-pratique-et-psychopedagogie-des-educateurs\/\" class=\"_self\" target=\"_self\" >Formation pratique et psychop\u00e9dagogie des \u00e9ducateurs<\/a><\/h4>\n<div class=\"pt-cv-content\">Le parti pris consiste \u00e0 ne pas vouloir traiter de \u00ab\u00a0l&rsquo;Art\u00a0\u00bb mais d&rsquo;un aspect focalis\u00e9 de la pratique plastique comme \u00e9l\u00e9ment d\u00e9clencheurou facilitateur pour la formation et la transformation de l\u2019individu, des enfants et des adultes institutionnellement charg\u00e9s de leur \u00e9ducation. Pour lire le texte &#8230;<\/div>\n<div class=\"pt-cv-rmwrap\"><a href=\"https:\/\/bibliotheque-sfpe-at.com\/index.php\/2026\/01\/02\/formation-pratique-et-psychopedagogie-des-educateurs\/\" class=\"_self pt-cv-readmore btn btn-success\" target=\"_self\" >Lire La Suite\u2026<\/a><\/div><\/div>\n<div class=\" pt-cv-content-item pt-cv-1-col\" ><div class=\"pt-cv-taxoterm above_title\"><a href='https:\/\/bibliotheque-sfpe-at.com\/index.php\/category\/auteurs\/cohen-jacques\/' title='Cohen Jacques' class='pt-cv-tax-cohen-jacques'>Cohen Jacques<\/a><\/div>\n<h4 class=\"pt-cv-title\"><a href=\"https:\/\/bibliotheque-sfpe-at.com\/index.php\/2026\/01\/02\/problematiques-des-arts-plastiques-en-1980-et-problematiques-actuelles-de-leur-enseignement\/\" class=\"_self\" target=\"_self\" >Probl\u00e9matiques des arts plastiques en 1980 et probl\u00e9matiques actuelles de leur enseignement<\/a><\/h4>\n<div class=\"pt-cv-content\">Critique de la \u201cConscience\u00a0\u00bb consid\u00e9r\u00e9e comme lieu fictif de r\u00e9solution sp\u00e9culaire de la disjonction sujet\/objet. Cette r\u00e9solution du deux en trois produit une unit\u00e9 imaginaire : celle du \u00ab\u00a0Sujet\u00a0\u00bb, r\u00e9f\u00e9rence originaire du \u00ab\u00a0Sens\u00a0\u00bb.A partir de certaines \u0153uvres de Marcel Duchamp (pris comme initiateur de l&rsquo;art &#8230;<\/div>\n<div class=\"pt-cv-rmwrap\"><a href=\"https:\/\/bibliotheque-sfpe-at.com\/index.php\/2026\/01\/02\/problematiques-des-arts-plastiques-en-1980-et-problematiques-actuelles-de-leur-enseignement\/\" class=\"_self pt-cv-readmore btn btn-success\" target=\"_self\" >Lire La Suite\u2026<\/a><\/div><\/div>\n<div class=\" pt-cv-content-item pt-cv-1-col\" ><div class=\"pt-cv-taxoterm above_title\"><a href='https:\/\/bibliotheque-sfpe-at.com\/index.php\/category\/auteurs\/gid-raymond\/' title='Gid Raymond' class='pt-cv-tax-gid-raymond'>Gid Raymond<\/a><\/div>\n<h4 class=\"pt-cv-title\"><a href=\"https:\/\/bibliotheque-sfpe-at.com\/index.php\/2026\/01\/02\/pour-un-dialogue-dessin-dessin-avec-le-patient\/\" class=\"_self\" target=\"_self\" >Pour un dialogue dessin-dessin avec le patient<\/a><\/h4>\n<div class=\"pt-cv-content\">Le dessin, m\u00e9talangage, appelle le dialogue et le dialogue par dessin.Ici. quelques exemples v\u00e9cus \u00e0 l&rsquo;Institut Marcel Rivi\u00e8re, (service du Dr. Garrab\u00e9) : une \u00ab\u00a0complicit\u00e9\u00a0\u00bb qui se voudrait \u00ab\u00a0soignante\u00a0\u00bb dans le dialogue inconscient des signes.On a, dans cette rencontre, beaucoup parl\u00e9 d&rsquo;ART. encore que sa &#8230;<\/div>\n<div class=\"pt-cv-rmwrap\"><a href=\"https:\/\/bibliotheque-sfpe-at.com\/index.php\/2026\/01\/02\/pour-un-dialogue-dessin-dessin-avec-le-patient\/\" class=\"_self pt-cv-readmore btn btn-success\" target=\"_self\" >Lire La Suite\u2026<\/a><\/div><\/div>\n<div class=\" pt-cv-content-item pt-cv-1-col\" ><div class=\"pt-cv-taxoterm above_title\"><a href='https:\/\/bibliotheque-sfpe-at.com\/index.php\/category\/auteurs\/this-claude\/' title='This Claude' class='pt-cv-tax-this-claude'>This Claude<\/a><\/div>\n<h4 class=\"pt-cv-title\"><a href=\"https:\/\/bibliotheque-sfpe-at.com\/index.php\/2026\/01\/02\/lart-et-la-psychanalyse-au-noeud-dune-meme-question\/\" class=\"_self\" target=\"_self\" >L\u2019art et la psychanalyse au n\u0153ud d\u2019une m\u00eame question.\u00a0<\/a><\/h4>\n<div class=\"pt-cv-content\">\u00c0 propos de la nouvelle de Marguerite Yourcenar \u00ab\u00a0Comment Wang-F\u00f4 fut sauv\u00e9\u00a0\u00bb Art et psychanalyse exigent les scansions de la coupure quand celle-ci s&rsquo;exerce dans l&rsquo;ordre symbolique La nouvelle de Marguerite Yourcenar : \u201cComment Wang-F\u00f4 fut sauv\u00e9\u201d, met en sc\u00e8ne l&rsquo;impasse o\u00f9. dans l\u2019\u0153uvre peinte &#8230;<\/div>\n<div class=\"pt-cv-rmwrap\"><a href=\"https:\/\/bibliotheque-sfpe-at.com\/index.php\/2026\/01\/02\/lart-et-la-psychanalyse-au-noeud-dune-meme-question\/\" class=\"_self pt-cv-readmore btn btn-success\" target=\"_self\" >Lire La Suite\u2026<\/a><\/div><\/div>\n<div class=\" pt-cv-content-item pt-cv-1-col\" ><div class=\"pt-cv-taxoterm above_title\"><a href='https:\/\/bibliotheque-sfpe-at.com\/index.php\/category\/auteurs\/vermeersch-pierre\/' title='Vermeersch Pierre' class='pt-cv-tax-vermeersch-pierre'>Vermeersch Pierre<\/a><\/div>\n<h4 class=\"pt-cv-title\"><a href=\"https:\/\/bibliotheque-sfpe-at.com\/index.php\/2026\/01\/02\/reflexion-psychanalytique-sur-la-pedagogie-de-lart-en-milieu-scolaire\/\" class=\"_self\" target=\"_self\" >R\u00e9flexion psychanalytique sur la p\u00e9dagogie de l\u2019art en milieu scolaire<\/a><\/h4>\n<div class=\"pt-cv-content\">A partir d&rsquo;une analyse de la production artistique, la cr\u00e9ation est oppos\u00e9e \u00e0 la transmission du savoir, dans une reprise de la distinction freudienne entre id\u00e9alisation et sublimationL&rsquo;aporie d&rsquo;un enseignement de l&rsquo;Art engage le professeur \u00e0 s&rsquo;orienter dans sa pratique, pour ouvrir \u00e0 l&rsquo;\u00e9l\u00e8ve un &#8230;<\/div>\n<div class=\"pt-cv-rmwrap\"><a href=\"https:\/\/bibliotheque-sfpe-at.com\/index.php\/2026\/01\/02\/reflexion-psychanalytique-sur-la-pedagogie-de-lart-en-milieu-scolaire\/\" class=\"_self pt-cv-readmore btn btn-success\" target=\"_self\" >Lire La Suite\u2026<\/a><\/div><\/div>\n<div class=\" pt-cv-content-item pt-cv-1-col\" ><div class=\"pt-cv-taxoterm above_title\"><a href='https:\/\/bibliotheque-sfpe-at.com\/index.php\/category\/auteurs\/wallon-philippe\/' title='Wallon Philippe' class='pt-cv-tax-wallon-philippe'>Wallon Philippe<\/a><\/div>\n<h4 class=\"pt-cv-title\"><a href=\"https:\/\/bibliotheque-sfpe-at.com\/index.php\/2026\/01\/02\/influence-de-lapprentissage-et-du-copiage-sur-levolution-du-trace-du-dessin-denfant\/\" class=\"_self\" target=\"_self\" >Influence de l\u2019apprentissage et du copiage sur l\u2019\u00e9volution du trac\u00e9 du dessin d\u2019enfant<\/a><\/h4>\n<div class=\"pt-cv-content\">A partir d&rsquo;un ensemble de recherches sur le dessin spontan\u00e9 d&rsquo;animal chez l&rsquo;entant, l&rsquo;auteur tente de montrer l&rsquo;incidence \u00e9ventuelle de l\u2019apprentissage et du copiage sur r\u00e9volution graphique du dessin de l&rsquo;enfant. Si des caract\u00e8res sp\u00e9cifiques des dessins appris et copi\u00e9spermettent dans l&rsquo;ensemble de les reconna\u00eetre, &#8230;<\/div>\n<div class=\"pt-cv-rmwrap\"><a href=\"https:\/\/bibliotheque-sfpe-at.com\/index.php\/2026\/01\/02\/influence-de-lapprentissage-et-du-copiage-sur-levolution-du-trace-du-dessin-denfant\/\" class=\"_self pt-cv-readmore btn btn-success\" target=\"_self\" >Lire La Suite\u2026<\/a><\/div><\/div>\n<div class=\" pt-cv-content-item pt-cv-1-col\" ><div class=\"pt-cv-taxoterm above_title\"><a href='https:\/\/bibliotheque-sfpe-at.com\/index.php\/category\/auteurs\/breitenbach-nancy\/' title='Breitenbach Nancy' class='pt-cv-tax-breitenbach-nancy'>Breitenbach Nancy<\/a><\/div>\n<h4 class=\"pt-cv-title\"><a href=\"https:\/\/bibliotheque-sfpe-at.com\/index.php\/2026\/01\/02\/le-maquillage-et-le-miroir\/\" class=\"_self\" target=\"_self\" >Le maquillage et le miroir<\/a><\/h4>\n<div class=\"pt-cv-content\">Une exp\u00e9rience introduisant des s\u00e9ances de maquillage libre dans un h\u00f4pital psychiatrique de jour pendant trois mois a permis de suivre 11 enfants malades et leurs r\u00e9actions face \u00e0 cette activit\u00e9.L&rsquo;envie de se maquiller correspond \u00e0 un d\u00e9sir profond : se voir en face. Les &#8230;<\/div>\n<div class=\"pt-cv-rmwrap\"><a href=\"https:\/\/bibliotheque-sfpe-at.com\/index.php\/2026\/01\/02\/le-maquillage-et-le-miroir\/\" class=\"_self pt-cv-readmore btn btn-success\" target=\"_self\" >Lire La Suite\u2026<\/a><\/div><\/div>\n<div class=\" pt-cv-content-item pt-cv-1-col\" ><div class=\"pt-cv-taxoterm above_title\"><a href='https:\/\/bibliotheque-sfpe-at.com\/index.php\/category\/auteurs\/roux-guy\/' title='Roux Guy' class='pt-cv-tax-roux-guy'>Roux Guy<\/a><\/div>\n<h4 class=\"pt-cv-title\"><a href=\"https:\/\/bibliotheque-sfpe-at.com\/index.php\/2026\/01\/02\/dessin-fini-esquisses-inachevement\/\" class=\"_self\" target=\"_self\" >Dessin fini, esquisses, inach\u00e8vement<\/a><\/h4>\n<div class=\"pt-cv-content\">L &lsquo;esquisse, qui g\u00e9n\u00e9ralement annonce un tableau plus \u00e9labor\u00e9. repr\u00e9sente parfois un mode d&rsquo;expression habituelle, notamment chez certains schizophr\u00e8nes qui dans quelques occasions r\u00e9alisent des dessins achev\u00e9s dont la coexistence avec les \u00e9bauches est \u00e9voqu\u00e9e dans trois observations. Pour lire le texte complet s&rsquo;inscrire ou &#8230;<\/div>\n<div class=\"pt-cv-rmwrap\"><a href=\"https:\/\/bibliotheque-sfpe-at.com\/index.php\/2026\/01\/02\/dessin-fini-esquisses-inachevement\/\" class=\"_self pt-cv-readmore btn btn-success\" target=\"_self\" >Lire La Suite\u2026<\/a><\/div><\/div><\/div><\/div> <\/div> <style>\n\n#pt-cv-view-3i0h7lt2 .pt-cv-meta-fields {  }#pt-cv-view-3i0h7lt2 .pt-cv-meta-fields * { font-size: 13px; }#pt-cv-view-3i0h7lt2 .pt-cv-thumb-wrapper:not(.miniwrap) {  }#pt-cv-view-3i0h7lt2 .pt-cv-thumbnail:not(.pt-cv-thumbnailsm) { height: 250px; }#pt-cv-view-3i0h7lt2 .pt-cv-title a { display: block;color: #a83838; }#pt-cv-view-3i0h7lt2 .pt-cv-title:not(.pt-cv-titlesm) a { font-weight: 600;text-decoration: none;font-size: 20px; }#pt-cv-view-3i0h7lt2 .pt-cv-titlesm a { font-weight: 600;font-size: 18px; }#pt-cv-view-3i0h7lt2 .pt-cv-content { font-size: 12px; }#pt-cv-view-3i0h7lt2 .pt-cv-rmwrap {  }#pt-cv-view-3i0h7lt2 .pt-cv-readmore { color: #951a1a;background-color: #ffffff00;font-style: italic;font-size: 12px; }#pt-cv-view-3i0h7lt2 .pt-cv-taxoterm {  }#pt-cv-view-3i0h7lt2 .pt-cv-taxoterm * { color: #9badb7;background-color: #f5f0f057;border-style: solid;font-size: 14px;border-width: 1.5px 1.5px 1.5px 1.5px;border-radius: 8px 8px 8px 8px; }#pt-cv-view-3i0h7lt2 + .pt-cv-pagination-wrapper {  }#pt-cv-view-3i0h7lt2 + .pt-cv-pagination-wrapper a { font-size: 14px; }#pt-cv-view-3i0h7lt2 > .pt-cv-page {grid-template-columns: repeat(4, 1fr);grid-gap: 13px;}\n@media all and (max-width: 1024px) { \n#pt-cv-view-3i0h7lt2 > .pt-cv-page {}\n} \n@media all and (max-width: 767px) { \n#pt-cv-view-3i0h7lt2 > .pt-cv-page {grid-template-columns: repeat(1, 1fr);}\n} <\/style>\n\n\n<div style=\"height:54px\" aria-hidden=\"true\" class=\"wp-block-spacer\"><\/div>\n\n\n\n<div class=\"wp-block-buttons is-content-justification-center is-layout-flex wp-container-core-buttons-is-layout-a89b3969 wp-block-buttons-is-layout-flex\">\n<div class=\"wp-block-button\"><a class=\"wp-block-button__link has-vivid-red-background-color has-background has-small-font-size has-custom-font-size wp-element-button\" href=\"\/index.php\/1980-1995-expression-et-signe-parait-dans-la-revue-psychologie-medicale\/\">&lt;&#8211; retour<\/a><\/div>\n<\/div>\n","protected":false},"excerpt":{"rendered":"","protected":false},"author":2,"featured_media":6406,"comment_status":"closed","ping_status":"open","sticky":false,"template":"","format":"standard","meta":{"pmpro_default_level":"","ngg_post_thumbnail":0,"footnotes":""},"categories":[1],"tags":[1295],"class_list":["post-6405","post","type-post","status-publish","format-standard","has-post-thumbnail","hentry","category-non-classe","tag-1980-1995","pmpro-has-access"],"_links":{"self":[{"href":"https:\/\/bibliotheque-sfpe-at.com\/index.php\/wp-json\/wp\/v2\/posts\/6405","targetHints":{"allow":["GET"]}}],"collection":[{"href":"https:\/\/bibliotheque-sfpe-at.com\/index.php\/wp-json\/wp\/v2\/posts"}],"about":[{"href":"https:\/\/bibliotheque-sfpe-at.com\/index.php\/wp-json\/wp\/v2\/types\/post"}],"author":[{"embeddable":true,"href":"https:\/\/bibliotheque-sfpe-at.com\/index.php\/wp-json\/wp\/v2\/users\/2"}],"replies":[{"embeddable":true,"href":"https:\/\/bibliotheque-sfpe-at.com\/index.php\/wp-json\/wp\/v2\/comments?post=6405"}],"version-history":[{"count":3,"href":"https:\/\/bibliotheque-sfpe-at.com\/index.php\/wp-json\/wp\/v2\/posts\/6405\/revisions"}],"predecessor-version":[{"id":6608,"href":"https:\/\/bibliotheque-sfpe-at.com\/index.php\/wp-json\/wp\/v2\/posts\/6405\/revisions\/6608"}],"wp:featuredmedia":[{"embeddable":true,"href":"https:\/\/bibliotheque-sfpe-at.com\/index.php\/wp-json\/wp\/v2\/media\/6406"}],"wp:attachment":[{"href":"https:\/\/bibliotheque-sfpe-at.com\/index.php\/wp-json\/wp\/v2\/media?parent=6405"}],"wp:term":[{"taxonomy":"category","embeddable":true,"href":"https:\/\/bibliotheque-sfpe-at.com\/index.php\/wp-json\/wp\/v2\/categories?post=6405"},{"taxonomy":"post_tag","embeddable":true,"href":"https:\/\/bibliotheque-sfpe-at.com\/index.php\/wp-json\/wp\/v2\/tags?post=6405"}],"curies":[{"name":"wp","href":"https:\/\/api.w.org\/{rel}","templated":true}]}}