{"id":820,"date":"2022-04-28T13:02:16","date_gmt":"2022-04-28T11:02:16","guid":{"rendered":"https:\/\/sfpe-at.com\/?p=820"},"modified":"2025-01-19T19:47:05","modified_gmt":"2025-01-19T18:47:05","slug":"creer-au-bord-du-vide","status":"publish","type":"post","link":"https:\/\/bibliotheque-sfpe-at.com\/index.php\/2022\/04\/28\/creer-au-bord-du-vide\/","title":{"rendered":"Garouste : Cr\u00e9er au bord du vide"},"content":{"rendered":"\n<div class=\"wp-block-columns is-layout-flex wp-container-core-columns-is-layout-28f84493 wp-block-columns-is-layout-flex\">\n<div class=\"wp-block-column is-layout-flow wp-block-column-is-layout-flow\" style=\"flex-basis:66.66%\"><\/div>\n\n\n\n<div class=\"wp-block-column is-layout-flow wp-block-column-is-layout-flow\" style=\"flex-basis:33.33%\"><\/div>\n<\/div>\n\n\n\n<div class=\"wp-block-columns is-layout-flex wp-container-core-columns-is-layout-28f84493 wp-block-columns-is-layout-flex\">\n<div class=\"wp-block-column is-layout-flow wp-block-column-is-layout-flow\" style=\"flex-basis:66.66%\">\n<p>Dans <em>L<\/em>\u2019<em>Intranquille<\/em>, un roman autobiographique, G\u00e9rard Garouste met en doute l\u2019id\u00e9e selon laquelle l\u2019art aurait un lien avec la folie, en se fondant sur son exp\u00e9rience de cr\u00e9ateur et son impossibilit\u00e9 \u00e0 cr\u00e9er dans ses p\u00e9riodes de d\u00e9lire.<\/p>\n\n\n\n<p>Partant de ce constat, nous tenterons de penser le r\u00f4le de l\u2019alternance entre mesure et d\u00e9mesure, radicalis\u00e9e ici par la maladie bipolaire de l\u2019artiste, dans la dynamique du processus cr\u00e9ateur et dans ses impasses.<\/p>\n\n\n\n<p>Dans ses toiles, tour \u00e0 tour inqui\u00e9tantes et joyeuses, peupl\u00e9es d\u2019animaux et de personnages fantastiques inspir\u00e9s de la Bible, de la culture populaire, des textes de Cervant\u00e8s et de Rabelais, l\u2019artiste t\u00e9moigne de sa pr\u00e9occupation constante pour l\u2019origine et le chaos \u00e0 la naissance de l\u2019art.<\/p>\n\n\n\n<p><strong><em>Pour lire le texte complet <a href=\"\/index.php\/options-dinscription\/\"><mark style=\"background-color:rgba(0, 0, 0, 0)\" class=\"has-inline-color has-vivid-cyan-blue-color\">s&rsquo;inscrire<\/mark><\/a> ou <a href=\"\/index.php\/my-account\/edit-account\/\"><mark style=\"background-color:rgba(0, 0, 0, 0)\" class=\"has-inline-color has-vivid-cyan-blue-color\">se connecter<\/mark><\/a><\/em><\/strong><\/p>\n\n\n\n\n\n<div style=\"height:100px\" aria-hidden=\"true\" class=\"wp-block-spacer\"><\/div>\n\n\n\n<div class=\"wp-block-buttons is-content-justification-center is-layout-flex wp-container-core-buttons-is-layout-a89b3969 wp-block-buttons-is-layout-flex\">\n<div class=\"wp-block-button has-custom-font-size has-small-font-size\"><a class=\"wp-block-button__link has-vivid-red-background-color has-background wp-element-button\" href=\"https:\/\/bibliotheque-sfpe-at.com\/index.php\/2022\/11\/03\/mesure-et-demesure\/\">&lt;&#8211; retour<\/a><\/div>\n<\/div>\n<\/div>\n\n\n\n<div class=\"wp-block-column is-layout-flow wp-block-column-is-layout-flow\" style=\"flex-basis:33.33%\">\n<figure class=\"wp-block-table\"><table class=\"has-background\" style=\"background-color:#f8f2f2\"><thead><tr><th><mark class=\"has-inline-color has-vivid-red-color\" style=\"background-color: rgba(0, 0, 0, 0);\"><strong>Auteur<\/strong><\/mark><\/th><\/tr><\/thead><tbody><tr><td><p><strong>Suzanne Ferri<\/strong><strong>\u00e8<\/strong><strong>res-Pesturea<\/strong><\/p><\/td><\/tr><\/tbody><\/table><\/figure>\n\n\n\n<figure class=\"wp-block-table\"><table><thead><tr><th><mark class=\"has-inline-color has-vivid-red-color\" style=\"background-color: rgba(0, 0, 0, 0);\"><strong>R\u00e9f\u00e9rence<\/strong><\/mark><\/th><\/tr><\/thead><tbody><tr><td><strong>RA019-03<\/strong><br><strong>Mesure D\u00e9mesure<\/strong><br>Journ\u00e9es d\u2019Automne 2022<\/td><\/tr><\/tbody><\/table><\/figure>\n\n\n\n<figure class=\"wp-block-table\"><table><thead><tr><th><mark class=\"has-inline-color has-vivid-red-color\" style=\"background-color: rgba(0, 0, 0, 0);\"><strong>Cat\u00e9gories<\/strong><\/mark><\/th><\/tr><\/thead><tbody><tr><td>Art<br>Mus\u00e9e\/exposition<br>Peinture<br>Psychopathologie de l\u2019expression<br>R\u00eave<\/td><\/tr><\/tbody><\/table><\/figure>\n<\/div>\n<\/div>\n","protected":false},"excerpt":{"rendered":"<p>Dans L\u2019Intranquille, un roman autobiographique, G\u00e9rard Garouste met en doute l\u2019id\u00e9e selon laquelle l\u2019art aurait un lien avec la folie, en se fondant sur son exp\u00e9rience de cr\u00e9ateur et son impossibilit\u00e9 \u00e0 cr\u00e9er dans ses p\u00e9riodes de d\u00e9lire. Partant de ce constat, nous tenterons de penser le r\u00f4le de l\u2019alternance&hellip;<\/p>\n","protected":false},"author":2,"featured_media":0,"comment_status":"closed","ping_status":"open","sticky":false,"template":"","format":"standard","meta":{"pmpro_default_level":"","ngg_post_thumbnail":0,"footnotes":""},"categories":[141],"tags":[483,25,571,484,488,49,645],"class_list":["post-820","post","type-post","status-publish","format-standard","hentry","category-ferrieres-pestureau-suzanne","tag-art","tag-mesure-demesure","tag-musees-expositions-spectacles","tag-peinture","tag-psychopathologie-de-lexpression","tag-ra019-03","tag-reve","pmpro-has-access"],"_links":{"self":[{"href":"https:\/\/bibliotheque-sfpe-at.com\/index.php\/wp-json\/wp\/v2\/posts\/820","targetHints":{"allow":["GET"]}}],"collection":[{"href":"https:\/\/bibliotheque-sfpe-at.com\/index.php\/wp-json\/wp\/v2\/posts"}],"about":[{"href":"https:\/\/bibliotheque-sfpe-at.com\/index.php\/wp-json\/wp\/v2\/types\/post"}],"author":[{"embeddable":true,"href":"https:\/\/bibliotheque-sfpe-at.com\/index.php\/wp-json\/wp\/v2\/users\/2"}],"replies":[{"embeddable":true,"href":"https:\/\/bibliotheque-sfpe-at.com\/index.php\/wp-json\/wp\/v2\/comments?post=820"}],"version-history":[{"count":19,"href":"https:\/\/bibliotheque-sfpe-at.com\/index.php\/wp-json\/wp\/v2\/posts\/820\/revisions"}],"predecessor-version":[{"id":3187,"href":"https:\/\/bibliotheque-sfpe-at.com\/index.php\/wp-json\/wp\/v2\/posts\/820\/revisions\/3187"}],"wp:attachment":[{"href":"https:\/\/bibliotheque-sfpe-at.com\/index.php\/wp-json\/wp\/v2\/media?parent=820"}],"wp:term":[{"taxonomy":"category","embeddable":true,"href":"https:\/\/bibliotheque-sfpe-at.com\/index.php\/wp-json\/wp\/v2\/categories?post=820"},{"taxonomy":"post_tag","embeddable":true,"href":"https:\/\/bibliotheque-sfpe-at.com\/index.php\/wp-json\/wp\/v2\/tags?post=820"}],"curies":[{"name":"wp","href":"https:\/\/api.w.org\/{rel}","templated":true}]}}