{"id":908,"date":"2024-04-24T13:15:41","date_gmt":"2024-04-24T11:15:41","guid":{"rendered":"https:\/\/sfpe-at.com\/?p=908"},"modified":"2024-04-25T16:26:23","modified_gmt":"2024-04-25T14:26:23","slug":"espace-therapeutique-et-tierceite-de-la-fiction-theatrale","status":"publish","type":"post","link":"https:\/\/bibliotheque-sfpe-at.com\/index.php\/2024\/04\/24\/espace-therapeutique-et-tierceite-de-la-fiction-theatrale\/","title":{"rendered":"Espace th\u00e9rapeutique et tierc\u00e9it\u00e9 de la fiction th\u00e9\u00e2trale"},"content":{"rendered":"\n<div class=\"wp-block-columns is-layout-flex wp-container-core-columns-is-layout-28f84493 wp-block-columns-is-layout-flex\">\n<div class=\"wp-block-column is-layout-flow wp-block-column-is-layout-flow\" style=\"flex-basis:66.66%\"><\/div>\n\n\n\n<div class=\"wp-block-column is-layout-flow wp-block-column-is-layout-flow\" style=\"flex-basis:33.33%\"><\/div>\n<\/div>\n\n\n\n<div class=\"wp-block-columns is-layout-flex wp-container-core-columns-is-layout-28f84493 wp-block-columns-is-layout-flex\">\n<div class=\"wp-block-column is-layout-flow wp-block-column-is-layout-flow\" style=\"flex-basis:66.66%\">\n<p>C\u2019est \u00e0 Charles Sanders Peirce 2 que nous<br>devons ce terme de \u00ab tierc\u00e9it\u00e9 \u00bb. Dans son<br>\u00e9laboration philosophique d\u2019une pens\u00e9e<br>s\u00e9miotique, il a cherch\u00e9 \u00e0 d\u00e9finir dans le cadre<br>d\u2019une th\u00e9orie g\u00e9n\u00e9rale, trois<br>cat\u00e9goriesn\u00e9cessaires et suffisantes pour rendre<br>compte de toute l\u2019exp\u00e9rience humaine : la<br>prim\u00e9it\u00e9 qui correspond \u00e0 la vie \u00e9motionnelle,<br>la second\u00e9it\u00e9, \u00e0 la vie pratique et la tierc\u00e9it\u00e9 qui<br>est la cat\u00e9gorie par excellence de la<br>repr\u00e9sentation, de la m\u00e9diation, de la pens\u00e9e,<br>du langage, et qui permet la communication et<br>correspond \u00e0 la vie intellectuelle.<br>C\u2019est donc \u00e0 cette derni\u00e8re cat\u00e9gorie que je<br>m\u2019arr\u00eaterai, non dans les termes propres \u00e0 la<br>s\u00e9miotique, mais bien plut\u00f4t sous l\u2019angle de la<br>fonction tierce de la culture, du r\u00e9pertoire<br>th\u00e9\u00e2tral tel que je l\u2019ai utilis\u00e9 lorsque j\u2019ai cr\u00e9\u00e9<br>une compagnie th\u00e9\u00e2trale dans le cadre de ma<br>pratique hospitali\u00e8re aupr\u00e8s de patients<br>psychotiques durant une quinzaine d\u2019ann\u00e9es.<\/p>\n\n\n\n<div class=\"wp-block-buttons is-content-justification-center is-layout-flex wp-container-core-buttons-is-layout-a89b3969 wp-block-buttons-is-layout-flex\">\n<div class=\"wp-block-button has-custom-font-size has-small-font-size\"><a class=\"wp-block-button__link has-vivid-red-background-color has-background wp-element-button\" href=\"javascript:window.history.back();\">&lt;&#8211; retour<\/a><\/div>\n<\/div>\n<\/div>\n\n\n\n<div class=\"wp-block-column is-layout-flow wp-block-column-is-layout-flow\" style=\"flex-basis:33.33%\">\n<figure class=\"wp-block-table\"><table class=\"has-background\" style=\"background-color:#f8f2f2\"><thead><tr><th><mark style=\"background-color:rgba(0, 0, 0, 0)\" class=\"has-inline-color has-vivid-red-color\"><strong>Auteur<\/strong><\/mark><\/th><\/tr><\/thead><tbody><tr><td><strong>Irina Katz-Mazilu<\/strong><br>artiste plasticienne,<br>art-th\u00e9rapeute<br><a href=\"mailto:irinakatzmazilu@gmail.com\">irinakatzmazilu@gmail.com<\/a><\/td><\/tr><\/tbody><\/table><\/figure>\n\n\n\n<figure class=\"wp-block-table\"><table><thead><tr><th><mark style=\"background-color:rgba(0, 0, 0, 0)\" class=\"has-inline-color has-vivid-red-color\"><strong>R\u00e9f\u00e9rence<\/strong><\/mark><\/th><\/tr><\/thead><tbody><tr><td><strong>RA-001<\/strong><br><strong>Mesure D\u00e9mesure<\/strong><br>Journ\u00e9es d\u2019Automne 2022<\/td><\/tr><\/tbody><\/table><\/figure>\n\n\n\n<figure class=\"wp-block-table\"><table><thead><tr><th><mark style=\"background-color:rgba(0, 0, 0, 0)\" class=\"has-inline-color has-vivid-red-color\"><strong>Cat\u00e9gories<\/strong><\/mark><\/th><\/tr><\/thead><tbody><tr><td>art-th\u00e9rapie, psychologie, cin\u00e9ma, musique<\/td><\/tr><\/tbody><\/table><\/figure>\n\n\n\n<figure class=\"wp-block-table\"><table><thead><tr><th><mark style=\"background-color:rgba(0, 0, 0, 0)\" class=\"has-inline-color has-vivid-red-color\"><strong>Noms propres<\/strong><\/mark><\/th><\/tr><\/thead><tbody><tr><td>Duchamp M., Herg\u00e9, Caravage M., Sadoul N.<\/td><\/tr><\/tbody><\/table><\/figure>\n\n\n\n<figure class=\"wp-block-table\"><table><thead><tr><th><mark style=\"background-color:rgba(0, 0, 0, 0)\" class=\"has-inline-color has-vivid-red-color\"><strong>Lire l&rsquo;article complet<\/strong><\/mark><\/th><\/tr><\/thead><tbody><tr><td><\/td><\/tr><\/tbody><\/table><\/figure>\n<\/div>\n<\/div>\n","protected":false},"excerpt":{"rendered":"<p>C\u2019est \u00e0 Charles Sanders Peirce 2 que nousdevons ce terme de \u00ab tierc\u00e9it\u00e9 \u00bb. Dans son\u00e9laboration philosophique d\u2019une pens\u00e9es\u00e9miotique, il a cherch\u00e9 \u00e0 d\u00e9finir dans le cadred\u2019une th\u00e9orie g\u00e9n\u00e9rale, troiscat\u00e9goriesn\u00e9cessaires et suffisantes pour rendrecompte de toute l\u2019exp\u00e9rience humaine : laprim\u00e9it\u00e9 qui correspond \u00e0 la vie \u00e9motionnelle,la second\u00e9it\u00e9, \u00e0 la vie&hellip;<\/p>\n","protected":false},"author":2,"featured_media":0,"comment_status":"closed","ping_status":"open","sticky":false,"template":"","format":"standard","meta":{"pmpro_default_level":"","ngg_post_thumbnail":0,"footnotes":""},"categories":[35],"tags":[36],"class_list":["post-908","post","type-post","status-publish","format-standard","hentry","category-patricia-attigui","tag-article-original","pmpro-has-access"],"_links":{"self":[{"href":"https:\/\/bibliotheque-sfpe-at.com\/index.php\/wp-json\/wp\/v2\/posts\/908","targetHints":{"allow":["GET"]}}],"collection":[{"href":"https:\/\/bibliotheque-sfpe-at.com\/index.php\/wp-json\/wp\/v2\/posts"}],"about":[{"href":"https:\/\/bibliotheque-sfpe-at.com\/index.php\/wp-json\/wp\/v2\/types\/post"}],"author":[{"embeddable":true,"href":"https:\/\/bibliotheque-sfpe-at.com\/index.php\/wp-json\/wp\/v2\/users\/2"}],"replies":[{"embeddable":true,"href":"https:\/\/bibliotheque-sfpe-at.com\/index.php\/wp-json\/wp\/v2\/comments?post=908"}],"version-history":[{"count":6,"href":"https:\/\/bibliotheque-sfpe-at.com\/index.php\/wp-json\/wp\/v2\/posts\/908\/revisions"}],"predecessor-version":[{"id":932,"href":"https:\/\/bibliotheque-sfpe-at.com\/index.php\/wp-json\/wp\/v2\/posts\/908\/revisions\/932"}],"wp:attachment":[{"href":"https:\/\/bibliotheque-sfpe-at.com\/index.php\/wp-json\/wp\/v2\/media?parent=908"}],"wp:term":[{"taxonomy":"category","embeddable":true,"href":"https:\/\/bibliotheque-sfpe-at.com\/index.php\/wp-json\/wp\/v2\/categories?post=908"},{"taxonomy":"post_tag","embeddable":true,"href":"https:\/\/bibliotheque-sfpe-at.com\/index.php\/wp-json\/wp\/v2\/tags?post=908"}],"curies":[{"name":"wp","href":"https:\/\/api.w.org\/{rel}","templated":true}]}}