{"id":949,"date":"2022-04-02T11:56:36","date_gmt":"2022-04-02T09:56:36","guid":{"rendered":"https:\/\/sfpe-at.com\/?p=949"},"modified":"2025-01-23T19:04:37","modified_gmt":"2025-01-23T18:04:37","slug":"tout-evenement-est-demesure-2","status":"publish","type":"post","link":"https:\/\/bibliotheque-sfpe-at.com\/index.php\/2022\/04\/02\/tout-evenement-est-demesure-2\/","title":{"rendered":"Tout \u00e9v\u00e9nement est d\u00e9mesure\u00a0!"},"content":{"rendered":"\n<div class=\"wp-block-columns is-layout-flex wp-container-core-columns-is-layout-28f84493 wp-block-columns-is-layout-flex\">\n<div class=\"wp-block-column is-layout-flow wp-block-column-is-layout-flow\" style=\"flex-basis:66.66%\"><\/div>\n\n\n\n<div class=\"wp-block-column is-layout-flow wp-block-column-is-layout-flow\" style=\"flex-basis:33.33%\"><\/div>\n<\/div>\n\n\n\n<div class=\"wp-block-columns is-layout-flex wp-container-core-columns-is-layout-28f84493 wp-block-columns-is-layout-flex\">\n<div class=\"wp-block-column is-layout-flow wp-block-column-is-layout-flow\" style=\"flex-basis:66.66%\">\n<p>Les dualismes (fini-infini, mesure-d\u00e9mesure) sont tous relatifs aux sciences de la nature, et la suppression de ces dualismes est moins une conqu\u00eate de la pens\u00e9e moderne qu\u2019une conqu\u00eate contemporaine de la constitution de la science et qui se trouve d\u00e9j\u00e0 express\u00e9ment dans Descartes.<\/p>\n\n\n\n<p>L\u2019\u00e9v\u00e9nement est toujours un plus pour les penseurs grecs antiques&nbsp;; un \u00e9v\u00e9nement, c\u2019est ce qui d\u00e9passe&nbsp;: hybris. Les \u00e9v\u00e9nements les plus essentiels que sont la naissance et la mort ont \u00e9t\u00e9 les plus analys\u00e9s puisqu\u2019ils constituent les deux p\u00f4les extr\u00eames du vivant sans lesquels rien n\u2019arrive.<\/p>\n\n\n\n<p>Depuis Descartes, il appara\u00eet qu\u2019un ph\u00e9nom\u00e8ne physique est un ph\u00e9nom\u00e8ne envisag\u00e9 uniquement dans l\u2019espace math\u00e9matique ou directement math\u00e9matisable, c\u2019est-\u00e0-dire dans l\u2019espace de l\u2019objectivation. C\u2019est dans la r\u00e8gle&nbsp;14, l\u00e0 o\u00f9 Descartes d\u00e9finit la notion de \u00ab dimension \u00bb, de mesure, qu\u2019est op\u00e9r\u00e9e une v\u00e9ritable rupture \u00e9pist\u00e9mologique et surtout existentielle.<\/p>\n\n\n\n<p><strong><em>Pour lire le texte complet <a href=\"\/index.php\/options-dinscription\/\"><mark style=\"background-color:rgba(0, 0, 0, 0)\" class=\"has-inline-color has-vivid-cyan-blue-color\">s&rsquo;inscrire<\/mark><\/a> ou <a href=\"\/index.php\/my-account\/edit-account\/\"><mark style=\"background-color:rgba(0, 0, 0, 0)\" class=\"has-inline-color has-vivid-cyan-blue-color\">se connecter<\/mark><\/a><\/em><\/strong><\/p>\n\n\n\n\n\n<div style=\"height:100px\" aria-hidden=\"true\" class=\"wp-block-spacer\"><\/div>\n\n\n\n<div class=\"wp-block-buttons is-content-justification-center is-layout-flex wp-container-core-buttons-is-layout-a89b3969 wp-block-buttons-is-layout-flex\">\n<div class=\"wp-block-button has-custom-font-size has-small-font-size\"><a class=\"wp-block-button__link has-vivid-red-background-color has-background wp-element-button\" href=\"https:\/\/bibliotheque-sfpe-at.com\/index.php\/2022\/11\/03\/mesure-et-demesure\/\">&lt;&#8211; retour<\/a><\/div>\n<\/div>\n<\/div>\n\n\n\n<div class=\"wp-block-column is-layout-flow wp-block-column-is-layout-flow\" style=\"flex-basis:33.33%\">\n<figure class=\"wp-block-table\"><table class=\"has-background\" style=\"background-color:#f8f2f2\"><thead><tr><th><mark class=\"has-inline-color has-vivid-red-color\" style=\"background-color: rgba(0, 0, 0, 0);\"><strong>Auteur<\/strong><\/mark><\/th><\/tr><\/thead><tbody><tr><td><p><strong>Bernard Rigaud<\/strong><\/p><\/td><\/tr><\/tbody><\/table><\/figure>\n\n\n\n<figure class=\"wp-block-table\"><table><thead><tr><th><mark class=\"has-inline-color has-vivid-red-color\" style=\"background-color: rgba(0, 0, 0, 0);\"><strong>R\u00e9f\u00e9rence<\/strong><\/mark><\/th><\/tr><\/thead><tbody><tr><td><strong>RA019-02<\/strong><br><strong>Mesure D\u00e9mesure<\/strong><br>Journ\u00e9es d\u2019Automne 2022<\/td><\/tr><\/tbody><\/table><\/figure>\n\n\n\n<figure class=\"wp-block-table\"><table><thead><tr><th><mark class=\"has-inline-color has-vivid-red-color\" style=\"background-color: rgba(0, 0, 0, 0);\"><strong>Cat\u00e9gories<\/strong><\/mark><\/th><\/tr><\/thead><tbody><tr><td>Art<br>Ph\u00e9nom\u00e9nologie<br>Philosophie<br>Po\u00e9sie<br>Psychiatrie<\/td><\/tr><\/tbody><\/table><\/figure>\n<\/div>\n<\/div>\n","protected":false},"excerpt":{"rendered":"<p>Les dualismes (fini-infini, mesure-d\u00e9mesure) sont tous relatifs aux sciences de la nature, et la suppression de ces dualismes est moins une conqu\u00eate de la pens\u00e9e moderne qu\u2019une conqu\u00eate contemporaine de la constitution de la science et qui se trouve d\u00e9j\u00e0 express\u00e9ment dans Descartes. L\u2019\u00e9v\u00e9nement est toujours un plus pour les&hellip;<\/p>\n","protected":false},"author":2,"featured_media":0,"comment_status":"closed","ping_status":"open","sticky":false,"template":"","format":"standard","meta":{"pmpro_default_level":"","ngg_post_thumbnail":0,"footnotes":""},"categories":[401],"tags":[483,25,486,487,496,574,51],"class_list":["post-949","post","type-post","status-publish","format-standard","hentry","category-rigaud-bernard","tag-art","tag-mesure-demesure","tag-phenomenologie","tag-philosophie","tag-poesie","tag-psychiatrie","tag-ra019-02","pmpro-has-access"],"_links":{"self":[{"href":"https:\/\/bibliotheque-sfpe-at.com\/index.php\/wp-json\/wp\/v2\/posts\/949","targetHints":{"allow":["GET"]}}],"collection":[{"href":"https:\/\/bibliotheque-sfpe-at.com\/index.php\/wp-json\/wp\/v2\/posts"}],"about":[{"href":"https:\/\/bibliotheque-sfpe-at.com\/index.php\/wp-json\/wp\/v2\/types\/post"}],"author":[{"embeddable":true,"href":"https:\/\/bibliotheque-sfpe-at.com\/index.php\/wp-json\/wp\/v2\/users\/2"}],"replies":[{"embeddable":true,"href":"https:\/\/bibliotheque-sfpe-at.com\/index.php\/wp-json\/wp\/v2\/comments?post=949"}],"version-history":[{"count":4,"href":"https:\/\/bibliotheque-sfpe-at.com\/index.php\/wp-json\/wp\/v2\/posts\/949\/revisions"}],"predecessor-version":[{"id":3652,"href":"https:\/\/bibliotheque-sfpe-at.com\/index.php\/wp-json\/wp\/v2\/posts\/949\/revisions\/3652"}],"wp:attachment":[{"href":"https:\/\/bibliotheque-sfpe-at.com\/index.php\/wp-json\/wp\/v2\/media?parent=949"}],"wp:term":[{"taxonomy":"category","embeddable":true,"href":"https:\/\/bibliotheque-sfpe-at.com\/index.php\/wp-json\/wp\/v2\/categories?post=949"},{"taxonomy":"post_tag","embeddable":true,"href":"https:\/\/bibliotheque-sfpe-at.com\/index.php\/wp-json\/wp\/v2\/tags?post=949"}],"curies":[{"name":"wp","href":"https:\/\/api.w.org\/{rel}","templated":true}]}}