{"id":987,"date":"2019-05-14T21:32:17","date_gmt":"2019-05-14T19:32:17","guid":{"rendered":"https:\/\/sfpe-at.com\/?p=987"},"modified":"2025-03-09T14:22:52","modified_gmt":"2025-03-09T13:22:52","slug":"le-rouge-criant-de-la-violence-vitale","status":"publish","type":"post","link":"https:\/\/bibliotheque-sfpe-at.com\/index.php\/2019\/05\/14\/le-rouge-criant-de-la-violence-vitale\/","title":{"rendered":"Le rouge criant de la violence vitale"},"content":{"rendered":"\n<div class=\"wp-block-columns is-layout-flex wp-container-core-columns-is-layout-28f84493 wp-block-columns-is-layout-flex\">\n<div class=\"wp-block-column is-layout-flow wp-block-column-is-layout-flow\" style=\"flex-basis:66.66%\"><\/div>\n\n\n\n<div class=\"wp-block-column is-layout-flow wp-block-column-is-layout-flow\" style=\"flex-basis:33.33%\"><\/div>\n<\/div>\n\n\n\n<div class=\"wp-block-columns is-layout-flex wp-container-core-columns-is-layout-28f84493 wp-block-columns-is-layout-flex\">\n<div class=\"wp-block-column is-layout-flow wp-block-column-is-layout-flow\" style=\"flex-basis:66.66%\">\n<p>Le rouge criant au noir et au blanc est le marqueur originaire de la peinture exprimant avec le plus d&rsquo;acuit\u00e9 le contraste violence vitale\/l\u00e9tale. Celui-ci traduit le conflit pulsionnel libido-des-trudo que le travail psychique m\u00e9tabolise par ses choix, les formes et les r\u00e9cits qu&rsquo;il cr\u00e9e ou contemple comme autant d&rsquo;\u00e9crins de beaut\u00e9 et d&rsquo;\u00e9crans de projection des cris du vivant pulsatile, non r\u00e9ductibles \u00e0 l&rsquo;agressivit\u00e9 ni \u00e0 la cruaut\u00e9. Des cris de la naissance \u00e0 ceux du deuil traumatisant, le rouge des \u00ab saignatures \u00bb ou du feu s&rsquo;imposent en d\u00e9florant la jouissance blanche irradiante ou en poignant la terreur du noir n\u00e9antisant. Ce choc couleur g\u00e9n\u00e9rateur comme le cri devenant voix et parole, associ\u00e9 avec d&rsquo;autres d\u00e9terminants d&rsquo;interpr\u00e9tation (chromesth\u00e9siques, kinesth\u00e9siques, formels et s\u00e9mantiques) se r\u00e9v\u00e9lera esth\u00e9tiquement et cliniquement f\u00e9cond, notamment avec la cr\u00e9ation par Rorschach de son test projectif \u00e9ponyme. Au cours du xxc si\u00e8cle le plus meurtrier de l&rsquo;histoire, la violence s&rsquo;attaqua aussi dans le monde artistique et des id\u00e9es au primat de la Repr\u00e9sentation. Les d\u00e9figurations, les r\u00e9volutions, les conflagrations firent d\u00e9border l&rsquo;<em>hubris <\/em>rouge des folies subjectives et soci\u00e9tales sur les toiles du fauvisme, du cubisme, des expressionnismes, des n\u00e9o-figurations. Picasso, Munch, Schiele, Nicolas de Sta\u00ebl, Bacon, Cueco, Rothko, Newman comme nombre d&rsquo;auteurs dits singuliers nous font t\u00e9moins du sujet en panne de sublimation et de transcendance poussant un cri d&rsquo;appel d\u00e9chirant : pourquoi m&rsquo;as-tu abandonn\u00e9? (Eli, Eli lama sabachthani ? Matthieu, 27 :46)<\/p>\n\n\n\n<p><strong><em>Pour lire le texte complet <a href=\"\/index.php\/options-dinscription\/\"><mark style=\"background-color:rgba(0, 0, 0, 0)\" class=\"has-inline-color has-vivid-cyan-blue-color\">s&rsquo;inscrire<\/mark><\/a> ou <a href=\"\/index.php\/my-account\/edit-account\/\"><mark style=\"background-color:rgba(0, 0, 0, 0)\" class=\"has-inline-color has-vivid-cyan-blue-color\">se connecter<\/mark><\/a><\/em><\/strong><\/p>\n\n\n\n\n\n<div style=\"height:100px\" aria-hidden=\"true\" class=\"wp-block-spacer\"><\/div>\n\n\n\n<div class=\"wp-block-buttons is-content-justification-center is-layout-flex wp-container-core-buttons-is-layout-a89b3969 wp-block-buttons-is-layout-flex\">\n<div class=\"wp-block-button has-custom-font-size is-style-fill has-small-font-size\"><a class=\"wp-block-button__link has-vivid-red-background-color has-background wp-element-button\" href=\"\/index.php\/2019\/11\/03\/violences\/\">&lt;&#8211;retour<\/a><\/div>\n<\/div>\n<\/div>\n\n\n\n<div class=\"wp-block-column is-layout-flow wp-block-column-is-layout-flow\" style=\"flex-basis:33.33%\">\n<figure class=\"wp-block-table\"><table class=\"has-background\" style=\"background-color:#f8f2f2\"><thead><tr><th><mark class=\"has-inline-color has-vivid-red-color\" style=\"background-color: rgba(0, 0, 0, 0);\"><strong>Auteur<\/strong><\/mark><\/th><\/tr><\/thead><tbody><tr><td><p><strong><strong>Jean-Pierre Martineau<\/strong><\/strong><\/p><\/td><\/tr><\/tbody><\/table><\/figure>\n\n\n\n<figure class=\"wp-block-table\"><table><thead><tr><th><mark class=\"has-inline-color has-vivid-red-color\" style=\"background-color: rgba(0, 0, 0, 0);\"><strong>R\u00e9f\u00e9rence<\/strong><\/mark><\/th><\/tr><\/thead><tbody><tr><td><strong>RA014-02<\/strong><br><strong>Violences<\/strong><br>Journ\u00e9es d\u2019Automne 2019<\/td><\/tr><\/tbody><\/table><\/figure>\n\n\n\n<figure class=\"wp-block-table\"><table><thead><tr><th><mark class=\"has-inline-color has-vivid-red-color\" style=\"background-color: rgba(0, 0, 0, 0);\"><strong>Cat\u00e9gories<\/strong><\/mark><\/th><\/tr><\/thead><tbody><tr><td>Psychologie<br>Peinture<\/td><\/tr><\/tbody><\/table><\/figure>\n<\/div>\n<\/div>\n","protected":false},"excerpt":{"rendered":"<p>Le rouge criant au noir et au blanc est le marqueur originaire de la peinture exprimant avec le plus d&rsquo;acuit\u00e9 le contraste violence vitale\/l\u00e9tale. Celui-ci traduit le conflit pulsionnel libido-des-trudo que le travail psychique m\u00e9tabolise par ses choix, les formes et les r\u00e9cits qu&rsquo;il cr\u00e9e ou contemple comme autant d&rsquo;\u00e9crins&hellip;<\/p>\n","protected":false},"author":2,"featured_media":0,"comment_status":"closed","ping_status":"open","sticky":false,"template":"","format":"standard","meta":{"pmpro_default_level":"","ngg_post_thumbnail":0,"footnotes":""},"categories":[41],"tags":[484,498,43,38],"class_list":["post-987","post","type-post","status-publish","format-standard","hentry","category-martineau-jean-pierre","tag-peinture","tag-psychologie","tag-ra014-02","tag-violences","pmpro-has-access"],"_links":{"self":[{"href":"https:\/\/bibliotheque-sfpe-at.com\/index.php\/wp-json\/wp\/v2\/posts\/987","targetHints":{"allow":["GET"]}}],"collection":[{"href":"https:\/\/bibliotheque-sfpe-at.com\/index.php\/wp-json\/wp\/v2\/posts"}],"about":[{"href":"https:\/\/bibliotheque-sfpe-at.com\/index.php\/wp-json\/wp\/v2\/types\/post"}],"author":[{"embeddable":true,"href":"https:\/\/bibliotheque-sfpe-at.com\/index.php\/wp-json\/wp\/v2\/users\/2"}],"replies":[{"embeddable":true,"href":"https:\/\/bibliotheque-sfpe-at.com\/index.php\/wp-json\/wp\/v2\/comments?post=987"}],"version-history":[{"count":6,"href":"https:\/\/bibliotheque-sfpe-at.com\/index.php\/wp-json\/wp\/v2\/posts\/987\/revisions"}],"predecessor-version":[{"id":3972,"href":"https:\/\/bibliotheque-sfpe-at.com\/index.php\/wp-json\/wp\/v2\/posts\/987\/revisions\/3972"}],"wp:attachment":[{"href":"https:\/\/bibliotheque-sfpe-at.com\/index.php\/wp-json\/wp\/v2\/media?parent=987"}],"wp:term":[{"taxonomy":"category","embeddable":true,"href":"https:\/\/bibliotheque-sfpe-at.com\/index.php\/wp-json\/wp\/v2\/categories?post=987"},{"taxonomy":"post_tag","embeddable":true,"href":"https:\/\/bibliotheque-sfpe-at.com\/index.php\/wp-json\/wp\/v2\/tags?post=987"}],"curies":[{"name":"wp","href":"https:\/\/api.w.org\/{rel}","templated":true}]}}