{"id":995,"date":"2019-05-14T21:52:54","date_gmt":"2019-05-14T19:52:54","guid":{"rendered":"https:\/\/sfpe-at.com\/?p=995"},"modified":"2025-03-09T14:24:24","modified_gmt":"2025-03-09T13:24:24","slug":"le-double-crime-des-soeurs-papin-de-la-violence-a-loeuvre","status":"publish","type":"post","link":"https:\/\/bibliotheque-sfpe-at.com\/index.php\/2019\/05\/14\/le-double-crime-des-soeurs-papin-de-la-violence-a-loeuvre\/","title":{"rendered":"Le double crime des s\u0153urs Papin : de la violence \u00e0 l\u2019\u0153uvre"},"content":{"rendered":"\n<div class=\"wp-block-columns is-layout-flex wp-container-core-columns-is-layout-28f84493 wp-block-columns-is-layout-flex\">\n<div class=\"wp-block-column is-layout-flow wp-block-column-is-layout-flow\" style=\"flex-basis:66.66%\"><\/div>\n\n\n\n<div class=\"wp-block-column is-layout-flow wp-block-column-is-layout-flow\" style=\"flex-basis:33.33%\"><\/div>\n<\/div>\n\n\n\n<div class=\"wp-block-columns is-layout-flex wp-container-core-columns-is-layout-28f84493 wp-block-columns-is-layout-flex\">\n<div class=\"wp-block-column is-layout-flow wp-block-column-is-layout-flow\" style=\"flex-basis:66.66%\">\n<p>Au Mans, au d\u00e9but du 19\u00e8me si\u00e8cle, un crime surgit qui d\u00e9borde par sa violence le cadre d&rsquo;un fait divers pour devenir un \u00e9v\u00e9nement national &#8211; et le fait divers tragique se retrouve<\/p>\n\n\n\n<p>\u00e9lev\u00e9 \u00e0 la dignit\u00e9 d&rsquo;une trag\u00e9die qui a fait couler beaucoup d&rsquo;encre, d&rsquo;interpr\u00e9tations et de livres.<\/p>\n\n\n\n<p>Le double crime des s\u0153urs Papin est un remarquable cas cli nique qui nous permet de saisir le lien intime entre la violence et le vivant: l&rsquo;avortement du vivant ou sa naissance dans un corps ou dans une \u0153uvre.<\/p>\n\n\n\n<p>La violence, voil\u00e0 du r\u00e9el qui, dans son surgissement, s&rsquo;impatiente de na\u00eetre et de faire na\u00eetre une r\u00e9alit\u00e9.<\/p>\n\n\n\n<p>Ce dont il s&rsquo;agit dans une civilisation, ce n&rsquo;est pas d&rsquo;\u00e9radiquer la violence, ce c\u0153ur battant du vivant, mais de la m\u00e9tamorphoser en \u0153uvre de r\u00e9alit\u00e9. Une civilisation verse dans la barbarie le jour o\u00f9 elle c\u00e8de la violence, figure d&rsquo;alt\u00e9rit\u00e9 par excellence, \u00e0 un ordre sans l&rsquo;autre, un ordre souvent \u00e9tabli au nom du bien, ce qu&rsquo;on appelle totalitarisme.<\/p>\n\n\n\n<p>Tel est le sens de ce travail.<\/p>\n\n\n\n<p><strong><em>Pour lire le texte complet <a href=\"\/index.php\/options-dinscription\/\"><mark style=\"background-color:rgba(0, 0, 0, 0)\" class=\"has-inline-color has-vivid-cyan-blue-color\">s&rsquo;inscrire<\/mark><\/a> ou <a href=\"\/index.php\/my-account\/edit-account\/\"><mark style=\"background-color:rgba(0, 0, 0, 0)\" class=\"has-inline-color has-vivid-cyan-blue-color\">se connecter<\/mark><\/a><\/em><\/strong><\/p>\n\n\n\n\n\n<div style=\"height:100px\" aria-hidden=\"true\" class=\"wp-block-spacer\"><\/div>\n\n\n\n<div class=\"wp-block-buttons is-content-justification-center is-layout-flex wp-container-core-buttons-is-layout-a89b3969 wp-block-buttons-is-layout-flex\">\n<div class=\"wp-block-button has-custom-font-size is-style-fill has-small-font-size\"><a class=\"wp-block-button__link has-vivid-red-background-color has-background wp-element-button\" href=\"https:\/\/bibliotheque-sfpe-at.com\/index.php\/2019\/11\/03\/violences\/\">&lt;&#8211;retour<\/a><\/div>\n<\/div>\n<\/div>\n\n\n\n<div class=\"wp-block-column is-layout-flow wp-block-column-is-layout-flow\" style=\"flex-basis:33.33%\">\n<figure class=\"wp-block-table\"><table class=\"has-background\" style=\"background-color:#f8f2f2\"><thead><tr><th><mark class=\"has-inline-color has-vivid-red-color\" style=\"background-color: rgba(0, 0, 0, 0);\"><strong>Auteur<\/strong><\/mark><\/th><\/tr><\/thead><tbody><tr><td><p><strong><strong>Youssef Mourtada<\/strong><\/strong><\/p><\/td><\/tr><\/tbody><\/table><\/figure>\n\n\n\n<figure class=\"wp-block-table\"><table><thead><tr><th><mark class=\"has-inline-color has-vivid-red-color\" style=\"background-color: rgba(0, 0, 0, 0);\"><strong>R\u00e9f\u00e9rence<\/strong><\/mark><\/th><\/tr><\/thead><tbody><tr><td><strong>RA014-04<\/strong><br><strong>Violences<\/strong><br>Journ\u00e9es d\u2019Automne 2019<\/td><\/tr><\/tbody><\/table><\/figure>\n\n\n\n<figure class=\"wp-block-table\"><table><thead><tr><th><mark class=\"has-inline-color has-vivid-red-color\" style=\"background-color: rgba(0, 0, 0, 0);\"><strong>Cat\u00e9gories<\/strong><\/mark><\/th><\/tr><\/thead><tbody><tr><td>Psychanalyse<br>Cas clinique<\/td><\/tr><\/tbody><\/table><\/figure>\n<\/div>\n<\/div>\n","protected":false},"excerpt":{"rendered":"<p>Au Mans, au d\u00e9but du 19\u00e8me si\u00e8cle, un crime surgit qui d\u00e9borde par sa violence le cadre d&rsquo;un fait divers pour devenir un \u00e9v\u00e9nement national &#8211; et le fait divers tragique se retrouve \u00e9lev\u00e9 \u00e0 la dignit\u00e9 d&rsquo;une trag\u00e9die qui a fait couler beaucoup d&rsquo;encre, d&rsquo;interpr\u00e9tations et de livres. Le&hellip;<\/p>\n","protected":false},"author":2,"featured_media":0,"comment_status":"closed","ping_status":"open","sticky":false,"template":"","format":"standard","meta":{"pmpro_default_level":"","ngg_post_thumbnail":0,"footnotes":""},"categories":[46],"tags":[493,494,45,38],"class_list":["post-995","post","type-post","status-publish","format-standard","hentry","category-mourtada-youssef","tag-cas-clinique","tag-psychanalyse","tag-ra014-04","tag-violences","pmpro-has-access"],"_links":{"self":[{"href":"https:\/\/bibliotheque-sfpe-at.com\/index.php\/wp-json\/wp\/v2\/posts\/995","targetHints":{"allow":["GET"]}}],"collection":[{"href":"https:\/\/bibliotheque-sfpe-at.com\/index.php\/wp-json\/wp\/v2\/posts"}],"about":[{"href":"https:\/\/bibliotheque-sfpe-at.com\/index.php\/wp-json\/wp\/v2\/types\/post"}],"author":[{"embeddable":true,"href":"https:\/\/bibliotheque-sfpe-at.com\/index.php\/wp-json\/wp\/v2\/users\/2"}],"replies":[{"embeddable":true,"href":"https:\/\/bibliotheque-sfpe-at.com\/index.php\/wp-json\/wp\/v2\/comments?post=995"}],"version-history":[{"count":3,"href":"https:\/\/bibliotheque-sfpe-at.com\/index.php\/wp-json\/wp\/v2\/posts\/995\/revisions"}],"predecessor-version":[{"id":3974,"href":"https:\/\/bibliotheque-sfpe-at.com\/index.php\/wp-json\/wp\/v2\/posts\/995\/revisions\/3974"}],"wp:attachment":[{"href":"https:\/\/bibliotheque-sfpe-at.com\/index.php\/wp-json\/wp\/v2\/media?parent=995"}],"wp:term":[{"taxonomy":"category","embeddable":true,"href":"https:\/\/bibliotheque-sfpe-at.com\/index.php\/wp-json\/wp\/v2\/categories?post=995"},{"taxonomy":"post_tag","embeddable":true,"href":"https:\/\/bibliotheque-sfpe-at.com\/index.php\/wp-json\/wp\/v2\/tags?post=995"}],"curies":[{"name":"wp","href":"https:\/\/api.w.org\/{rel}","templated":true}]}}